{"id":259763,"date":"2025-11-28T05:34:12","date_gmt":"2025-11-28T05:34:12","guid":{"rendered":"https:\/\/www.europesays.com\/es\/259763\/"},"modified":"2025-11-28T05:34:12","modified_gmt":"2025-11-28T05:34:12","slug":"que-implica-que-el-congreso-haya-rechazado-la-senda-de-estabilidad-del-gobierno","status":"publish","type":"post","link":"https:\/\/www.europesays.com\/es\/259763\/","title":{"rendered":"Qu\u00e9 implica que el Congreso haya rechazado la senda de estabilidad del Gobierno"},"content":{"rendered":"<p>El Congreso ha rechazado este jueves la senda de estabilidad presupuestaria prevista para el periodo 2026-2028 de cara a los Presupuestos Generales del Estado (PGE) de 2026 presentada por el Gobierno.\u00a0<\/p>\n<ul class=\"wp-block-list\">\n<li>Con 178 <a href=\"https:\/\/www.congreso.es\/webpublica\/opendata\/votaciones\/Leg15\/Sesion151\/20251127\/Votacion018\/VOT_20251127124050.pdf\" rel=\"nofollow noopener\" target=\"_blank\">votos<\/a> en contra de PP, Vox, Junts y UPN, frente a 164 a favor del PSOE, Sumar, ERC, Bildu, PNV, BNG y Coalici\u00f3n Canaria y cinco abstenciones de Podemos y de Comprom\u00eds, la iniciativa no ha salido adelante.\u00a0<\/li>\n<li>La votaci\u00f3n se ha dado sin la presencia de \u00c1balos, que estaba citado ante el Supremo que debe decidir si entra <a href=\"https:\/\/www.newtral.es\/prision-diputados-congreso\/20251016\/\" rel=\"nofollow noopener\" target=\"_blank\">en prisi\u00f3n<\/a> tras la solicitud de la fiscal\u00eda anticorrupci\u00f3n.\u00a0<\/li>\n<\/ul>\n<p><strong>Contexto. <\/strong>El Ministerio de Hacienda llev\u00f3 al Consejo de Ministros <a href=\"https:\/\/www.newtral.es\/senda-deficit-pge\/20251118\/\" rel=\"nofollow noopener\" target=\"_blank\">esta propuesta<\/a> de senda de d\u00e9ficit el pasado martes 18 de noviembre.\u00a0<\/p>\n<p><strong>Las cifras.<\/strong> La propuesta del Consejo de Ministros de la semana pasada planteaba un 2,1% de previsi\u00f3n de d\u00e9ficit para 2026, un 1,8% para 2027 y un 1,6% para 2028. Esta iniciativa daba a las comunidades aut\u00f3nomas un margen de 5.485 millones de euros, unas cuentas que en su presentaci\u00f3n la vicepresidenta del Gobierno y Ministra de Hacienda, Mar\u00eda Jes\u00fas Montero, calific\u00f3 como \u201cexpansivas y responsables\u201d.<\/p>\n<p><strong>\u00bfY ahora qu\u00e9?<\/strong> Al Gobierno le corresponde ahora volver a presentar una nueva senda y, en caso de que esta segunda alternativa no se apruebe, puede decidir mantener la anterior aprobada.\u00a0<\/p>\n<p>El rechazo no significa que no vaya a haber presupuestos, ha explicado Montero durante su intervenci\u00f3n en el Congreso que el Gobierno volver\u00e1 a llevar la senda al hemiciclo.\u00a0<\/p>\n<ul class=\"wp-block-list\">\n<li>Si se volviera a rechazar se usar\u00edan las metas del plan fiscal estructural, unas cuentas que suponen el mismo d\u00e9ficit global pero que dejan un margen de ingresos menor para las comunidades aut\u00f3nomas.<\/li>\n<\/ul>\n","protected":false},"excerpt":{"rendered":"El Congreso ha rechazado este jueves la senda de estabilidad presupuestaria prevista para el periodo 2026-2028 de cara&hellip;\n","protected":false},"author":2,"featured_media":259764,"comment_status":"","ping_status":"","sticky":false,"template":"","format":"standard","meta":{"footnotes":""},"categories":[8],"tags":[17,18,14892,25,24,13,14,582,11,19,20,9,10,15,16,65000,23,12,21,22],"class_list":{"0":"post-259763","1":"post","2":"type-post","3":"status-publish","4":"format-standard","5":"has-post-thumbnail","7":"category-espana","8":"tag-breaking-news","9":"tag-breakingnews","10":"tag-congreso-de-los-diputados","11":"tag-es","12":"tag-espana","13":"tag-featured-news","14":"tag-featurednews","15":"tag-gobierno","16":"tag-headlines","17":"tag-latest-news","18":"tag-latestnews","19":"tag-news","20":"tag-noticias","21":"tag-noticias-destacadas","22":"tag-noticiasdestacadas","23":"tag-presupuestos-generales-del-estado","24":"tag-spain","25":"tag-titulares","26":"tag-ultimas-noticias","27":"tag-ultimasnoticias"},"share_on_mastodon":{"url":"https:\/\/pubeurope.com\/@es\/115625700012830796","error":""},"_links":{"self":[{"href":"https:\/\/www.europesays.com\/es\/wp-json\/wp\/v2\/posts\/259763","targetHints":{"allow":["GET"]}}],"collection":[{"href":"https:\/\/www.europesays.com\/es\/wp-json\/wp\/v2\/posts"}],"about":[{"href":"https:\/\/www.europesays.com\/es\/wp-json\/wp\/v2\/types\/post"}],"author":[{"embeddable":true,"href":"https:\/\/www.europesays.com\/es\/wp-json\/wp\/v2\/users\/2"}],"replies":[{"embeddable":true,"href":"https:\/\/www.europesays.com\/es\/wp-json\/wp\/v2\/comments?post=259763"}],"version-history":[{"count":0,"href":"https:\/\/www.europesays.com\/es\/wp-json\/wp\/v2\/posts\/259763\/revisions"}],"wp:featuredmedia":[{"embeddable":true,"href":"https:\/\/www.europesays.com\/es\/wp-json\/wp\/v2\/media\/259764"}],"wp:attachment":[{"href":"https:\/\/www.europesays.com\/es\/wp-json\/wp\/v2\/media?parent=259763"}],"wp:term":[{"taxonomy":"category","embeddable":true,"href":"https:\/\/www.europesays.com\/es\/wp-json\/wp\/v2\/categories?post=259763"},{"taxonomy":"post_tag","embeddable":true,"href":"https:\/\/www.europesays.com\/es\/wp-json\/wp\/v2\/tags?post=259763"}],"curies":[{"name":"wp","href":"https:\/\/api.w.org\/{rel}","templated":true}]}}