{"id":259789,"date":"2025-11-28T05:58:10","date_gmt":"2025-11-28T05:58:10","guid":{"rendered":"https:\/\/www.europesays.com\/es\/259789\/"},"modified":"2025-11-28T05:58:10","modified_gmt":"2025-11-28T05:58:10","slug":"caso-abalos-riesgo-de-fuga-extremo-y-posible-dinero-escondido-los-argumentos-del-juez-puente-para-enviar-a-abalos-a-la-carcel-espana","status":"publish","type":"post","link":"https:\/\/www.europesays.com\/es\/259789\/","title":{"rendered":"Caso \u00c1balos: Riesgo de fuga \u201cextremo\u201d y posible dinero escondido: los argumentos del juez Puente para enviar a \u00c1balos a la c\u00e1rcel | Espa\u00f1a"},"content":{"rendered":"<p class=\"\">El juez del Tribunal Supremo Leopoldo Puente ha argumentado en dos escritos de 14 y 13 p\u00e1ginas, respectivamente, por qu\u00e9 deben <a href=\"https:\/\/elpais.com\/espana\/2025-11-27\/el-juez-envia-a-abalos-y-a-koldo-garcia-prision-preventiva.html\" target=\"_self\" rel=\"nofollow noopener\" title=\"https:\/\/elpais.com\/espana\/2025-11-27\/el-juez-envia-a-abalos-y-a-koldo-garcia-prision-preventiva.html\">ir a prisi\u00f3n provisional este jueves el exministro de Transportes Jos\u00e9 Luis \u00c1balos y el que fuera su asesor Koldo Garc\u00eda<\/a>, despu\u00e9s de que haya finalizado la instrucci\u00f3n por presunta corrupci\u00f3n en la compra de mascarillas durante la pandemia. La principal diferencia con el tercer acusado de esta investigaci\u00f3n, el empresario V\u00edctor de Aldama que contin\u00faa en libertad provisional, es la elevada petici\u00f3n de penas de c\u00e1rcel para los dos anteriores de cara al juicio. <a href=\"https:\/\/elpais.com\/espana\/2025-11-27\/abalos-entra-en-prision-que-pasa-ahora-con-su-escano-varian-las-mayorias-en-el-congreso-las-claves-del-caso.html\" target=\"_self\" rel=\"nofollow noopener\" title=\"https:\/\/elpais.com\/espana\/2025-11-27\/abalos-entra-en-prision-que-pasa-ahora-con-su-escano-varian-las-mayorias-en-el-congreso-las-claves-del-caso.html\">La Fiscal\u00eda Anticorrupci\u00f3n solicita 24 a\u00f1os de prisi\u00f3n para \u00c1balos y 19 a\u00f1os y medio para Garc\u00eda<\/a>, lo que, a juicio del fiscal jefe Alejandro Luz\u00f3n, eleva el riesgo de fuga. Para Aldama solo ha pedido siete a\u00f1os, pues considera que ha colaborado con la justicia. <\/p>\n<p class=\"\"><b>Riesgo de fuga \u201cextremo\u201d. <\/b>El magistrado se alinea con la Fiscal\u00eda y la acusaci\u00f3n popular, que tambi\u00e9n ha pedido que ambos ingresen en prisi\u00f3n, y entiende que el posible riesgo de que los acusados puedan sustraerse de la acci\u00f3n de la justicia \u201cresulta, en este momento, extremo\u201d. Considera que hay \u201cnumerosos indicios racionales de criminalidad\u201d y lo apuntala, precisamente, en los graves delitos por los que est\u00e1n acusados, unidos al previsiblemente \u201cmuy pr\u00f3ximo enjuiciamiento\u201d. <\/p>\n<p class=\"\">Hasta ahora ambos ten\u00edan impuesta la prohibici\u00f3n de salida de Espa\u00f1a, la retirada de pasaporte y las comparecencias quincenales en el juzgado como medidas cautelares. <a href=\"https:\/\/elpais.com\/espana\/2025-11-12\/abalos-y-koldo-recurren-su-procesamiento-en-el-supremo-por-las-mascarillas.html\" target=\"_self\" rel=\"nofollow noopener\" title=\"https:\/\/elpais.com\/espana\/2025-11-12\/abalos-y-koldo-recurren-su-procesamiento-en-el-supremo-por-las-mascarillas.html\">Pero la situaci\u00f3n ha cambiado despu\u00e9s de que el pasado 15 de octubre ambos fueran procesados<\/a>. \u201cEsos motivos o indicios bastante racionales de criminalidad aparecen ahora cristalizados en una resoluci\u00f3n judicial que pone fin a la fase de instrucci\u00f3n del procedimiento\u201d, anuncia el juez. Y, por eso, por tener en el horizonte el juicio, la tentaci\u00f3n de huir de ambos puede haber incrementado, a criterio del instructor. <\/p>\n<p class=\"\"><b>Sentencia no recurrible. <\/b>Otro argumento que utiliza para apuntalar la prisi\u00f3n provisional es que si Jos\u00e9 Luis \u00c1balos y Koldo Garc\u00eda finalmente son condenados en el Supremo, la sentencia no es recurrible. \u201cNo resultar\u00eda susceptible de recurso ordinario o extraordinario alguno ante la jurisdicci\u00f3n ordinaria\u201d, recuerda Puente. Eso supondr\u00eda la inmediata entrada en prisi\u00f3n de ambos. <a href=\"https:\/\/elpais.com\/espana\/2025-11-22\/la-cara-b-de-los-aforamientos-ante-el-supremo-el-fiscal-general-no-tiene-derecho-a-la-segunda-instancia.html\" target=\"_self\" rel=\"nofollow noopener\" title=\"https:\/\/elpais.com\/espana\/2025-11-22\/la-cara-b-de-los-aforamientos-ante-el-supremo-el-fiscal-general-no-tiene-derecho-a-la-segunda-instancia.html\">El hecho de que \u00c1balos sea aforado arrastra toda la causa a un juicio en el alto tribunal<\/a>, que juzga solo a los aforados y cuyas sentencias son firmes desde el momento en que se dictan. <\/p>\n<p class=\"\">Adem\u00e1s, a\u00f1ade el juez, ambos investigados est\u00e1n imputados tambi\u00e9n en el caso Cerd\u00e1n por posible ama\u00f1o de obras p\u00fablicas, por lo que se pueden acabar enfrentando a todav\u00eda m\u00e1s a\u00f1os de c\u00e1rcel de los que ahora tienen sobre la mesa en el escrito de acusaci\u00f3n de la Fiscal\u00eda. <\/p>\n<p class=\"\"><b>No vale con su salario del Congreso.<\/b> \u00c1balos ha tratado de sostener en la vista de este jueves que el salario que percibe en el Congreso de los Diputados es \u201csu actual medio de vida\u201d y que <a href=\"https:\/\/elpais.com\/espana\/2025-11-27\/abalos-se-arriesga-a-perder-100000-euros-de-la-indemnizacion-del-congreso-si-ingresa-en-prision.html\" target=\"_self\" rel=\"nofollow noopener\" title=\"https:\/\/elpais.com\/espana\/2025-11-27\/abalos-se-arriesga-a-perder-100000-euros-de-la-indemnizacion-del-congreso-si-ingresa-en-prision.html\">al acordarse la prisi\u00f3n provisional podr\u00eda perder el derecho a seguir percibiendo dicha cantidad<\/a>. El juez contesta que, igualmente, si el juicio se celebra en unos meses y se confirma la acusaci\u00f3n que en la actualidad pesa sobre \u00e9l, iba a perder la condici\u00f3n de diputado en ese momento, as\u00ed que percibir un salario en estas condiciones no supone arraigo suficiente en Espa\u00f1a. \u201cMal puede entenderse en esas circunstancias que la percepci\u00f3n de dicho salario le vincule de particular manera estable a nuestro pa\u00eds\u201d, indica. <\/p>\n<p class=\"\"><b>Ni hijos ni familia.<\/b> Al instructor tampoco le convence la situaci\u00f3n personal de ninguno de los dos como motivo para paliar el riesgo de evasi\u00f3n de la justicia. \u00c1balos est\u00e1 divorciado y disfruta de un derecho de visitas con relaci\u00f3n a su hijo menor, lo cual, dice el juez, \u201cno es tampoco circunstancia personal que, en s\u00ed misma, disipe el intenso riesgo de fuga\u201d. Koldo Garc\u00eda, por su parte, ha expuesto que tiene una hija de cinco a\u00f1os de edad, est\u00e1 casado, tiene hermanos y una madre a la que atiende. \u201cEl hecho cierto, sin embargo, es que, si dicho riesgo [de fuga] extremo se concretara, cualquiera de dichos familiares podr\u00eda, si ese fuera su deseo, desplazarse a su encuentro, teniendo en cuenta el horizonte penal en este momento\u201d, refleja. <\/p>\n<p class=\"\"><b>Dinero en el extranjero. <\/b>La resoluci\u00f3n a\u00f1ade la hip\u00f3tesis de que \u00c1balos pueda contar con dinero, contactos o bienes en el extranjero. En primer lugar, por el cargo que ostent\u00f3 en el Gobierno como ministro de Fomento y de Transportes desde 2018 a 2021. Eso, para Puente, supone un \u201cconocimiento general\u201d de contactos internacionales \u201cen el \u00e1mbito de desarrollo de su funci\u00f3n p\u00fablica\u201d. En segundo lugar, porque tiene a su nombre un inmueble en Per\u00fa al ser socio fundador de la fundaci\u00f3n Fiadelso, como ha salido a relucir a lo largo de la instrucci\u00f3n. En tercer lugar, <a href=\"https:\/\/elpais.com\/espana\/2025-06-12\/koldo-implica-tambien-a-un-hijo-de-abalos-tiene-que-tener-dinero-tuyo-por-cojones.html\" target=\"_self\" rel=\"nofollow noopener\" title=\"https:\/\/elpais.com\/espana\/2025-06-12\/koldo-implica-tambien-a-un-hijo-de-abalos-tiene-que-tener-dinero-tuyo-por-cojones.html\">porque percibi\u00f3 ingresos peri\u00f3dicos de su hijo V\u00edctor \u00c1balos \u201cobtenidos al parecer en el extranjero\u201d, con independencia, remacha el juez, de que \u201cse tratara o no de un pr\u00e9stamo\u201d<\/a>. <\/p>\n<p class=\"\">Y, por \u00faltimo, el magistrado sospecha que \u00c1balos pudo \u201crecibir y manejar importantes cantidades de dinero en met\u00e1lico\u201d durante varios a\u00f1os. Tal es as\u00ed que en el informe patrimonial que realiz\u00f3 la Unidad Central Operativa (UCO) de la Guardia Civil se evidenci\u00f3 que pas\u00f3 meses durante su etapa en el Ejecutivo sin sacar dinero del cajero y haciendo, en cambio, ingresos en sus cuentas. <\/p>\n<p class=\"\"><b>La \u201cdeclaraci\u00f3n colaborativa\u201d.<\/b> El exministro de Transportes ha alegado durante la vista que si hubiera querido huir lo hubiera hecho en estos siete d\u00edas que ten\u00eda de margen desde que se acord\u00f3 la cita de este jueves pedida por Anticorrupci\u00f3n. Entend\u00eda que la petici\u00f3n de las acusaciones de su privaci\u00f3n de libertad correspond\u00eda, \u00fanicamente, al impulso de una \u201cdeclaraci\u00f3n colaborativa\u201d, es decir, que la prisi\u00f3n tuviera el efecto que tuvo con Aldama, que tras unas semanas en el centro penitenciario de Soto del Real termin\u00f3 pidiendo una declaraci\u00f3n voluntaria para confesar una serie de delitos. <\/p>\n<p class=\"\">A juicio del instructor, nada de esto tiene solidez. Si \u00c1balos fue convocado de una semana para otra fue, precisamente, para que pudiera articular su derecho a la defensa. Las medidas cautelares que se le han ido imponiendo hasta ahora siempre se han realizado \u201cen t\u00e9rminos de proporcionalidad\u201d, pero la \u201cinminente\u201d celebraci\u00f3n del juicio cambia el escenario. <\/p>\n<p class=\"\"><b>Derecho parlamentario. <\/b>El actual diputado del Grupo Mixto se\u00f1alaba que se puede ver vulnerado su derecho fundamental a la participaci\u00f3n pol\u00edtica, pero el magistrado explica que es \u201cevidente\u201d que la decisi\u00f3n que ha adoptado \u201cno cercena o menoscaba\u201d su derecho a ser representante en el Congreso de los Diputados por las personas que lo eligieron para tal funci\u00f3n. En cualquier caso, el juez aclara que corresponde a la C\u00e1mara baja la aplicaci\u00f3n del Reglamento que regula este punto. <\/p>\n","protected":false},"excerpt":{"rendered":"El juez del Tribunal Supremo Leopoldo Puente ha argumentado en dos escritos de 14 y 13 p\u00e1ginas, respectivamente,&hellip;\n","protected":false},"author":2,"featured_media":259790,"comment_status":"","ping_status":"","sticky":false,"template":"","format":"standard","meta":{"footnotes":""},"categories":[8],"tags":[6543,17,18,767,25,24,13,14,4767,11,5610,2128,5611,19,20,9,10,15,16,1699,6478,23,12,4874,493,21,22],"class_list":{"0":"post-259789","1":"post","2":"type-post","3":"status-publish","4":"format-standard","5":"has-post-thumbnail","7":"category-espana","8":"tag-audiencia-nacional","9":"tag-breaking-news","10":"tag-breakingnews","11":"tag-corrupcion","12":"tag-es","13":"tag-espana","14":"tag-featured-news","15":"tag-featurednews","16":"tag-fiscalia","17":"tag-headlines","18":"tag-jose-luis-abalos","19":"tag-juicios","20":"tag-koldo-garcia","21":"tag-latest-news","22":"tag-latestnews","23":"tag-news","24":"tag-noticias","25":"tag-noticias-destacadas","26":"tag-noticiasdestacadas","27":"tag-psoe","28":"tag-sentencias","29":"tag-spain","30":"tag-titulares","31":"tag-tribunal-supremo","32":"tag-tribunales","33":"tag-ultimas-noticias","34":"tag-ultimasnoticias"},"share_on_mastodon":{"url":"https:\/\/pubeurope.com\/@es\/115625794293250171","error":""},"_links":{"self":[{"href":"https:\/\/www.europesays.com\/es\/wp-json\/wp\/v2\/posts\/259789","targetHints":{"allow":["GET"]}}],"collection":[{"href":"https:\/\/www.europesays.com\/es\/wp-json\/wp\/v2\/posts"}],"about":[{"href":"https:\/\/www.europesays.com\/es\/wp-json\/wp\/v2\/types\/post"}],"author":[{"embeddable":true,"href":"https:\/\/www.europesays.com\/es\/wp-json\/wp\/v2\/users\/2"}],"replies":[{"embeddable":true,"href":"https:\/\/www.europesays.com\/es\/wp-json\/wp\/v2\/comments?post=259789"}],"version-history":[{"count":0,"href":"https:\/\/www.europesays.com\/es\/wp-json\/wp\/v2\/posts\/259789\/revisions"}],"wp:featuredmedia":[{"embeddable":true,"href":"https:\/\/www.europesays.com\/es\/wp-json\/wp\/v2\/media\/259790"}],"wp:attachment":[{"href":"https:\/\/www.europesays.com\/es\/wp-json\/wp\/v2\/media?parent=259789"}],"wp:term":[{"taxonomy":"category","embeddable":true,"href":"https:\/\/www.europesays.com\/es\/wp-json\/wp\/v2\/categories?post=259789"},{"taxonomy":"post_tag","embeddable":true,"href":"https:\/\/www.europesays.com\/es\/wp-json\/wp\/v2\/tags?post=259789"}],"curies":[{"name":"wp","href":"https:\/\/api.w.org\/{rel}","templated":true}]}}