{"id":259791,"date":"2025-11-28T05:59:57","date_gmt":"2025-11-28T05:59:57","guid":{"rendered":"https:\/\/www.europesays.com\/es\/259791\/"},"modified":"2025-11-28T05:59:57","modified_gmt":"2025-11-28T05:59:57","slug":"madrid-busca-a-1-275-empleados-publicos-municipales-para-reforzar-la-movilidad-la-sanidad-y-la-administracion","status":"publish","type":"post","link":"https:\/\/www.europesays.com\/es\/259791\/","title":{"rendered":"Madrid busca a 1.275 empleados p\u00fablicos municipales para reforzar la movilidad, la sanidad y la administraci\u00f3n"},"content":{"rendered":"<p class=\"c-paragraph\">El <a href=\"https:\/\/www.20minutos.es\/tags\/instituciones-empresas\/ayuntamiento-de-madrid.html\" title=\"Ayuntamiento de Madrid\" rel=\"nofollow noopener\" target=\"_blank\">Ayuntamiento de Madrid<\/a> aprueba la Oferta de Empleo P\u00fablico (OEP) para 2025 con 1.275 plazas de las que 826 son de turno libre y 449 de promoci\u00f3n interna. El refuerzo de personal se dar\u00e1, sobre todo, en el cuerpo de Agentes de Movilidad, con 125 vacantes; el \u00e1mbito sanitario, con\u00a0la creaci\u00f3n de 100 plazas destinadas al organismo aut\u00f3nomo Madrid Salud; y en la administraci\u00f3n, donde buscan a 111 auxiliares administrativos. <a href=\"https:\/\/www.20minutos.es\/madrid\/madrid-lanza-mayor-oferta-empleo-publico-una-decada-1-106-plazas-policia-municipal-bomberos-samur-pc_6900474_0.html\" rel=\"nofollow noopener\" target=\"_blank\">Junto a la convocatoria para reforzar los servicios de Seguridad y Emergencias de la ciudad<\/a>, el total de plazas asciende a 2.381, siendo \u00abla oferta m\u00e1s alta de la serie hist\u00f3rica\u00bb, seg\u00fan ha resaltado la vicealcaldesa de Madrid y portavoz municipal, <a href=\"https:\/\/www.20minutos.es\/tags\/personas\/inmaculada-sanz.html\" title=\"Inmaculada Sanz\" rel=\"nofollow noopener\" target=\"_blank\">Inma Sanz<\/a>.\u00a0<\/p>\n<p class=\"c-paragraph\">En concreto, \u00abpara mejorar las capacidades administrativas del Consistorio\u00bb, esta OEP refuerza las categor\u00edas transversales.\u00a0Para ello, destina <b>220 plazas a fortalecer la capacidad de prestaci\u00f3n de los servicios en todos los \u00e1mbitos municipales<\/b>, reservando 111 plazas a auxiliares administrativos, 25 a t\u00e9cnicos de gesti\u00f3n, 24 a personal de servicios internos para\u00a0\u00e1mbitos educativos, 20 plazas a t\u00e9cnico de Administraci\u00f3n General de la rama econ\u00f3mica, 20 a t\u00e9cnico de Administraci\u00f3n General para la rama jur\u00eddica y otras 20 plazas a t\u00e9cnico superior de la rama social.<\/p>\n<p class=\"c-paragraph\">El personal sanitario podr\u00e1 optar a <b>un centenar de plazas en el organismo aut\u00f3nomo Madrid Salud.<\/b> Concretamente, el Gobierno municipal busca a 18 m\u00e9dicos generales y ocho facultativos de diversas especialidades,\u00a021 enfermeros, dos farmac\u00e9uticos, cuatro veterinarios y seis psic\u00f3logos sanitarios.\u00a0A ellos hay que sumar\u00a0<b>64 plazas de servicios sociales <\/b>repartidas en diversas categor\u00edas que contin\u00faan dando cobertura a las necesidades derivadas del<a href=\"https:\/\/www.20minutos.es\/noticia\/5290795\/0\/nuevo-plan-servicios-sociales-madrid-menos-burocracia-mas-personal-atencion-integral\/\" rel=\"nofollow noopener\" target=\"_blank\">\u00a0Plan Estrat\u00e9gico de Servicios Sociales 2023-2027<\/a>\u00a0y que se concretan en 14 psic\u00f3logos, 13 auxiliares de servicios sociales y diez trabajadores sociales, adem\u00e1s de enfermeros o cocineros.\u00a0El \u00e1mbito de la salud laboral cuenta en esta OEP, adem\u00e1s, con seis m\u00e9dicos del trabajo, seis enfermeros del trabajo y cinco t\u00e9cnicos superiores en prevenci\u00f3n de riesgos laborales.<\/p>\n<p class=\"c-paragraph\">Esta oferta <a href=\"https:\/\/www.20minutos.es\/noticia\/5650731\/0\/los-reguladores-del-trafico-que-tambien-son-los-primeros-en-las-emergencias-20-anos-de-los-agentes-de-movilidad\/\" rel=\"nofollow noopener\" target=\"_blank\">refuerza tambi\u00e9n el Cuerpo de Agentes de Movilidad <\/a>para <a href=\"https:\/\/www.20minutos.es\/noticia\/5660476\/0\/los-agentes-de-movilidad-recuperaran-su-plantilla-en-madrid-para-regular-el-trafico-previsto-por-las-obras\/\" rel=\"nofollow noopener\" target=\"_blank\">colaborar en las numerosas obras que hay en la ciudad\u00a0<\/a>con la incorporaci\u00f3n de 125 plazas; y <b>las instalaciones deportivas,\u00a0que recibir\u00e1n m\u00e1s de 165 plazas<\/b> de diversos perfiles profesionales en \u00abempleos de nuevo ingreso tanto laborales como de r\u00e9gimen funcionarial\u00bb, tal y como ha explicado Sanz. Se potencian asimismo los perfiles t\u00e9cnicos y tecnol\u00f3gicos con la convocatoria de\u00a027 plazas de arquitectura e ingenier\u00eda, incorporando 11 plazas para la primera disciplina, seis para Ingenier\u00eda de Caminos y diez para Ingenier\u00eda Industrial.<\/p>\n<p class=\"c-paragraph\">Por otro lado, se incluyen <b>54 plazas de los denominados perfiles TIC<\/b>, con 12 de ellas reservadas a t\u00e9cnico superior en Tecnolog\u00edas de la Informaci\u00f3n y la Comunicaci\u00f3n, cinco a t\u00e9cnico superior de Sistemas de Informaci\u00f3n Geogr\u00e1fica, 19 a t\u00e9cnico medio en Tecnolog\u00edas de la Informaci\u00f3n y la Comunicaci\u00f3n y 18 a t\u00e9cnico auxiliar en Tecnolog\u00edas de la Informaci\u00f3n y la Comunicaci\u00f3n.<\/p>\n<p>173 plazas para nuevas categor\u00edas profesionales<\/p>\n<p class=\"c-paragraph\">Con el objetivo de \u00abdar cobertura a nuevas necesidades adaptando los perfiles al sistema educativo vigente y fortalecer las oportunidades de carrera de los empleados\u00bb, la OEP de 2025 incluye 173 plazas de categor\u00edas de nueva creaci\u00f3n que no se hab\u00edan incluido en la convocatoria del a\u00f1o anterior. Se ofertan <b>64 plazas en el turno libre y 109 plazas en el turno de promoci\u00f3n interna<\/b>, repartidas en categor\u00edas como t\u00e9cnico superior de medio ambiente, t\u00e9cnico superior de consumo, t\u00e9cnico de cocina, operario polivalente o t\u00e9cnico superior GIS.<\/p>\n<p class=\"c-paragraph\">De los 826 puestos que se ofertan en el turno libre, <b><a href=\"https:\/\/www.20minutos.es\/noticia\/5670324\/0\/famma-denuncia-minuscula-oferta-taxis-adaptados-para-personas-con-discapacidad-region\/\" rel=\"nofollow noopener\" target=\"_blank\">58 se reservan para personas con discapacidad<\/a><\/b>, de los cuales 17 se dirigen a personas con discapacidad intelectual, continuando as\u00ed con la \u00abmedida absolutamente pionera de Madrid\u00bb, ha resaltado la vicealcaldesa. Las categor\u00edas que incluyen plazas de discapacidad intelectual en 2025 son las de Personal de Oficios, para labores de montaje de actos p\u00fablicos y Personal de Limpieza y Medio Ambiente para la realizaci\u00f3n de funciones de jardiner\u00eda y viveros.<\/p>\n<p class=\"c-paragraph\">En cuanto al proceso de promoci\u00f3n interna, se ofrecen 449 plazas, con especial incidencia en categor\u00edas clave como la de administrativo (100 plazas), t\u00e9cnico de gesti\u00f3n (70 plazas), operario polivalente (50 plazas) o auxiliar administrativo (30 plazas), adem\u00e1s de categor\u00edas del \u00e1mbito de las bibliotecas municipales (51 plazas).<\/p>\n","protected":false},"excerpt":{"rendered":"El Ayuntamiento de Madrid aprueba la Oferta de Empleo P\u00fablico (OEP) para 2025 con 1.275 plazas de las&hellip;\n","protected":false},"author":2,"featured_media":259792,"comment_status":"","ping_status":"","sticky":false,"template":"","format":"standard","meta":{"footnotes":""},"categories":[5],"tags":[1250,17,18,331,22717,5509,25,24,13,14,11,19,20,205,9,10,15,16,14714,1421,23,12,4479,21,22],"class_list":{"0":"post-259791","1":"post","2":"type-post","3":"status-publish","4":"format-standard","5":"has-post-thumbnail","7":"category-titulares","8":"tag-ayuntamiento","9":"tag-breaking-news","10":"tag-breakingnews","11":"tag-busca","12":"tag-empleados","13":"tag-empleo","14":"tag-es","15":"tag-espana","16":"tag-featured-news","17":"tag-featurednews","18":"tag-headlines","19":"tag-latest-news","20":"tag-latestnews","21":"tag-madrid","22":"tag-news","23":"tag-noticias","24":"tag-noticias-destacadas","25":"tag-noticiasdestacadas","26":"tag-oposiciones","27":"tag-publico","28":"tag-spain","29":"tag-titulares","30":"tag-trabajadores","31":"tag-ultimas-noticias","32":"tag-ultimasnoticias"},"share_on_mastodon":{"url":"https:\/\/pubeurope.com\/@es\/115625802046765977","error":""},"_links":{"self":[{"href":"https:\/\/www.europesays.com\/es\/wp-json\/wp\/v2\/posts\/259791","targetHints":{"allow":["GET"]}}],"collection":[{"href":"https:\/\/www.europesays.com\/es\/wp-json\/wp\/v2\/posts"}],"about":[{"href":"https:\/\/www.europesays.com\/es\/wp-json\/wp\/v2\/types\/post"}],"author":[{"embeddable":true,"href":"https:\/\/www.europesays.com\/es\/wp-json\/wp\/v2\/users\/2"}],"replies":[{"embeddable":true,"href":"https:\/\/www.europesays.com\/es\/wp-json\/wp\/v2\/comments?post=259791"}],"version-history":[{"count":0,"href":"https:\/\/www.europesays.com\/es\/wp-json\/wp\/v2\/posts\/259791\/revisions"}],"wp:featuredmedia":[{"embeddable":true,"href":"https:\/\/www.europesays.com\/es\/wp-json\/wp\/v2\/media\/259792"}],"wp:attachment":[{"href":"https:\/\/www.europesays.com\/es\/wp-json\/wp\/v2\/media?parent=259791"}],"wp:term":[{"taxonomy":"category","embeddable":true,"href":"https:\/\/www.europesays.com\/es\/wp-json\/wp\/v2\/categories?post=259791"},{"taxonomy":"post_tag","embeddable":true,"href":"https:\/\/www.europesays.com\/es\/wp-json\/wp\/v2\/tags?post=259791"}],"curies":[{"name":"wp","href":"https:\/\/api.w.org\/{rel}","templated":true}]}}