{"id":259801,"date":"2025-11-28T06:11:11","date_gmt":"2025-11-28T06:11:11","guid":{"rendered":"https:\/\/www.europesays.com\/es\/259801\/"},"modified":"2025-11-28T06:11:11","modified_gmt":"2025-11-28T06:11:11","slug":"por-la-barcelona-de-oriol-bohigas-el-arquitecto-que-puso-guapa-la-ciudad-escapadas-por-espana-el-viajero","status":"publish","type":"post","link":"https:\/\/www.europesays.com\/es\/259801\/","title":{"rendered":"Por la Barcelona de Oriol Bohigas, el arquitecto que puso guapa la ciudad | Escapadas por Espa\u00f1a | El Viajero"},"content":{"rendered":"<p class=\"\">Si hici\u00e9ramos una lista de las aportaciones del arquitecto y urbanista <a href=\"https:\/\/elpais.com\/espana\/catalunya\/2021-12-01\/oriol-bohigas-un-urbanista-intelectual.html\" target=\"_blank\" rel=\"noreferrer nofollow noopener\" title=\"https:\/\/elpais.com\/espana\/catalunya\/2021-12-01\/oriol-bohigas-un-urbanista-intelectual.html\">Oriol Bohigas<\/a> (1925-2021) a la ciudad de <a href=\"https:\/\/elpais.com\/elviajero\/guia-el-viajero\/2025\/2025-07-07\/10-barcelonas-en-10-pasajes-una-muestra-de-lo-que-ofrecen-los-distritos-de-la-capital-catalana.html\" target=\"_blank\" rel=\"noreferrer nofollow noopener\" title=\"https:\/\/elpais.com\/elviajero\/guia-el-viajero\/2025\/2025-07-07\/10-barcelonas-en-10-pasajes-una-muestra-de-lo-que-ofrecen-los-distritos-de-la-capital-catalana.html\">Barcelona, <\/a>en primer lugar deber\u00edamos citar su empe\u00f1o en reconstruir <a href=\"https:\/\/elpais.com\/ccaa\/2019\/02\/05\/catalunya\/1549394280_041476.html\" target=\"_blank\" rel=\"noreferrer nofollow noopener\" title=\"https:\/\/elpais.com\/ccaa\/2019\/02\/05\/catalunya\/1549394280_041476.html\">el pabell\u00f3n que el arquitecto Mies Van der Rohe proyect\u00f3 <\/a>para representar a Alemania en la Exposici\u00f3n Universal de 1929 y que, seis meses despu\u00e9s de su inauguraci\u00f3n, se desmont\u00f3 y desapareci\u00f3. Resulta parad\u00f3jico que, siendo uno de los edificios m\u00e1s influyentes de la arquitectura del siglo XX, fuera invisible, y as\u00ed estuvo (rodeado de mitos, olvidado en libros, idolatrado por expertos, con sus planos originales perdidos en cajones de Alemania mientras su creador viv\u00eda en Estados Unidos) hasta que un joven estudiante llamado Oriol Bohigas envi\u00f3 una carta al genio alem\u00e1n en su exilio para preguntarle qu\u00e9 le parecer\u00eda que un grupo de j\u00f3venes catalanes emprendiera la aventura de la reconstrucci\u00f3n. Mies respondi\u00f3, no sin extra\u00f1eza y con la alegr\u00eda razonable que le caracterizaba, aceptando pese a las dudas que le generaba el hecho de que en el tiempo que hab\u00eda pasado la evoluci\u00f3n de las t\u00e9cnicas y los materiales entorpeciera el proceso.<\/p>\n<p class=\"\">Sin <a href=\"https:\/\/elpais.com\/espana\/catalunya\/2021-11-30\/fallece-oriol-bohigas-el-arquitecto-de-barcelona.html\" target=\"_blank\" rel=\"noreferrer nofollow noopener\" title=\"https:\/\/elpais.com\/espana\/catalunya\/2021-11-30\/fallece-oriol-bohigas-el-arquitecto-de-barcelona.html\">Bohigas <\/a>no existir\u00eda en Barcelona una de sus obras arquitect\u00f3nicas m\u00e1s deslumbrantes, un logro que para el propio Mies, como dej\u00f3 por escrito en una carta enviada desde el Instituto de Tecnolog\u00eda de Chicago, \u201cfue un instante luminoso\u201d en su vida. En el documental Mies on scene (Filmin), el propio Bohigas lo define como un manifiesto revolucionario, una ense\u00f1anza de arquitectura de calidad. <a href=\"https:\/\/miesbcn.com\/es\/el-pabellon\/\" target=\"_blank\" rel=\"noreferrer nofollow noopener\" title=\"https:\/\/miesbcn.com\/es\/el-pabellon\/\">La reconstrucci\u00f3n <\/a>se cristaliz\u00f3 en 1984 y al mando estuvieron Bohigas, Ignasi de Sol\u00e0-Morales, Cristian Cirici y Fernando Ramos, adem\u00e1s del marmolista Jordi Marqu\u00e9s, que tuvo que ir hasta Argelia y resucitar una antigua cantera para dar con esa definitoria cortina de piedra \u00f3nice que divide en dos el interior. \u201cMe enorgullece haber participado aunque fuera como prologuista inici\u00e1tico en hacer que la Administraci\u00f3n comprendiera que para una ciudad es tan importante resolver los problemas de pobreza colectiva como sentir verg\u00fcenza de tener un edificio famoso en todo el mundo y que no se haya respetado\u201d, dijo.<\/p>\n<p>M\u00e1s informaci\u00f3n<img decoding=\"auto\" class=\"_re lazyload a_m-h\" height=\"311\"  width=\"414\"  src=\"https:\/\/imagenes.elpais.com\/resizer\/v2\/2JCY5TRFAVBHZCW3HMBMTBE6N4.jpg?auth=771abf1a4ecbadb8d2c09f35244fa230ec98d110d542186e85707ca5b4a4228c&amp;width=414\" loading=\"lazy\"\/>Interior del pabell\u00f3n de Mies Van der Rohe en Barcelona.street barcelona \/ Alamy Stock P (Street Barcelona \/ Alamy )<\/p>\n<p class=\"\">El pabell\u00f3n de Mies Van der Rohe, cuyo dise\u00f1o de interiores y mobiliario corri\u00f3 a cargo de Lilly Reich, creadora de la m\u00edtica silla Barcelona para la ocasi\u00f3n, es un edificio que se sugiere a s\u00ed mismo. Es racionalista, es minimalista, es abstracto, es una declaraci\u00f3n de principios que condensa todas las ideas de sutileza, atm\u00f3sfera, quietud y de combinaci\u00f3n de materiales cl\u00e1sicos e industriales que en a\u00f1os venideros desarrollar\u00eda Mies. Que William Curtis le dedique cuatro p\u00e1ginas de su monumental obra La arquitectura moderna desde 1900 y la considere una de las obras maestras de Mies van der Rohe es significativo.<\/p>\n<p class=\"\">Barcelona debe mucho a Bohigas, cuya herencia sigue presente en m\u00e1s de un centenar de edificios que proyect\u00f3 con sus socios y, sobre todo, en su genio como urbanista compensado y medido. Fue una figura clave en la transformaci\u00f3n de la capital catalana en la segunda mitad del siglo XX. Su trabajo, que uni\u00f3 arquitectura y pol\u00edtica, influy\u00f3 profundamente en el modelo de ciudad que conocemos hoy, ese Modelo Barcelona cuyas acciones m\u00e1s identitarias fueron la recuperaci\u00f3n del litoral, <a href=\"https:\/\/elpais.com\/espana\/catalunya\/2022-07-24\/10-herencias-urbanisticas-de-los-juegos-olimpicos-que-cambiaron-barcelona.html\" target=\"_blank\" rel=\"noreferrer nofollow noopener\" title=\"https:\/\/elpais.com\/espana\/catalunya\/2022-07-24\/10-herencias-urbanisticas-de-los-juegos-olimpicos-que-cambiaron-barcelona.html\">la construcci\u00f3n de la Villa Ol\u00edmpica, <\/a>la remodelaci\u00f3n de Ciutat Vella y la recuperaci\u00f3n de barrios degradados. Bohigas fue siempre del detalle al conjunto, practicando lo que Jaime Lerner llam\u00f3 acupuntura urbana, un modus operandi que apostaba por mejorar progresivamente: de la fachada al edificio, del edificio a la plaza, de la plaza al barrio, del barrio a la ciudad. Fue Bohigas quien impuls\u00f3 la creaci\u00f3n de una veintena de bibliotecas p\u00fablicas (ni un barrio sin biblioteca), adem\u00e1s de escuelas y centros de salud, algo que conecta con las aspiraciones del movimiento arquitect\u00f3nico higienista del <a href=\"https:\/\/elpais.com\/elviajero\/2021\/06\/10\/actualidad\/1623327275_360812.html\" target=\"_blank\" rel=\"noreferrer nofollow noopener\" title=\"https:\/\/elpais.com\/elviajero\/2021\/06\/10\/actualidad\/1623327275_360812.html\">GATCPAC <\/a>previo al franquismo. De este grupo habl\u00f3 Bohigas extensamente en su can\u00f3nico libro Modernidad en la arquitectura de la Espa\u00f1a republicana (1998).<\/p>\n<p class=\"\">Intelectual y profesor, adem\u00e1s de arquitecto y urbanista, a trav\u00e9s de su estudio MBM Arquitectes \u2014junto a Josep Martorell, David Mackay, y m\u00e1s tarde Oriol Capdevila, Francesc Gual, Albert Puigdom\u00e8nech\u2014 apost\u00f3 por una arquitectura racionalista, mediterr\u00e1nea y funcional para reivindicar una identidad urbana propia. Ya desde los a\u00f1os cincuenta form\u00f3 parte del Grup R, un colectivo que pretend\u00eda actualizar el panorama arquitect\u00f3nico con criterios modernos y humanistas. A partir de los ochenta, cuando fue nombrado por el entonces alcalde Narc\u00eds Serra director de Urbanismo del Ayuntamiento de Barcelona, impuls\u00f3 una profunda transformaci\u00f3n del espacio urbano. Su enfoque se bas\u00f3 en dos ideas clave: la recuperaci\u00f3n del espacio p\u00fablico y la transformaci\u00f3n de Montju\u00efc, Badalona, la Vila Ol\u00edmpica y la Vall d\u2019Hebron. El arquitecto Luis Fern\u00e1ndez Galiano sostiene que \u201cno solo abri\u00f3 Barcelona al mar: la transform\u00f3 con un lema visionario y pragm\u00e1tico \u2014&#8217;higienizar el centro, monumentalizar la periferia\u2019\u2014, que hizo de la ciudad un modelo europeo\u201d. La creaci\u00f3n de la Ronda de Dalt y la renovaci\u00f3n de la Ronda Litoral facilitaron el acceso a la ciudad. Adem\u00e1s, Bohigas, cont\u00f3 con la complicidad del sucesor de Serra, el visionario Pasqual Maragall, que impuls\u00f3 un proyecto basado en inversiones p\u00fablicas a todos los barrios para as\u00ed descentralizar la ciudad y que la dependencia del centro se diluyera, algo que hoy es claramente perceptible, mientras se promov\u00eda una campa\u00f1a de recuperaci\u00f3n del centro. A\u00fan se recuerda aquel eslogan: Barcelona, posa\u2019t guapa! (Barcelona, ponte guapa). Gracias a esta visi\u00f3n, la ciudad comenz\u00f3 a dejar atr\u00e1s la pesadilla urbana del corrupto desarrollismo franquista para aplicar un modelo socialdem\u00f3crata igualitario y m\u00e1s a medida del ciudadano.<\/p>\n<p><img decoding=\"auto\" class=\"_re lazyload a_m-h\" height=\"276\"  width=\"414\"  src=\"https:\/\/imagenes.elpais.com\/resizer\/v2\/INY6EIMR7VCFXMIIPMHWKAOMWI.jpg?auth=1aa686b7e294bd29444f20393f2f4673a80a75c7bbcac42b50733c210d0ed99c&amp;width=414\" loading=\"lazy\"\/>El trabajo de Bohigas, que uni\u00f3 arquitectura y pol\u00edtica, influy\u00f3 profundamente en el modelo de ciudad que conocemos hoy, ese Modelo Barcelona cuyas acciones m\u00e1s identitarias fueron la recuperaci\u00f3n del litoral, la construcci\u00f3n de la Villa Ol\u00edmpica, la remodelaci\u00f3n de Ciutat Vella y la recuperaci\u00f3n de barrios degradados.MAGALI CASADO (Hans Lucas\/AFP via Getty Images)<\/p>\n<p class=\"\">Bohigas defend\u00eda la necesidad de combinar infraestructuras de tecnolog\u00eda avanzada modernas con una arquitectura respetuosa con el contexto y de calidad est\u00e9tica, lo que llamaba \u201cuna arquitectura bien compuesta\u201d. Adem\u00e1s de su labor t\u00e9cnica, fue un pensador comprometido. Su obra escrita \u2014imprescindible su libro Contra la incontinencia urbana (2004)\u2014 es clave para entender su concepci\u00f3n de la ciudad como espacio pol\u00edtico, social y cultural. Con sus pros y sus contras, Barcelona no ser\u00eda lo que es hoy sin su visi\u00f3n cr\u00edtica. En su estupendo ensayo La ciudad de los arquitectos (1994), Ll\u00e0tzer Moix consideraba a Bohigas \u201cel gran cabeza de familia\u201d del colectivo arquitect\u00f3nico local, alguien que ejerci\u00f3 liderazgo no solo en lo profesional, sino en lo municipal, editorial, universitario&#8230;<a href=\"https:\/\/elpais.com\/ideas\/2022-04-13\/espanoles-esto-es-indigno-de-espana.html\" target=\"_blank\" rel=\"noreferrer nofollow noopener\" title=\"https:\/\/elpais.com\/ideas\/2022-04-13\/espanoles-esto-es-indigno-de-espana.html\"> Andr\u00e9s Rubio, en Espa\u00f1a fea <\/a>(2022), reivindica apasionadamente el modelo Barcelona y su figura intelectual: \u201cLas reticencias y prevenci\u00f3n de arquitectos esc\u00e9pticos, urbanistas y otros te\u00f3ricos chocaron con una fuerza de la naturaleza llamada Oriol Bohigas, quien hab\u00eda estudiado de ni\u00f1o en el Instituto Escuela de Barcelona, de la Instituci\u00f3n Libre de Ense\u00f1anza. Un personaje a la altura de un Falstaff shakespeariano: polemista incansable, tan amado como cuestionado, profesor y te\u00f3rico, probablemente el mejor ensayista espa\u00f1ol sobre temas de arquitectura y n\u00edtido defensor de un urbanismo de izquierdas, pero con el glamour litoral de la gauche divine barcelonesa\u201d.<\/p>\n<p>Siguiendo su impronta<\/p>\n<p class=\"\">Hay m\u00e1s de 100 edificios de Bohigas y su equipo (algunos muy cuestionados) con los que uno se familiariza casi sin querer mientras pasea por <a href=\"https:\/\/elpais.com\/elviajero\/2021\/12\/02\/actualidad\/1638445324_221931.html\" target=\"_blank\" rel=\"noreferrer nofollow noopener\" title=\"https:\/\/elpais.com\/elviajero\/2021\/12\/02\/actualidad\/1638445324_221931.html\">Barcelona<\/a>. Ah\u00ed est\u00e1n el impresionante edificio de viviendas Escorial; la prestigiosa Escuela Thau, a los pies de Collserola; el Instituto Ram\u00f3n Berenguer IV, en Santa Coloma de Gramenet; la Escuela Sant Jordi en Pineda de Mar; la comisaria central de los Mossos d\u2019Esquadra de la plaza de Espa\u00f1a; el edificio de viviendas de la calle Roger de Flor (uno de sus primeros trabajos); la Manzana Urbana Pallars (Premio Fad); el<a href=\"https:\/\/www.barcelona.cat\/es\/que-hacer-en-bcn\/parques-y-jardines\/parque-de-la-creueta-del-coll-92086020872\" target=\"_blank\" rel=\"noreferrer nofollow noopener\" title=\"https:\/\/www.barcelona.cat\/es\/que-hacer-en-bcn\/parques-y-jardines\/parque-de-la-creueta-del-coll-92086020872\"> parque de la Creueta del Coll, <\/a>con su piscina a dos niveles que ofrece oportunidades l\u00fadicas y deportivas y en cuyo centro se refleja de una gran escultura de Chillida; o, ya puestos, El Corte Ingl\u00e9s de Pla\u00e7a Catalunya, cuya ampliaci\u00f3n en la esquina sur corri\u00f3 a cargo de su estudio y se reconoce por los anillos horizontales en las tres \u00faltimas plantas.<\/p>\n<p class=\"\">A continuaci\u00f3n, siete de sus edificios m\u00e1s conocidos.<\/p>\n<ul>\n<li>Edificio Meridiana (1959-1965). Una de sus mejores obras. Su vibrante fachada representa los preceptos de Bohigas. Viviendas sociales en la Avinguda Meridiana que muestran un dise\u00f1o que prioriza la funcionalidad, con materiales y t\u00e9cnicas vern\u00e1culas (ladrillo, cer\u00e1mica, celos\u00edas) y ventanas que sobresalen como tribunas para captar luz solar como elemento m\u00e1s significativo. Uno siempre se queda prendado de este sistema estructural de pantallas de hormig\u00f3n orientadas de norte a sur, un sistema de variantes para las aperturas que moldea el plano de fachada como un tejido variado y tridimensional, de ah\u00ed que se le llame com\u00fanmente \u201cla colmena\u201d.<\/li>\n<\/ul>\n<p><img decoding=\"auto\" class=\"_re lazyload a_m-h\" height=\"277\"  width=\"414\"  src=\"https:\/\/imagenes.elpais.com\/resizer\/v2\/2YBQYSSVSRGQ3KQFU2OEV6RO64.JPG?auth=1003e8d689ea82b464343be5c6fce10cb57325a4d0ed2bf447c895997c781b7b&amp;width=414\" loading=\"lazy\"\/>Exterior del edificio Meridiana (1959-1965).Albert Garc\u00eda<\/p>\n<ul>\n<li>Disseny Hub Barcelona (2009-2013). Llamado \u201cla grapadora\u201d por su forma, este edificio de uso mixto en la Pla\u00e7a de Les Gl\u00f2ries es uno de los nuevos s\u00edmbolos arquitect\u00f3nicos de <a href=\"https:\/\/elpais.com\/espana\/catalunya\/2025-04-26\/asi-es-el-nuevo-parque-de-glories-de-barcelona.html\" target=\"_blank\" rel=\"noreferrer nofollow noopener\" title=\"https:\/\/elpais.com\/espana\/catalunya\/2025-04-26\/asi-es-el-nuevo-parque-de-glories-de-barcelona.html\">esta (por fin) renovada zona de Barcelona<\/a>. Es tambi\u00e9n uno de los edificios m\u00e1s controvertidos de Bohigas, para muchos directamente fallido, sobre todo en su caparaz\u00f3n. Se compone de dos partes: una subterr\u00e1nea y otra que emerge sobre el nivel de la plaza, concebida como un paralelep\u00edpedo cortado en sesgos con la misma anchura que la calle \u00c1vila. En los interiores, m\u00e1s atractivos, destaca el bar restaurante de la planta baja, que da a un lago en el que se le puede robar el brillo al sol con una sensaci\u00f3n de bienestar muy acorde con la voluntad de Bohigas, que no en vano no se cans\u00f3 de repetir: \u201cBarcelona no necesita grandes monumentos, sino buenos espacios urbanos donde vivir\u201d.<\/li>\n<\/ul>\n<p><img decoding=\"auto\" class=\"_re lazyload a_m-h\" height=\"299\"  width=\"414\"  src=\"https:\/\/imagenes.elpais.com\/resizer\/v2\/H72QUDOF7ZDPTOEQ4AEXN6CMB4.jpg?auth=bad2d372a6918b84ac0ad38025ad43b73326b8bd33dc44f55c76e3e85297d007&amp;width=414\" loading=\"lazy\"\/>El Disseny Hub Barcelona (2009-2013), conocido tambi\u00e9n como \u201cla grapadora\u201d por su forma.Petr Svarc (UCG \/ Getty Images)<\/p>\n<ul>\n<li>Vila Ol\u00edmpica, edificios residenciales del puerto &#8211; zona ol\u00edmpica (1988-1992). Bohigas fue decisivo en la preparaci\u00f3n de los Juegos Ol\u00edmpicos de 1992,<a href=\"https:\/\/elpais.com\/ccaa\/2017\/07\/24\/catalunya\/1500889751_012110.html\" target=\"_blank\" rel=\"noreferrer nofollow noopener\" title=\"https:\/\/elpais.com\/ccaa\/2017\/07\/24\/catalunya\/1500889751_012110.html\"> un evento que sirvi\u00f3 de catalizador<\/a> para reordenar el frente mar\u00edtimo, abrir la ciudad al mar y reestructurar \u00e1reas industriales en desuso. Su estudio proyect\u00f3 el plan de ordenaci\u00f3n de la villa ol\u00edmpica y del Puerto Ol\u00edmpico y erigi\u00f3 un edificio de viviendas en forma de elipse, Viviendas Can Folch, que se halla cerca de la chimenea de Can Folch. Propone una tipolog\u00eda relativamente ins\u00f3lita pero con precedentes tan distintos como los porches de las Drassanes g\u00f3ticas de Barcelona o los pilotis de las Unit\u00e9s de Le Corbusier con cuyos principios tanto empatizaba Bohigas. MBM (Mackay, Bohigas, Martorell) tambi\u00e9n ide\u00f3 el campus de la Universitat Pompeu Fabra de Ciutadella, dentro del cual rehabilitaron el <a href=\"https:\/\/www.upf.edu\/es\/web\/campus\/historia-de-l-edifici-roger-de-lluria\" target=\"_blank\" rel=\"noreferrer nofollow noopener\" title=\"https:\/\/www.upf.edu\/es\/web\/campus\/historia-de-l-edifici-roger-de-lluria\">antiguo cuartel Roger de Ll\u00faria<\/a>, una transformaci\u00f3n reconocida con el premio Ciudad de Barcelona de Arquitectura y Urbanismo en 2001.<\/li>\n<li>Edificio MC Mutual (1955-1959). Este es uno de los primeros trabajos de Bohigas y uno de sus proyectos m\u00e1s determinantes junto a Josep Maria Martorell y Dami\u00e1n Ribas. Es imposible no fijarse en \u00e9l al remontar el Carrer Girona (esquina con Diagonal) de camino al Bar Morryssom (festival popular de la tapa y del men\u00fa barato en el Eixample). La Mutua Metal\u00fargica se nutre del postracionalismo. Tiene elementos protegidos como la escalera circular, la fachada y elementos decorativos originales. Destaca su integraci\u00f3n en la trama urbana del Eixample y se reconoce a la legua por el alto porcentaje de vidrio y la estructura uniforme de pilares de acero laminado, que otorgan al espacio una agradable sensaci\u00f3n a\u00e9rea.<\/li>\n<li>Torre Blanca de l\u2019Hospitalet (2006-2010). Habr\u00e1 quien la critique, pero este edificio residencial de 19 plantas ubicado en la Pla\u00e7a Europa forma parte del skyline metropolitano. Est\u00e1 concebida como una figura geom\u00e9trica pura: el prisma, con excepciones puntuales donde se producen huecos que corresponden a espacios de uso comunitario: vest\u00edbulos, viviendas d\u00faplex, terraza, piscina y sol\u00e1rium para que tengan iluminaci\u00f3n natural. Como se\u00f1ala el programa Mostres d\u2019Arquitectura, iniciativa del Colegio de Arquitectos de Catalunya, la fachada se compone de elementos horizontales repetitivos que solo se interrumpen en las intersecciones con los huecos y elementos de las escaleras generales del edificio.<\/li>\n<\/ul>\n<p><img decoding=\"auto\" class=\"_re lazyload a_m-h\" height=\"276\"  width=\"414\"  src=\"https:\/\/imagenes.elpais.com\/resizer\/v2\/VTDJNT77PBCEDHMQVCMESUM6OA.JPG?auth=4cc593138431d0d7f66a11fed80ee968ff6c306e1908770ba7d07cc482c02f3e&amp;width=414\" loading=\"lazy\"\/>Torre Blanca en la Pla\u00e7a Europa de l\u2019Hospitalet.Albert Garc\u00eda<\/p>\n<ul>\n<li>Sede del grupo RBA (2007). Considerado un edificio camale\u00f3nico de oficinas, se encuentra en <a href=\"https:\/\/elpais.com\/espana\/catalunya\/2022-02-09\/el-22-de-barcelona-equilibra-con-mas-pisos-la-vida-vecinal-con-la-economia-digital.html\" target=\"_blank\" rel=\"noreferrer nofollow noopener\" title=\"https:\/\/elpais.com\/espana\/catalunya\/2022-02-09\/el-22-de-barcelona-equilibra-con-mas-pisos-la-vida-vecinal-con-la-economia-digital.html\">el distrito 22@ del Poblenou.<\/a> Fachadas ventiladas, sostenibilidad, luz natural regulada. Es un edificio de 19.000 metros cuadrados, 17 plantas y 4 s\u00f3tanos. Se trata de una simple composici\u00f3n rectangular al estilo de Mondrian orientada al oeste, que deja flotando delicadamente el rect\u00e1ngulo de las plantas superiores sobre la base. La terraza que queda entre los dos rect\u00e1ngulos se convierte en un espacio id\u00f3neo para interactuar. La larga fachada orientada al oeste se protege del calor y la intensa luz del sol de la tarde con unos brise-soleil en cada planta, y unas mamparas de vidrio serigrafiadas. Otro ejemplo de realismo arquitect\u00f3nico sin extravagancias, de funcionalidad, de uso de buenos materiales y de respuesta a las necesidades de sociabilidad incluso en el trabajo. <\/li>\n<li>Edificio de Oficinas de la UGT (2002-2008). Oriol Bohigas vivi\u00f3 en la plaza Real, en una casa muy conocida y fotografiada. Por cercan\u00eda fue un gran conocedor de <a href=\"https:\/\/elpais.com\/elviajero\/2022-09-13\/24-horas-en-el-raval-un-paseo-por-uno-de-los-barrios-mas-dinamicos-y-variados-de-barcelona.html\" target=\"_blank\" rel=\"noreferrer nofollow noopener\" title=\"https:\/\/elpais.com\/elviajero\/2022-09-13\/24-horas-en-el-raval-un-paseo-por-uno-de-los-barrios-mas-dinamicos-y-variados-de-barcelona.html\">El Raval<\/a>, donde llev\u00f3 a cabo el proyecto de un edificio de oficinas con planta en L y diferentes alturas ubicado dentro de un solar que forma parte del conjunto del \u201cProyecto Urbano de la manzana de la calle Robador y su entorno\u201d, promovido por Foment Ciutat Vella. La planta baja se interrumpe con un hueco que hace de paso de peatones entre la plaza y la calle Sadurn\u00ed y que comunica la Rambla del Raval con la manzana de viviendas y con el edificio de la Filmoteca de Catalu\u00f1a, en la plaza Salvador Segu\u00ed, al ladito del Bar Marsella, casi nada.<\/li>\n<\/ul>\n<p><img decoding=\"auto\" class=\"_re lazyload a_m-h\" height=\"277\"  width=\"414\"  src=\"https:\/\/imagenes.elpais.com\/resizer\/v2\/45DYKPPOBZBNLNM7YS7KRIWQRM.JPG?auth=d57e1c4e3f35e28ab80fc119dfca9ba71d8508fef619706ebe8f9f1cc8945f60&amp;width=414\" loading=\"lazy\"\/>El edificio de Oficinas de la UGT (2002-2008). Albert Garc\u00eda<\/p>\n","protected":false},"excerpt":{"rendered":"Si hici\u00e9ramos una lista de las aportaciones del arquitecto y urbanista Oriol Bohigas (1925-2021) a la ciudad de&hellip;\n","protected":false},"author":2,"featured_media":259802,"comment_status":"","ping_status":"","sticky":false,"template":"","format":"standard","meta":{"footnotes":""},"categories":[173],"tags":[3739,16268,229,233,231,230,210,1980,232,234,146,147,25,24,65003,33865,23,65002,23232,12343,226],"class_list":{"0":"post-259801","1":"post","2":"type-post","3":"status-publish","4":"format-standard","5":"has-post-thumbnail","7":"category-arte-y-diseno","8":"tag-arquitectos","9":"tag-arquitectura-civil","10":"tag-arte","11":"tag-arte-y-diseno","12":"tag-arts","13":"tag-arts-and-design","14":"tag-barcelona","15":"tag-cataluna","16":"tag-design","17":"tag-diseno","18":"tag-entertainment","19":"tag-entretenimiento","20":"tag-es","21":"tag-espana","22":"tag-oriol-bohigas","23":"tag-rutas-turisticas","24":"tag-spain","25":"tag-turismo-ciudad","26":"tag-turismo-cultural","27":"tag-turismo-nacional","28":"tag-viajes"},"share_on_mastodon":{"url":"https:\/\/pubeurope.com\/@es\/115625845889791480","error":""},"_links":{"self":[{"href":"https:\/\/www.europesays.com\/es\/wp-json\/wp\/v2\/posts\/259801","targetHints":{"allow":["GET"]}}],"collection":[{"href":"https:\/\/www.europesays.com\/es\/wp-json\/wp\/v2\/posts"}],"about":[{"href":"https:\/\/www.europesays.com\/es\/wp-json\/wp\/v2\/types\/post"}],"author":[{"embeddable":true,"href":"https:\/\/www.europesays.com\/es\/wp-json\/wp\/v2\/users\/2"}],"replies":[{"embeddable":true,"href":"https:\/\/www.europesays.com\/es\/wp-json\/wp\/v2\/comments?post=259801"}],"version-history":[{"count":0,"href":"https:\/\/www.europesays.com\/es\/wp-json\/wp\/v2\/posts\/259801\/revisions"}],"wp:featuredmedia":[{"embeddable":true,"href":"https:\/\/www.europesays.com\/es\/wp-json\/wp\/v2\/media\/259802"}],"wp:attachment":[{"href":"https:\/\/www.europesays.com\/es\/wp-json\/wp\/v2\/media?parent=259801"}],"wp:term":[{"taxonomy":"category","embeddable":true,"href":"https:\/\/www.europesays.com\/es\/wp-json\/wp\/v2\/categories?post=259801"},{"taxonomy":"post_tag","embeddable":true,"href":"https:\/\/www.europesays.com\/es\/wp-json\/wp\/v2\/tags?post=259801"}],"curies":[{"name":"wp","href":"https:\/\/api.w.org\/{rel}","templated":true}]}}