{"id":259818,"date":"2025-11-28T06:22:11","date_gmt":"2025-11-28T06:22:11","guid":{"rendered":"https:\/\/www.europesays.com\/es\/259818\/"},"modified":"2025-11-28T06:22:11","modified_gmt":"2025-11-28T06:22:11","slug":"investido-el-nuevo-presidente-de-la-region-espanola-de-valencia-con-el-apoyo-de-la-extrema-derecha","status":"publish","type":"post","link":"https:\/\/www.europesays.com\/es\/259818\/","title":{"rendered":"Investido el nuevo presidente de la regi\u00f3n espa\u00f1ola de Valencia con el apoyo de la extrema derecha"},"content":{"rendered":"<p>    <img src=\"https:\/\/www.europesays.com\/es\/wp-content\/uploads\/2025\/11\/2025-11-27T183A373A35Z-90535086.jpg\" width=\"1024\" height=\"682\" alt=\"\" loading=\"eager\" decoding=\"sync\" fetchpriority=\"high\"\/><\/p>\n<p>            afp_tickers        <\/p>\n<p>        Este contenido fue publicado en    <\/p>\n<p>        27 noviembre 2025 &#8211; 19:37\n<\/p>\n<p>El conservador Juan Francisco P\u00e9rez Llorca fue investido el jueves presidente de la regi\u00f3n espa\u00f1ola de Valencia con el apoyo de su partido y de la extrema derecha para sustituir a Carlos Maz\u00f3n, quien dimiti\u00f3 hace unas semanas por su criticada gesti\u00f3n de las mort\u00edferas inundaciones del a\u00f1o pasado.\u00a0<\/p>\n<p>En el pleno celebrado en el Parlamento regional, P\u00e9rez Llorca fue elegido gracias al apoyo de su Partido Popular (PP, derecha) y de la formaci\u00f3n de extrema derecha Vox, cuyo respaldo era necesario para alcanzar la mayor\u00eda absoluta requerida en la primera votaci\u00f3n.<\/p>\n<p>P\u00e9rez Llorca sustituir\u00e1 as\u00ed al cuestionado Maz\u00f3n, quien dimiti\u00f3 el 3 de noviembre tras ser insultado por las familias de las v\u00edctimas de las riadas en las que murieron 229 personas en esta regi\u00f3n durante el funeral por el primer aniversario de la tragedia.\u00a0<\/p>\n<p>Maz\u00f3n fue muy cuestionado por su gesti\u00f3n el fat\u00eddico 29 de octubre de 2024, cuando las inundaciones provocadas por unas lluvias torrenciales ca\u00eddas en el interior de la regi\u00f3n arrasaron parte de la provincia de Valencia, en una de las peores cat\u00e1strofes en la Espa\u00f1a reciente.\u00a0<\/p>\n<p>Aquel d\u00eda, el por entonces presidente regional pas\u00f3 horas almorzando con una periodista en el reservado de un restaurante de Valencia. Su gobierno demor\u00f3 horas en mandar una alerta a los celulares de los ciudadanos avisando del peligro. Seg\u00fan la jueza que investiga el caso, este mensaje enviado a a las 20H11, cuando ya era demasiado tarde para muchas v\u00edctimas, fue \u00abtard\u00edo y err\u00f3neo\u00bb.<\/p>\n<p>La ira de los familiares, muchos de los cuales denuncian que Maz\u00f3n nunca se reuni\u00f3 personalmente con ellos, se hizo sentir en el funeral de Estado, donde se escucharon gritos de \u00abasesino\u00bb.\u00a0<\/p>\n<p>P\u00e9rez Llorca, n\u00famero dos de Maz\u00f3n en el Partido Popular valenciano y colaborador cercano, present\u00f3 sin embargo sus excusas a las v\u00edctimas durante el debate de investidura.\u00a0<\/p>\n<p>\u00abMis primeras palabras como presidente de la Generalitat [Valenciana] ser\u00e1n para pedir perd\u00f3n a los familiares de las 229 v\u00edctimas mortales\u00bb, afirm\u00f3.\u00a0<\/p>\n<p>\u00abPerd\u00f3n a todas las personas y familias que a\u00fan sufren las consecuencias de las riadas del 29 de octubre [de 2024]. Aquellas que lo perdieron todo y aquellas que perdieron demasiado. Palabras que deber\u00edan pronunciar todos en las Cortes. Porque ha sobrado mucha gresca. Y mucho insulto\u00bb, agreg\u00f3.\u00a0<\/p>\n<p>Maz\u00f3n, quien mantiene su acta de diputado regional, acudi\u00f3 a la parte final de la sesi\u00f3n.\u00a0<\/p>\n<p>Asociaciones de v\u00edctimas y colectivos sociales mantienen sus concentraciones mensuales en su contra y volver\u00e1n a manifestarse este s\u00e1bado en Valencia bajo el lema \u00abMaz\u00f3n a prisi\u00f3n\u00bb.\u00a0<\/p>\n<p>pho-rs\/pc<\/p>\n","protected":false},"excerpt":{"rendered":"afp_tickers Este contenido fue publicado en 27 noviembre 2025 &#8211; 19:37 El conservador Juan Francisco P\u00e9rez Llorca fue&hellip;\n","protected":false},"author":2,"featured_media":259819,"comment_status":"","ping_status":"","sticky":false,"template":"","format":"standard","meta":{"footnotes":""},"categories":[8],"tags":[17,18,636,4170,637,638,25,24,13,14,42230,11,19,20,10124,9,10,15,16,88,23,90,12,21,22],"class_list":{"0":"post-259818","1":"post","2":"type-post","3":"status-publish","4":"format-standard","5":"has-post-thumbnail","7":"category-espana","8":"tag-breaking-news","9":"tag-breakingnews","10":"tag-conflict","11":"tag-crisis","12":"tag-disaster","13":"tag-disaster-general","14":"tag-es","15":"tag-espana","16":"tag-featured-news","17":"tag-featurednews","18":"tag-flood","19":"tag-headlines","20":"tag-latest-news","21":"tag-latestnews","22":"tag-natural-disasters","23":"tag-news","24":"tag-noticias","25":"tag-noticias-destacadas","26":"tag-noticiasdestacadas","27":"tag-politics","28":"tag-spain","29":"tag-ticker","30":"tag-titulares","31":"tag-ultimas-noticias","32":"tag-ultimasnoticias"},"share_on_mastodon":{"url":"https:\/\/pubeurope.com\/@es\/115625888872865858","error":""},"_links":{"self":[{"href":"https:\/\/www.europesays.com\/es\/wp-json\/wp\/v2\/posts\/259818","targetHints":{"allow":["GET"]}}],"collection":[{"href":"https:\/\/www.europesays.com\/es\/wp-json\/wp\/v2\/posts"}],"about":[{"href":"https:\/\/www.europesays.com\/es\/wp-json\/wp\/v2\/types\/post"}],"author":[{"embeddable":true,"href":"https:\/\/www.europesays.com\/es\/wp-json\/wp\/v2\/users\/2"}],"replies":[{"embeddable":true,"href":"https:\/\/www.europesays.com\/es\/wp-json\/wp\/v2\/comments?post=259818"}],"version-history":[{"count":0,"href":"https:\/\/www.europesays.com\/es\/wp-json\/wp\/v2\/posts\/259818\/revisions"}],"wp:featuredmedia":[{"embeddable":true,"href":"https:\/\/www.europesays.com\/es\/wp-json\/wp\/v2\/media\/259819"}],"wp:attachment":[{"href":"https:\/\/www.europesays.com\/es\/wp-json\/wp\/v2\/media?parent=259818"}],"wp:term":[{"taxonomy":"category","embeddable":true,"href":"https:\/\/www.europesays.com\/es\/wp-json\/wp\/v2\/categories?post=259818"},{"taxonomy":"post_tag","embeddable":true,"href":"https:\/\/www.europesays.com\/es\/wp-json\/wp\/v2\/tags?post=259818"}],"curies":[{"name":"wp","href":"https:\/\/api.w.org\/{rel}","templated":true}]}}