{"id":259824,"date":"2025-11-28T06:31:13","date_gmt":"2025-11-28T06:31:13","guid":{"rendered":"https:\/\/www.europesays.com\/es\/259824\/"},"modified":"2025-11-28T06:31:13","modified_gmt":"2025-11-28T06:31:13","slug":"de-minicopa-endesa-a-liga-u","status":"publish","type":"post","link":"https:\/\/www.europesays.com\/es\/259824\/","title":{"rendered":"De Minicopa Endesa a Liga U"},"content":{"rendered":"<p><strong>Alonso de la Iglesia<\/strong> dej\u00f3 destellos de su calidad en la Minicopa Endesa 2024, que jug\u00f3 como anfitri\u00f3n en M\u00e1laga. Un a\u00f1o y medio despu\u00e9s, con solo 15 a\u00f1os, es uno de los jugadores m\u00e1s ilusionantes de la primera hornada de la Liga U. <\/p>\n<p>Su caso sirve para ilustrar el puente entre la Minicopa Endesa y la nueva competici\u00f3n Sub22 nacida tras la uni\u00f3n de Ministerio de Educaci\u00f3n, Formaci\u00f3n Profesional y Deportes, Consejo Superior de Deportes, FEB y acb que busca formar la siguiente generaci\u00f3n del baloncesto espa\u00f1ol. <\/p>\n<p>Hasta un total de 91 jugadores de los 235 inscritos en la primera Liga U de la historia, han pasado por la Minicopa Endesa. Destaca especialmente el caso del BAXI Manresa, con 11 componentes en su plantilla que pasaron por el torneo infantil m\u00e1s prestigioso de Europa. Casademont Zaragoza, Joventut Badalona, Unicaja Alhaur\u00edn de la Torre y Valencia Basket, con 9 ex de Minicopa Endesa entre sus inscritos, le siguen de cerca.<\/p>\n<p>Adem\u00e1s, 18 de los jugadores de la Liga U han debutado ya en Liga Endesa, con ejemplos tan recientes como los de <strong>Izan Almansa<\/strong> en el Real Madrid, o <strong>Youssouf Traor\u00e9<\/strong>, del Casademont Zaragoza.<\/p>\n<p>91 ejemplos para atestiguar que el puente entre ambas competiciones es una realidad. Un camino natural y un listado que no dejar\u00e1 de crecer en las pr\u00f3ximas temporadas. \u00bfQu\u00e9 jugadores de la nueva generaci\u00f3n que se dar\u00e1 cita en la Minicopa Endesa Valencia 2025 ser\u00e1n los pr\u00f3ximos en engrosar la lista? El tiempo dictar\u00e1 sentencia.<\/p>\n<p>De la Minicopa Endesa a la Liga U: \u00a191 jugadores!<\/p>\n<tr>\nEquipo<br \/>\nJugador<br \/>\n<\/tr>\n<tr>\n<td>Bar\u00e7a Atl\u00e8tic<\/td>\n<td>Diego Ferreras<\/td>\n<\/tr>\n<tr>\n<td>Bar\u00e7a Atl\u00e8tic<\/td>\n<td>Eric Montaner<\/td>\n<\/tr>\n<tr>\n<td>Bar\u00e7a Atl\u00e8tic<\/td>\n<td>Jan Cerd\u00e1n<\/td>\n<\/tr>\n<tr>\n<td>Bar\u00e7a Atl\u00e8tic<\/td>\n<td>Mohamed Dabone<\/td>\n<\/tr>\n<tr>\n<td>Bar\u00e7a Atl\u00e8tic<\/td>\n<td>Nil Poza<\/td>\n<\/tr>\n<tr>\n<td>Bar\u00e7a Atl\u00e8tic<\/td>\n<td>Oriol Filb\u00e0<\/td>\n<\/tr>\n<tr>\n<td>B\u00e0squet Girona<\/td>\n<td>Enric Sammartin<\/td>\n<\/tr>\n<tr>\n<td>B\u00e0squet Girona<\/td>\n<td>Sergi Juher<\/td>\n<\/tr>\n<tr>\n<td>BAXI Manresa<\/td>\n<td>\u00c0lex Muncunill<\/td>\n<\/tr>\n<tr>\n<td>BAXI Manresa<\/td>\n<td>Ferran Torreblanca<\/td>\n<\/tr>\n<tr>\n<td>BAXI Manresa<\/td>\n<td>Gerard Fern\u00e1ndez<\/td>\n<\/tr>\n<tr>\n<td>BAXI Manresa<\/td>\n<td>Guillem Ecker<\/td>\n<\/tr>\n<tr>\n<td>BAXI Manresa<\/td>\n<td>Guillem Naspler<\/td>\n<\/tr>\n<tr>\n<td>BAXI Manresa<\/td>\n<td>Jan Pumarola<\/td>\n<\/tr>\n<tr>\n<td>BAXI Manresa<\/td>\n<td>Lucas S\u00e1nchez<\/td>\n<\/tr>\n<tr>\n<td>BAXI Manresa<\/td>\n<td>Marc Rosell<\/td>\n<\/tr>\n<tr>\n<td>BAXI Manresa<\/td>\n<td>Max Gasp\u00e0<\/td>\n<\/tr>\n<tr>\n<td>BAXI Manresa<\/td>\n<td>Max Olvera<\/td>\n<\/tr>\n<tr>\n<td>BAXI Manresa<\/td>\n<td>Mouhamed Ndiaye<\/td>\n<\/tr>\n<tr>\n<td>Bilbao Basket<\/td>\n<td>Aiert Velasco<\/td>\n<\/tr>\n<tr>\n<td>Bilbao Basket<\/td>\n<td>Aimar Mintegui<\/td>\n<\/tr>\n<tr>\n<td>Bilbao Basket<\/td>\n<td>Aner Sardui<\/td>\n<\/tr>\n<tr>\n<td>Bilbao Basket<\/td>\n<td>Anton Ala\u00f1a<\/td>\n<\/tr>\n<tr>\n<td>Bilbao Basket<\/td>\n<td>Guillermo Bravo<\/td>\n<\/tr>\n<tr>\n<td>Bilbao Basket<\/td>\n<td>Haritz Mateo<\/td>\n<\/tr>\n<tr>\n<td>Bilbao Basket<\/td>\n<td>Javier Rodr\u00edguez<\/td>\n<\/tr>\n<tr>\n<td>Bilbao Basket<\/td>\n<td>Kepa de Castro<\/td>\n<\/tr>\n<tr>\n<td>Burgos Grupo de Santiago<\/td>\n<td>Aksel Laso<\/td>\n<\/tr>\n<tr>\n<td>Burgos Grupo de Santiago<\/td>\n<td>Daniel Rodr\u00edguez<\/td>\n<\/tr>\n<tr>\n<td>Burgos Grupo de Santiago<\/td>\n<td>Manuel Garc\u00eda<\/td>\n<\/tr>\n<tr>\n<td>Burgos Grupo de Santiago<\/td>\n<td>Manuel P\u00e9rez<\/td>\n<\/tr>\n<tr>\n<td>Burgos Grupo de Santiago<\/td>\n<td>Samuel Mart\u00edn  (*)<\/td>\n<\/tr>\n<tr>\n<td>Casademont Zaragoza<\/td>\n<td>Alex Moreno<\/td>\n<\/tr>\n<tr>\n<td>Casademont Zaragoza<\/td>\n<td>\u00c1lvaro Cativiela<\/td>\n<\/tr>\n<tr>\n<td>Casademont Zaragoza<\/td>\n<td>Carlos Al\u00edas<\/td>\n<\/tr>\n<tr>\n<td>Casademont Zaragoza<\/td>\n<td>Carlos Iglesias<\/td>\n<\/tr>\n<tr>\n<td>Casademont Zaragoza<\/td>\n<td>Hugo Valle<\/td>\n<\/tr>\n<tr>\n<td>Casademont Zaragoza<\/td>\n<td>Jorge Prieto<\/td>\n<\/tr>\n<tr>\n<td>Casademont Zaragoza<\/td>\n<td>Matias Auciello<\/td>\n<\/tr>\n<tr>\n<td>Casademont Zaragoza<\/td>\n<td>Pedro Campo<\/td>\n<\/tr>\n<tr>\n<td>Casademont Zaragoza<\/td>\n<td>Rub\u00e9n Valero<\/td>\n<\/tr>\n<tr>\n<td>Fundaci\u00f3n CB Canarias<\/td>\n<td>Babel Lipasi<\/td>\n<\/tr>\n<tr>\n<td>Fundaci\u00f3n CB Canarias<\/td>\n<td>Diego Fern\u00e1ndez<\/td>\n<\/tr>\n<tr>\n<td>Gran Canaria<\/td>\n<td>Gonzalo Cabrera<\/td>\n<\/tr>\n<tr>\n<td>Gran Canaria<\/td>\n<td>Hugo D\u00edaz<\/td>\n<\/tr>\n<tr>\n<td>Gran Canaria<\/td>\n<td>Pedro Pasqua<\/td>\n<\/tr>\n<tr>\n<td>Joventut Badalona<\/td>\n<td>Diego Niebla<\/td>\n<\/tr>\n<tr>\n<td>Joventut Badalona<\/td>\n<td>Hugo Tamayo<\/td>\n<\/tr>\n<tr>\n<td>Joventut Badalona<\/td>\n<td>Humberto Ruiz<\/td>\n<\/tr>\n<tr>\n<td>Joventut Badalona<\/td>\n<td>Marc Juli\u00e0<\/td>\n<\/tr>\n<tr>\n<td>Joventut Badalona<\/td>\n<td>Mart\u00ed Gil<\/td>\n<\/tr>\n<tr>\n<td>Joventut Badalona<\/td>\n<td>Pau Batlle<\/td>\n<\/tr>\n<tr>\n<td>Joventut Badalona<\/td>\n<td>Pau Bermejo<\/td>\n<\/tr>\n<tr>\n<td>Joventut Badalona<\/td>\n<td>Roger Torras<\/td>\n<\/tr>\n<tr>\n<td>Joventut Badalona<\/td>\n<td>Saba Merebashvili\u00a0 Khutashvili<\/td>\n<\/tr>\n<tr>\n<td>Real Madrid<\/td>\n<td>Aitor Ca\u00f1izares<\/td>\n<\/tr>\n<tr>\n<td>Real Madrid<\/td>\n<td>Gunars Grinvalds<\/td>\n<\/tr>\n<tr>\n<td>Real Madrid<\/td>\n<td>Hugo Alonso<\/td>\n<\/tr>\n<tr>\n<td>Real Madrid<\/td>\n<td>Izan Almansa<\/td>\n<\/tr>\n<tr>\n<td>Real Madrid<\/td>\n<td>Osagioduwa Adebgite<\/td>\n<\/tr>\n<tr>\n<td>Real Madrid<\/td>\n<td>Pablo Mera<\/td>\n<\/tr>\n<tr>\n<td>Real Madrid<\/td>\n<td>Rhys Selby<\/td>\n<\/tr>\n<tr>\n<td>Real Madrid<\/td>\n<td>Toni Garma<\/td>\n<\/tr>\n<tr>\n<td>Stellantis&amp;You Granada<\/td>\n<td>\u00c1lvaro Fern\u00e1ndez<\/td>\n<\/tr>\n<tr>\n<td>Stellantis&amp;You Granada<\/td>\n<td>Jorge Zamora<\/td>\n<\/tr>\n<tr>\n<td>UCAM Murcia<\/td>\n<td>\u00c1lex L\u00f3pez<\/td>\n<\/tr>\n<tr>\n<td>UCAM Murcia<\/td>\n<td>Dar\u00edo Lozano<\/td>\n<\/tr>\n<tr>\n<td>UCAM Murcia<\/td>\n<td>Dar\u00edo Parra<\/td>\n<\/tr>\n<tr>\n<td>UCAM Murcia<\/td>\n<td>Diego Berruga<\/td>\n<\/tr>\n<tr>\n<td>UCAM Murcia<\/td>\n<td>Fernando Ram\u00edrez<\/td>\n<\/tr>\n<tr>\n<td>UCAM Murcia<\/td>\n<td>Jos\u00e9 Tom\u00e1s Mart\u00ednez<\/td>\n<\/tr>\n<tr>\n<td>UCAM Murcia<\/td>\n<td>Marco Considine<\/td>\n<\/tr>\n<tr>\n<td>UCAM Murcia<\/td>\n<td>Matus Rybar<\/td>\n<\/tr>\n<tr>\n<td>Unicaja Alhaur\u00edn de la Torre<\/td>\n<td>Alfonso Rodr\u00edguez<\/td>\n<\/tr>\n<tr>\n<td>Unicaja Alhaur\u00edn de la Torre<\/td>\n<td>Alonso de La Iglesia<\/td>\n<\/tr>\n<tr>\n<td>Unicaja Alhaur\u00edn de la Torre<\/td>\n<td>Antonio Mart\u00ednez<\/td>\n<\/tr>\n<tr>\n<td>Unicaja Alhaur\u00edn de la Torre<\/td>\n<td>Daniel Sierra<\/td>\n<\/tr>\n<tr>\n<td>Unicaja Alhaur\u00edn de la Torre<\/td>\n<td>Eloy Su\u00e1rez<\/td>\n<\/tr>\n<tr>\n<td>Unicaja Alhaur\u00edn de la Torre<\/td>\n<td>Lucas Fern\u00e1ndez<\/td>\n<\/tr>\n<tr>\n<td>Unicaja Alhaur\u00edn de la Torre<\/td>\n<td>Manuel Trujillo<\/td>\n<\/tr>\n<tr>\n<td>Unicaja Alhaur\u00edn de la Torre<\/td>\n<td>Miguel Mart\u00ednez<\/td>\n<\/tr>\n<tr>\n<td>Unicaja Alhaur\u00edn de la Torre<\/td>\n<td>Sergio Otero (*)<\/td>\n<\/tr>\n<tr>\n<td>Valencia Basket<\/td>\n<td>Guillem Tazo<\/td>\n<\/tr>\n<tr>\n<td>Valencia Basket<\/td>\n<td>Ilan laville<\/td>\n<\/tr>\n<tr>\n<td>Valencia Basket<\/td>\n<td>Isaac Nogu\u00e9s (*)<\/td>\n<\/tr>\n<tr>\n<td>Valencia Basket<\/td>\n<td>Javier Viguer<\/td>\n<\/tr>\n<tr>\n<td>Valencia Basket<\/td>\n<td>Jorge Carot<\/td>\n<\/tr>\n<tr>\n<td>Valencia Basket<\/td>\n<td>Manuel Veintimlla<\/td>\n<\/tr>\n<tr>\n<td>Valencia Basket<\/td>\n<td>Marc Grau<\/td>\n<\/tr>\n<tr>\n<td>Valencia Basket<\/td>\n<td>Roger Villarejo<\/td>\n<\/tr>\n<tr>\n<td>Valencia Basket<\/td>\n<td>Z\u00e9t\u00e9ny Mihaly<\/td>\n<\/tr>\n<p>(* &#8211; Jugador inscrito en la Liga U, aunque a\u00fan no ha debutado en la competici\u00f3n)<\/p>\n","protected":false},"excerpt":{"rendered":"Alonso de la Iglesia dej\u00f3 destellos de su calidad en la Minicopa Endesa 2024, que jug\u00f3 como anfitri\u00f3n&hellip;\n","protected":false},"author":2,"featured_media":259825,"comment_status":"","ping_status":"","sticky":false,"template":"","format":"standard","meta":{"footnotes":""},"categories":[269],"tags":[299,298,168,25,24,23,167],"class_list":{"0":"post-259824","1":"post","2":"type-post","3":"status-publish","4":"format-standard","5":"has-post-thumbnail","7":"category-baloncesto","8":"tag-baloncesto","9":"tag-basketball","10":"tag-deportes","11":"tag-es","12":"tag-espana","13":"tag-spain","14":"tag-sports"},"share_on_mastodon":{"url":"https:\/\/pubeurope.com\/@es\/115625924045964206","error":""},"_links":{"self":[{"href":"https:\/\/www.europesays.com\/es\/wp-json\/wp\/v2\/posts\/259824","targetHints":{"allow":["GET"]}}],"collection":[{"href":"https:\/\/www.europesays.com\/es\/wp-json\/wp\/v2\/posts"}],"about":[{"href":"https:\/\/www.europesays.com\/es\/wp-json\/wp\/v2\/types\/post"}],"author":[{"embeddable":true,"href":"https:\/\/www.europesays.com\/es\/wp-json\/wp\/v2\/users\/2"}],"replies":[{"embeddable":true,"href":"https:\/\/www.europesays.com\/es\/wp-json\/wp\/v2\/comments?post=259824"}],"version-history":[{"count":0,"href":"https:\/\/www.europesays.com\/es\/wp-json\/wp\/v2\/posts\/259824\/revisions"}],"wp:featuredmedia":[{"embeddable":true,"href":"https:\/\/www.europesays.com\/es\/wp-json\/wp\/v2\/media\/259825"}],"wp:attachment":[{"href":"https:\/\/www.europesays.com\/es\/wp-json\/wp\/v2\/media?parent=259824"}],"wp:term":[{"taxonomy":"category","embeddable":true,"href":"https:\/\/www.europesays.com\/es\/wp-json\/wp\/v2\/categories?post=259824"},{"taxonomy":"post_tag","embeddable":true,"href":"https:\/\/www.europesays.com\/es\/wp-json\/wp\/v2\/tags?post=259824"}],"curies":[{"name":"wp","href":"https:\/\/api.w.org\/{rel}","templated":true}]}}