{"id":259826,"date":"2025-11-28T06:32:09","date_gmt":"2025-11-28T06:32:09","guid":{"rendered":"https:\/\/www.europesays.com\/es\/259826\/"},"modified":"2025-11-28T06:32:09","modified_gmt":"2025-11-28T06:32:09","slug":"el-chelsea-vacila-al-barca-en-las-redes-con-estevao-como-protagonista","status":"publish","type":"post","link":"https:\/\/www.europesays.com\/es\/259826\/","title":{"rendered":"El Chelsea &#8216;vacila&#8217; al Bar\u00e7a en las redes con Estevao como protagonista"},"content":{"rendered":"<p class=\"ft-text\"><a class=\"ft-link ft-link--decoration\" href=\"https:\/\/www.sport.es\/es\/noticias\/barca\/iniesta-exclusiva-sport-vez-veo-124027387\" rel=\"nofollow noopener\" target=\"_blank\">El recuerdo del &#8216;Iniestazo&#8217; marc\u00f3 la previa del partido de Champions League entre el Chelsea y el FC Barcelona en Stamford Bridge<\/a>. El conjunto blaugrana visit\u00f3 el estadio londinense con la voluntad de vivir <strong>otra noche hist\u00f3rica<\/strong>, pero no estuvo a la altura de las expectativas y encaj\u00f3 una dura derrota. El equipo de Hansi Flick fue inferior a su rival y se complic\u00f3 la clasificaci\u00f3n directa para los octavos de final de la m\u00e1xima competici\u00f3n continental a falta de tres jornadas para que acabe la &#8216;fase liga&#8217;.<\/p>\n<p class=\"ft-text\">Pocas horas antes del partido del martes, el Bar\u00e7a record\u00f3 a trav\u00e9s de las redes sociales el gol de Iniesta. <strong>\u00abEse chut. Ese grito. Esa noche\u00bb, escribi\u00f3 el club blaugrana en una publicaci\u00f3n en &#8216;X&#8217; acompa\u00f1ada de una fotograf\u00eda de la celebraci\u00f3n del gol de Andr\u00e9s Iniesta<\/strong> que clasific\u00f3 a los cul\u00e9s para la final de la Champions de 2008\/09, la primera de la &#8216;era Guardiola&#8217;. El &#8216;post&#8217; tuvo mucha repercusi\u00f3n y gust\u00f3 mucho al barcelonismo.<\/p>\n<p class=\"ft-text\">Dos d\u00edas despu\u00e9s, sin embargo, el Chelsea ha respondido a la publicaci\u00f3n y ha &#8216;vacilado&#8217; al Bar\u00e7a con Estevao como protagonista. <strong>La entidad &#8216;blue&#8217; ha hecho exactamente el mismo &#8216;post&#8217; con una fotograf\u00eda del tanto de &#8216;Messinho&#8217; contra los azulgranas<\/strong>. <a class=\"ft-link ft-link--decoration\" href=\"https:\/\/www.sport.es\/es\/noticias\/barca\/estevao-carino-especial-barca-124150540\" rel=\"nofollow noopener\" target=\"_blank\">Todo ello despu\u00e9s de que el representante del atacante brasile\u00f1o, Andr\u00e9 Cury, haya revelado que la direcci\u00f3n deportiva encabezada por Deco estuvo muy interesada en los servicios del &#8217;41&#8217;<\/a>.<\/p>\n<p class=\"ft-text\">El Chelsea sigue relami\u00e9ndose de una victoria que, m\u00e1s all\u00e1 de los tres puntos que supuso a nivel clasificatorio, permiti\u00f3 al proyecto de Enzo Maresca dejar claro a Europa que <strong>su \u00e9xito en el Mundial de Clubes no fue, en ning\u00fan caso, casualidad<\/strong>. El cuadro ingl\u00e9s fue muy superior al Bar\u00e7a, uno de los semifinalistas de la pasada edici\u00f3n de la Champions, y present\u00f3 su candidatura para luchar por el t\u00edtulo m\u00e1s prestigioso del continente.<\/p>\n","protected":false},"excerpt":{"rendered":"El recuerdo del &#8216;Iniestazo&#8217; marc\u00f3 la previa del partido de Champions League entre el Chelsea y el FC&hellip;\n","protected":false},"author":2,"featured_media":259827,"comment_status":"","ping_status":"","sticky":false,"template":"","format":"standard","meta":{"footnotes":""},"categories":[268],"tags":[1241,14015,168,25,24,42003,881,280,282,281,23,167],"class_list":{"0":"post-259826","1":"post","2":"type-post","3":"status-publish","4":"format-standard","5":"has-post-thumbnail","7":"category-futbol","8":"tag-champions-league","9":"tag-chelsea","10":"tag-deportes","11":"tag-es","12":"tag-espana","13":"tag-estevao","14":"tag-fc-barcelona","15":"tag-football","16":"tag-futbol","17":"tag-soccer","18":"tag-spain","19":"tag-sports"},"share_on_mastodon":{"url":"https:\/\/pubeurope.com\/@es\/115625927967012137","error":""},"_links":{"self":[{"href":"https:\/\/www.europesays.com\/es\/wp-json\/wp\/v2\/posts\/259826","targetHints":{"allow":["GET"]}}],"collection":[{"href":"https:\/\/www.europesays.com\/es\/wp-json\/wp\/v2\/posts"}],"about":[{"href":"https:\/\/www.europesays.com\/es\/wp-json\/wp\/v2\/types\/post"}],"author":[{"embeddable":true,"href":"https:\/\/www.europesays.com\/es\/wp-json\/wp\/v2\/users\/2"}],"replies":[{"embeddable":true,"href":"https:\/\/www.europesays.com\/es\/wp-json\/wp\/v2\/comments?post=259826"}],"version-history":[{"count":0,"href":"https:\/\/www.europesays.com\/es\/wp-json\/wp\/v2\/posts\/259826\/revisions"}],"wp:featuredmedia":[{"embeddable":true,"href":"https:\/\/www.europesays.com\/es\/wp-json\/wp\/v2\/media\/259827"}],"wp:attachment":[{"href":"https:\/\/www.europesays.com\/es\/wp-json\/wp\/v2\/media?parent=259826"}],"wp:term":[{"taxonomy":"category","embeddable":true,"href":"https:\/\/www.europesays.com\/es\/wp-json\/wp\/v2\/categories?post=259826"},{"taxonomy":"post_tag","embeddable":true,"href":"https:\/\/www.europesays.com\/es\/wp-json\/wp\/v2\/tags?post=259826"}],"curies":[{"name":"wp","href":"https:\/\/api.w.org\/{rel}","templated":true}]}}