{"id":259839,"date":"2025-11-28T06:41:12","date_gmt":"2025-11-28T06:41:12","guid":{"rendered":"https:\/\/www.europesays.com\/es\/259839\/"},"modified":"2025-11-28T06:41:12","modified_gmt":"2025-11-28T06:41:12","slug":"los-domingos-lidera-las-nominaciones-de-los-premios-feroz-2026","status":"publish","type":"post","link":"https:\/\/www.europesays.com\/es\/259839\/","title":{"rendered":"&#8216;Los domingos&#8217; lidera las nominaciones de los premios Feroz 2026"},"content":{"rendered":"<p><a href=\"https:\/\/www.rtve.es\/noticias\/20250922\/domingos-adolescente-con-vocacion-monja-clausura-dinamita-festival-san-sebastian\/16739291.shtml\" rel=\"nofollow noopener\" target=\"_blank\">Los domingos<\/a>, la pel\u00edcula de Alauda Ruiz de Az\u00faa, que cuenta con la participaci\u00f3n de RTVE, lidera las nominaciones para los premios Feroz 2026, seguida de  <a href=\"https:\/\/www.rtve.es\/noticias\/20250921\/volver-armario-residencia-conmueve-san-sebastian-sociedad-presupone-mayores-son-heteros-no-tienes-sexo\/16737968.shtml\" rel=\"nofollow noopener\" target=\"_blank\">Maspalomas<\/a> (7) y <a href=\"https:\/\/www.rtve.es\/noticias\/20250603\/sirat-oliver-laxe-estreno\/16607201.shtml\" rel=\"nofollow noopener\" target=\"_blank\">Sir\u00e2t<\/a> (7), mientras que las series Poquita fe (6), Superstar (6) y Anatom\u00eda de un instante (5) encabezan las categor\u00edas de series.<\/p>\n<p>El Feroz a la mejor pel\u00edcula de drama se lo disputar\u00e1n Los domingos, Maspalomas de Jose Mari Goenaga y Aitor Arregi, Sir\u00e2t  de Oliver Laxe, <a href=\"https:\/\/www.rtve.es\/noticias\/20250905\/romeria-ficcion-como-vida-carla-simon-no-conformo-con-seguir-haciendo-ya-se-hacer\/16717277.shtml\" rel=\"nofollow noopener\" target=\"_blank\">Romer\u00eda<\/a> de Carla Sim\u00f3n y <a href=\"https:\/\/www.rtve.es\/noticias\/20250316\/eva-libertad-presenta-sorda-malaga-pelicula-se-basa-testimonios-reales-madres-sordas\/16493068.shtml\" rel=\"nofollow noopener\" target=\"_blank\">Sorda<\/a> de Eva Libertad.<\/p>\n<p>En comedia, por su parte, el quinteto de nominados al Feroz es <a href=\"https:\/\/www.rtve.es\/noticias\/20251013\/mario-casas-alberto-san-juan-satirizan-franquismo-cena-creemos-fue-hace-mucho-pero-seguimos-arrastrando\/16769009.shtml\" rel=\"nofollow noopener\" target=\"_blank\">La cena<\/a><a href=\"https:\/\/www.rtve.es\/noticias\/20251013\/mario-casas-alberto-san-juan-satirizan-franquismo-cena-creemos-fue-hace-mucho-pero-seguimos-arrastrando\/16769009.shtml\" rel=\"nofollow noopener\" target=\"_blank\"> <\/a>de Manuel G\u00f3mez Pereira, &#8216;Decorado&#8217; de Alberto V\u00e1zquez Rico, Mi amiga Eva de Cesc Gay, Rondallas de Daniel S\u00e1nchez Ar\u00e9valo y Wolfgang de Javier Ruiz Caldera.<\/p>\n<p>Poquita Fe lidera en series<\/p>\n<p>Anatom\u00eda de un instante, La canci\u00f3n, Pubertat, La ruta vol.2: Ibiza y Yakarta son los cinco finalistas en la categor\u00eda de mejor serie dram\u00e1tica.Entre las series de comedia, el Feroz ser\u00e1 para Animal, Furia, Poquita fe, La suerte: una serie de casualidades, Superstar o La vida breve.<\/p>\n<p>Los Feroz 2026, que se entregar\u00e1n el 24 de enero en Pontevedra, ciudad que los acoge por segundo a\u00f1o consecutivo, estar\u00e1n presentados por la artista multidisciplinar Samantha Hudson y los actores Antonio Dur\u00e1n &#8216;Morris&#8217;, Petra Mart\u00ednez y Elisabet Casanovas.<\/p>\n<p>Habr\u00e1 premios en un total de 21 categor\u00edas: once de cine, siete de series, los dos Premios Feroz Arrebato y el Premio Feroz de Honor que recibir\u00e1 la actriz Marta Fern\u00e1ndez-Muro. <\/p>\n","protected":false},"excerpt":{"rendered":"Los domingos, la pel\u00edcula de Alauda Ruiz de Az\u00faa, que cuenta con la participaci\u00f3n de RTVE, lidera las&hellip;\n","protected":false},"author":2,"featured_media":259840,"comment_status":"","ping_status":"","sticky":false,"template":"","format":"standard","meta":{"footnotes":""},"categories":[91],"tags":[146,147,25,24,23],"class_list":{"0":"post-259839","1":"post","2":"type-post","3":"status-publish","4":"format-standard","5":"has-post-thumbnail","7":"category-entretenimiento","8":"tag-entertainment","9":"tag-entretenimiento","10":"tag-es","11":"tag-espana","12":"tag-spain"},"share_on_mastodon":{"url":"https:\/\/pubeurope.com\/@es\/115625963259829767","error":""},"_links":{"self":[{"href":"https:\/\/www.europesays.com\/es\/wp-json\/wp\/v2\/posts\/259839","targetHints":{"allow":["GET"]}}],"collection":[{"href":"https:\/\/www.europesays.com\/es\/wp-json\/wp\/v2\/posts"}],"about":[{"href":"https:\/\/www.europesays.com\/es\/wp-json\/wp\/v2\/types\/post"}],"author":[{"embeddable":true,"href":"https:\/\/www.europesays.com\/es\/wp-json\/wp\/v2\/users\/2"}],"replies":[{"embeddable":true,"href":"https:\/\/www.europesays.com\/es\/wp-json\/wp\/v2\/comments?post=259839"}],"version-history":[{"count":0,"href":"https:\/\/www.europesays.com\/es\/wp-json\/wp\/v2\/posts\/259839\/revisions"}],"wp:featuredmedia":[{"embeddable":true,"href":"https:\/\/www.europesays.com\/es\/wp-json\/wp\/v2\/media\/259840"}],"wp:attachment":[{"href":"https:\/\/www.europesays.com\/es\/wp-json\/wp\/v2\/media?parent=259839"}],"wp:term":[{"taxonomy":"category","embeddable":true,"href":"https:\/\/www.europesays.com\/es\/wp-json\/wp\/v2\/categories?post=259839"},{"taxonomy":"post_tag","embeddable":true,"href":"https:\/\/www.europesays.com\/es\/wp-json\/wp\/v2\/tags?post=259839"}],"curies":[{"name":"wp","href":"https:\/\/api.w.org\/{rel}","templated":true}]}}