{"id":259844,"date":"2025-11-28T06:44:13","date_gmt":"2025-11-28T06:44:13","guid":{"rendered":"https:\/\/www.europesays.com\/es\/259844\/"},"modified":"2025-11-28T06:44:13","modified_gmt":"2025-11-28T06:44:13","slug":"drones-rusos-operan-sin-oposicion-en-moldavia-y-rumania-dw-27-11-2025","status":"publish","type":"post","link":"https:\/\/www.europesays.com\/es\/259844\/","title":{"rendered":"Drones rusos operan sin oposici\u00f3n en Moldavia y Rumania \u2013 DW \u2013 27\/11\/2025"},"content":{"rendered":"<p>Los habitantes del peque\u00f1o pueblo quedaron impactados. La ma\u00f1ana del martes (25.12.2025), un <a class=\"internal-link\" href=\"https:\/\/www.dw.com\/es\/dron\/t-37125699\" rel=\"nofollow noopener\" target=\"_blank\">dron<\/a> ruso cay\u00f3 dentro de un predio agr\u00edcola en la aldea de Puiesti, a 50 kil\u00f3metros de la frontera entre <a class=\"internal-link\" href=\"https:\/\/www.dw.com\/es\/rumania\/t-70942260\" rel=\"nofollow noopener\" target=\"_blank\">Rumania<\/a> y la Rep\u00fablica de <a class=\"internal-link\" href=\"https:\/\/www.dw.com\/es\/rumania-y-moldavia-denuncian-incursiones-de-drones-tras-ola-de-ataques-contra-ucrania\/a-74883785\" rel=\"nofollow noopener\" target=\"_blank\">Moldavia.<\/a> El due\u00f1o del campo, a\u00fan aturdido, cont\u00f3 a medios locales que estaba en su casa con la familia cuando escuch\u00f3 un estruendo: el artefacto se estrell\u00f3 contra un \u00e1rbol. Otros vecinos tambi\u00e9n expresaron su desconcierto ante la prensa rumana; algunos dijeron temer una guerra y aseguraron que ya estaban \u00ablistos para hacer las valijas\u00bb.<\/p>\n<p>Casi al mismo tiempo, otro dron ruso impact\u00f3 contra el techo de un edificio auxiliar en Cuhurestii de Jos, un poblado moldavo situado a 15 kil\u00f3metros de la frontera ucraniana. Los residentes estaban igualmente asustados. \u00abUna se levanta sin saber qu\u00e9 va a pasar\u00bb, dijo una mujer mayor al canal moldavo JurnalTV.<\/p>\n<p>El miedo no se limit\u00f3 a las dos aldeas. Tanto en Moldavia como en Rumania se instal\u00f3 una sensaci\u00f3n de alarma y desconcierto. Ese martes, ambos pa\u00edses sufrieron las violaciones de espacio a\u00e9reo m\u00e1s graves perpetradas por <a class=\"internal-link\" href=\"https:\/\/www.dw.com\/es\/rusia\/t-17410119\" rel=\"nofollow noopener\" target=\"_blank\">Rusia<\/a> desde el inicio de la <a class=\"internal-link\" href=\"https:\/\/www.dw.com\/es\/al-menos-seis-muertos-en-kiev-por-nuevo-ataque-ruso\/a-74876112\" rel=\"nofollow noopener\" target=\"_blank\">invasi\u00f3n a gran escala<\/a> contra <a class=\"internal-link\" href=\"https:\/\/www.dw.com\/es\/ucrania\/t-36925922\" rel=\"nofollow noopener\" target=\"_blank\">Ucrania.<\/a> Durante el ataque masivo de drones y misiles contra territorio ucraniano, seis drones rusos ingresaron al espacio a\u00e9reo moldavo, incluido el que termin\u00f3 cayendo en Cuhurestii de Jos.<\/p>\n<p>En Rumania, la aeronave que cay\u00f3 en Puiesti aparentemente permaneci\u00f3 durante horas en el espacio a\u00e9reo nacional, trazando un amplio recorrido sobre el este del pa\u00eds. En varios distritos, los habitantes recibieron alertas en sus celulares.<\/p>\n<p>\u00bfAccidente o provocaci\u00f3n?<\/p>\n<p>Moldavia, pr\u00e1cticamente indefensa en t\u00e9rminos militares, no cuenta con un sistema eficaz para derribar drones. Rumania, en cambio, s\u00ed: cuatro aviones de combate de la <a class=\"internal-link\" href=\"https:\/\/www.dw.com\/es\/otan\/t-17409693\" rel=\"nofollow noopener\" target=\"_blank\">OTAN<\/a> &#8211; dos de ellos con pilotos alemanes &#8211; despegaron para interceptar el dron, pero lo perdieron de vista en repetidas ocasiones y dudaron en abrir fuego.<\/p>\n<p>Ninguno de los dos drones llevaba explosivos. En ataques rusos contra Ucrania suelen emplearse para confundir a la defensa a\u00e9rea o para tareas de reconocimiento. Sin embargo, las trayectorias de los aparatos que ingresaron a Moldavia y Rumania sugieren que Mosc\u00fa los dirigi\u00f3 deliberadamente hacia esos territorios. Habr\u00edan partido desde Crimea, cruzado el mar Negro, el delta del Danubio y luego sobrevolado el sur y centro moldavo y el este rumano.<\/p>\n<p>Violaciones reiteradas<\/p>\n<p>En Moldavia, el embajador ruso fue citado ese mismo martes. En Rumania, por ahora no hubo reacci\u00f3n oficial, aunque el diplom\u00e1tico ruso ha sido convocado en numerosas ocasiones por incidentes similares, la \u00faltima a mediados de noviembre, cuando funcionarios rumanos\u00a0incluso le mostraron restos de un dron ruso ca\u00eddo en su territorio.<\/p>\n<p><img data-format=\"MASTER_LANDSCAPE\" data-id=\"66782073\" data-url=\"https:\/\/static.dw.com\/image\/66782073_${formatId}.jpg\" data-aspect-ratio=\"16\/9\" alt=\"restos de un dron sostenidos por una mano.\" style=\"padding-bottom: 56.25%; height: 0; max-height: 0;\"\/>Parte de un dron ruso que cay\u00f3 en territorio rumano.Imagen: Cristian \u0218tef\u0103nescu\/DW<\/p>\n<p>Las violaciones rusas al espacio a\u00e9reo de Moldavia y Rumania se han repetido decenas de veces en los \u00faltimos a\u00f1os. En territorio rumano hubo incluso explosiones: la m\u00e1s reciente, el 4 de noviembre, cuando un dron ruso deton\u00f3 cerca del punto donde convergen Moldavia, Ucrania y Rumania, a unos diez kil\u00f3metros de la ciudad de Galati.<\/p>\n<p>A comienzos de la semana pasada, los habitantes de Plauru, en el delta del Danubio, debieron ser evacuados despu\u00e9s de que una aeronave rusa incendiara un barco cisterna con gas licuado en el puerto ucraniano de Ismajil, a apenas 250 metros de la orilla rumana.<\/p>\n<p>Una guerra que se vuelve rutina<\/p>\n<p>En Moldavia y Rumania, la guerra rusa contra Ucrania se ha infiltrado en la vida cotidiana. En Rumania, en particular, crece la pregunta sobre qu\u00e9 m\u00e1s debe ocurrir para que el Gobierno y las fuerzas de la OTAN estacionadas en el pa\u00eds act\u00faen con mayor firmeza. No es un detalle menor: la mayor base a\u00e9rea de la OTAN en el sureste de Europa se encuentra cerca de Constanza, sobre el mar Negro.<\/p>\n<p>\u00abLa situaci\u00f3n es incomprensible\u00bb, opin\u00f3 un presentador del canal Digi24. \u00abLas reglas para derribar drones ya existen, las \u00f3rdenes est\u00e1n dadas, los militares tienen luz verde\u2026 y aun as\u00ed no derribaron este dron\u00bb.<\/p>\n<p>El ministro de Defensa, Ionut Mosteanu, habitual partidario de Kiev, se mostr\u00f3 inc\u00f3modo al explicar la situaci\u00f3n: \u00abNo estamos en guerra\u00bb, dijo. \u00abNo podemos disparar sin pensar en las consecuencias\u00bb.<\/p>\n<p>\u00abUn paseo para drones rusos\u00bb<\/p>\n<p>En febrero de 2025, el Parlamento rumano aprob\u00f3 una reforma legal que autoriza derribar drones en su espacio a\u00e9reo, algo que antes no estaba permitido. La norma entr\u00f3 en vigor en mayo. Pero desde entonces, ninguna aeronave rusa ha sido abatida.<\/p>\n<p>El presidente rumano, Nicusor Dan, no lo ve como un problema. El mi\u00e9rcoles (26.11.), ofreci\u00f3 una explicaci\u00f3n que desconcert\u00f3 a muchos: \u00abTodos estos drones que entran ocasionalmente en nuestro territorio son accidentes\u00bb, afirm\u00f3. Seg\u00fan \u00e9l, situaciones similares ocurren en otros puntos de Europa. \u00abSe trata de fallas t\u00e9cnicas\u00bb. No aclar\u00f3 a qu\u00e9 se refer\u00eda.<\/p>\n<p>Muy distinta fue la reacci\u00f3n del expresidente Traian Basescu, conocido por su tono firme frente a Mosc\u00fa durante su mandato (2004-2014). En Digi24 declar\u00f3: \u00abUn pa\u00eds que se respeta no permite que su espacio a\u00e9reo se convierta en un paseo para drones rusos\u00bb.<\/p>\n<p>(md\/ elm)<\/p>\n","protected":false},"excerpt":{"rendered":"Los habitantes del peque\u00f1o pueblo quedaron impactados. La ma\u00f1ana del martes (25.12.2025), un dron ruso cay\u00f3 dentro de&hellip;\n","protected":false},"author":2,"featured_media":259845,"comment_status":"","ping_status":"","sticky":false,"template":"","format":"standard","meta":{"footnotes":""},"categories":[42],"tags":[17,18,13,14,11,61,62,63,64,19,20,9,10,15,16,12,21,22,65,66,67],"class_list":{"0":"post-259844","1":"post","2":"type-post","3":"status-publish","4":"format-standard","5":"has-post-thumbnail","7":"category-internacional","8":"tag-breaking-news","9":"tag-breakingnews","10":"tag-featured-news","11":"tag-featurednews","12":"tag-headlines","13":"tag-internacional","14":"tag-international","15":"tag-international-news","16":"tag-internationalnews","17":"tag-latest-news","18":"tag-latestnews","19":"tag-news","20":"tag-noticias","21":"tag-noticias-destacadas","22":"tag-noticiasdestacadas","23":"tag-titulares","24":"tag-ultimas-noticias","25":"tag-ultimasnoticias","26":"tag-world","27":"tag-world-news","28":"tag-worldnews"},"share_on_mastodon":{"url":"https:\/\/pubeurope.com\/@es\/115625975165480830","error":""},"_links":{"self":[{"href":"https:\/\/www.europesays.com\/es\/wp-json\/wp\/v2\/posts\/259844","targetHints":{"allow":["GET"]}}],"collection":[{"href":"https:\/\/www.europesays.com\/es\/wp-json\/wp\/v2\/posts"}],"about":[{"href":"https:\/\/www.europesays.com\/es\/wp-json\/wp\/v2\/types\/post"}],"author":[{"embeddable":true,"href":"https:\/\/www.europesays.com\/es\/wp-json\/wp\/v2\/users\/2"}],"replies":[{"embeddable":true,"href":"https:\/\/www.europesays.com\/es\/wp-json\/wp\/v2\/comments?post=259844"}],"version-history":[{"count":0,"href":"https:\/\/www.europesays.com\/es\/wp-json\/wp\/v2\/posts\/259844\/revisions"}],"wp:featuredmedia":[{"embeddable":true,"href":"https:\/\/www.europesays.com\/es\/wp-json\/wp\/v2\/media\/259845"}],"wp:attachment":[{"href":"https:\/\/www.europesays.com\/es\/wp-json\/wp\/v2\/media?parent=259844"}],"wp:term":[{"taxonomy":"category","embeddable":true,"href":"https:\/\/www.europesays.com\/es\/wp-json\/wp\/v2\/categories?post=259844"},{"taxonomy":"post_tag","embeddable":true,"href":"https:\/\/www.europesays.com\/es\/wp-json\/wp\/v2\/tags?post=259844"}],"curies":[{"name":"wp","href":"https:\/\/api.w.org\/{rel}","templated":true}]}}