{"id":259851,"date":"2025-11-28T06:54:04","date_gmt":"2025-11-28T06:54:04","guid":{"rendered":"https:\/\/www.europesays.com\/es\/259851\/"},"modified":"2025-11-28T06:54:04","modified_gmt":"2025-11-28T06:54:04","slug":"el-unicaja-presenta-a-rubit-y-da-por-hecha-la-salida-de-castaneda","status":"publish","type":"post","link":"https:\/\/www.europesays.com\/es\/259851\/","title":{"rendered":"El Unicaja presenta a Rubit y da por hecha la salida de Casta\u00f1eda"},"content":{"rendered":"<p data-mrf-recirculation=\"Links P\u00e1rrafos\" class=\"ue-c-article__paragraph paragraph ue-c-article--first-letter-highlighted\">J<strong>uanma Rodr\u00edguez<\/strong> compareci\u00f3 este mediod\u00eda en el <strong>Mart\u00edn Carpena<\/strong> durante la presentaci\u00f3n de <strong>Augustine Rubit<\/strong> y abord\u00f3 con claridad la situaci\u00f3n de la plantilla tras la grave lesi\u00f3n de <strong>Kravish<\/strong> y el futuro de <strong>Dylan Casta\u00f1eda<\/strong>. El director deportivo del <strong>Unicaja <\/strong>se mostr\u00f3 satisfecho con la llegada del interior estadounidense, al que ve como un jugador capaz de aportar en la posici\u00f3n de \u20184,5\u2019.<\/p>\n<p data-mrf-recirculation=\"Links P\u00e1rrafos\" class=\"ue-c-article__paragraph paragraph\">El club ha utilizado la plaza de extracomunitario disponible para incorporar a <strong>Rubit<\/strong>, por lo que cualquier refuerzo que llegue ahora deber\u00e1 contar con pasaporte comunitario, un condicionante que reduce notablemente el mercado. En este contexto, <strong>Rodr\u00edguez <\/strong>dio pr\u00e1cticamente por cerrada la etapa de Casta\u00f1eda en el equipo.<\/p>\n<p data-mrf-recirculation=\"Links P\u00e1rrafos\" class=\"ue-c-article__paragraph paragraph\">\u201c<strong>Siempre estamos atentos al mercado<\/strong>\u201d, se\u00f1al\u00f3 al ser cuestionado por el posible sustituto del combo, asumiendo que la salida del jugador con pasaporte bosnio es un hecho. Pese a ello, quiso dejar claro que no hay reproches hacia su actitud: \u201c<strong>No lo escondo esta vez. A pesar de que su actitud es muy buena cada d\u00eda, por unas cosas u otras las cosas no est\u00e1n saliendo<\/strong>. Tenemos que buscar a alguien que pueda mejorar esta situaci\u00f3n\u201d.<\/p>\n<p data-mrf-recirculation=\"Links P\u00e1rrafos\" class=\"ue-c-article__paragraph paragraph\"><strong>Rodr\u00edguez<\/strong> tambi\u00e9n apunt\u00f3 que el rendimiento de Casta\u00f1eda cambi\u00f3 tras su lesi\u00f3n con la selecci\u00f3n en febrero: \u201c<strong>No ha sido el mismo jugador desde la lesi\u00f3n<\/strong>\u201d. Adem\u00e1s, reflexion\u00f3 sobre la dificultad de acertar con jugadores sin experiencia en la ACB: \u201c<strong>Quiz\u00e1 esta Liga no perdona a nadie<\/strong>. Su tama\u00f1o. No lo s\u00e9. Nos sirve para aprender de cara al futuro\u201d.<\/p>\n","protected":false},"excerpt":{"rendered":"Juanma Rodr\u00edguez compareci\u00f3 este mediod\u00eda en el Mart\u00edn Carpena durante la presentaci\u00f3n de Augustine Rubit y abord\u00f3 con&hellip;\n","protected":false},"author":2,"featured_media":259852,"comment_status":"","ping_status":"","sticky":false,"template":"","format":"standard","meta":{"footnotes":""},"categories":[269],"tags":[299,298,168,25,24,23,167],"class_list":{"0":"post-259851","1":"post","2":"type-post","3":"status-publish","4":"format-standard","5":"has-post-thumbnail","7":"category-baloncesto","8":"tag-baloncesto","9":"tag-basketball","10":"tag-deportes","11":"tag-es","12":"tag-espana","13":"tag-spain","14":"tag-sports"},"share_on_mastodon":{"url":"https:\/\/pubeurope.com\/@es\/115626014642665775","error":""},"_links":{"self":[{"href":"https:\/\/www.europesays.com\/es\/wp-json\/wp\/v2\/posts\/259851","targetHints":{"allow":["GET"]}}],"collection":[{"href":"https:\/\/www.europesays.com\/es\/wp-json\/wp\/v2\/posts"}],"about":[{"href":"https:\/\/www.europesays.com\/es\/wp-json\/wp\/v2\/types\/post"}],"author":[{"embeddable":true,"href":"https:\/\/www.europesays.com\/es\/wp-json\/wp\/v2\/users\/2"}],"replies":[{"embeddable":true,"href":"https:\/\/www.europesays.com\/es\/wp-json\/wp\/v2\/comments?post=259851"}],"version-history":[{"count":0,"href":"https:\/\/www.europesays.com\/es\/wp-json\/wp\/v2\/posts\/259851\/revisions"}],"wp:featuredmedia":[{"embeddable":true,"href":"https:\/\/www.europesays.com\/es\/wp-json\/wp\/v2\/media\/259852"}],"wp:attachment":[{"href":"https:\/\/www.europesays.com\/es\/wp-json\/wp\/v2\/media?parent=259851"}],"wp:term":[{"taxonomy":"category","embeddable":true,"href":"https:\/\/www.europesays.com\/es\/wp-json\/wp\/v2\/categories?post=259851"},{"taxonomy":"post_tag","embeddable":true,"href":"https:\/\/www.europesays.com\/es\/wp-json\/wp\/v2\/tags?post=259851"}],"curies":[{"name":"wp","href":"https:\/\/api.w.org\/{rel}","templated":true}]}}