{"id":259857,"date":"2025-11-28T06:59:10","date_gmt":"2025-11-28T06:59:10","guid":{"rendered":"https:\/\/www.europesays.com\/es\/259857\/"},"modified":"2025-11-28T06:59:10","modified_gmt":"2025-11-28T06:59:10","slug":"david-broncano-pone-sobre-la-mesa-por-que-hay-mucha-gente-que-prefiere-ahora-la-dictadura-que-los-que-mandan-tomen-nota-el-huffpost","status":"publish","type":"post","link":"https:\/\/www.europesays.com\/es\/259857\/","title":{"rendered":"David Broncano pone sobre la mesa por qu\u00e9 hay mucha gente que prefiere ahora la dictadura: que los que mandan tomen nota &#8211; El HuffPost"},"content":{"rendered":"<ol>\n<li><a href=\"https:\/\/news.google.com\/rss\/articles\/CBMiwwFBVV95cUxPQ3E1RHBoeUdQNmhHSU1RZXRmbUpRei1WTFp4MkMwakVzckw4NnZWaENpVW9TZmlxVUpQZmtXckQ1SnZBSHZPdFgyWTM0enFNU2l2MGhzSl80VzZkZWtSS3R3TFlHb3E0X241NDRjY3REN0o5NTZ4YzZJbEF6MndGLVBtejJlcW5wSlk4LUowS1V4LVljXzdLdE10UEJVMkF1WDJpRU45Rjc4QWZoUDVBbkhUVlNQcWZDU3ZzTzUwZ0VvZHc?oc=5\" target=\"_blank\" rel=\"nofollow noopener\">David Broncano pone sobre la mesa por qu\u00e9 hay mucha gente que prefiere ahora la dictadura: que los que mandan tomen nota<\/a>&nbsp;&nbsp;El HuffPost<\/li>\n<li><a href=\"https:\/\/news.google.com\/rss\/articles\/CBMi2wFBVV95cUxQZXNzZlpUZlpEVlIyS05QOXlTRjZJa2ZhblI0RTE5Zl9RLTVyTEtHMUxwWWVMSlM4RlRTZ0wxTHFvcDFtWGZkQjRXcVNuWDZtUmpoczZLdEg4eXAycm9BVHJ4YVl0dnNoUGQ3dlF6QU1FVXBHb3o0cy1uYnNjMVh4bHVSazdCRzkxUnZWQVZMZXIzbzJlTVZoM1pSZXpVOTJVT25kWGx5V2szdU9feDlDdDJrcFdnMEtuTXotbzdoUU9uZzlnMC1nZU9oVXJHbnkteVR4YThBNGNQVm8?oc=5\" target=\"_blank\" rel=\"nofollow noopener\">Javier Cercas deja a Broncano con las ganas de quedarse un objeto que lleva a &#8216;La Revuelta&#8217;: \u00abNo te lo regalo\u00bb<\/a>&nbsp;&nbsp;20Minutos<\/li>\n<li><a href=\"https:\/\/news.google.com\/rss\/articles\/CBMiwgFBVV95cUxOZGNTMHhCZDBqbVgybFNidVZnb0V2ZS1YNEt2elJNWXBEY0NhQmptOVhOS1BBZ2VlMldEdkNaODdlWGNmQ2ZBSGcwVG9HRGFKZlV1OUVWM2sxUTdGN0oyVmtZRkx1Q0ZMa01hUWZQOVJ2TktpN3EtX3J3a2xvSHlBMHF6dDZSM0VFUlpWX2lldlFWdU9UQnN6MndmTGVITGpCU2ZZX1ppUUk2VC1nVENVWktfV25Hek14RDJfMVBCSUEzQQ?oc=5\" target=\"_blank\" rel=\"nofollow noopener\">Javier Cercas y Eduard Fern\u00e1ndez reflexionan en &#8216;La Revuelta&#8217; sobre la transici\u00f3n espa\u00f1ola: \u201dHay quien prefiere la dictadura\u201d<\/a>&nbsp;&nbsp;La Vanguardia<\/li>\n<li><a href=\"https:\/\/news.google.com\/rss\/articles\/CBMi6wFBVV95cUxQR24xemxJUlFpSl9WakhjMGZvWTBPUHRWY05PblEzeDJSMDNvcmhhbm5vWjliWDJLa2pqU0lYU0RiUlJTU1dfanJLQU81MkVZWVNLc0laR0JBMTF5ZmtYZnVVZzEtNFRXdTVaYlE1UG91M0hxamR3MVhGNHNfb3JJZnR2RG9LOUJ2YnpZSG40VFN1N2hJYWRRNjZJSHRXWGNrWDdqVzZrWGQ4ZU04UWxhY3o2blFWeXpiMzUxbmxNZG9ZelFsQlFuQkRxUjFnWEo1Wmoyd2Q2cC13by1JNXdnYjFVZUIyMXd1NHo0?oc=5\" target=\"_blank\" rel=\"nofollow noopener\">Javier Cercas regala a David Broncano en &#8216;La Revuelta&#8217; un obsequio proveniente del Papa Francisco: \u00abMe lo dio \u00e9l y yo te lo regalo a ti\u00bb<\/a>&nbsp;&nbsp;Lecturas<\/li>\n<li><a href=\"https:\/\/news.google.com\/rss\/articles\/CBMi-wFBVV95cUxORjFTREZPLUdxSERoN3k0Und4aDJ1TXpHNlVPSnJwSExybzQwQzJON0ltS1hhckZObEJaX2JBRlZBbURRejBlWERVanJ6NVQ1NV9sajFBb0s2WHBRVFVneHo1bjlSVklQZHJkbjJXRkl0d1NmX2lKY1VnS3hpaC1FV25RVjZINkVPRUVwaHBIRDV0WmNKMG1rdTZOWFB4QXZka0U5NGtkcTR4WjgyYmVYV1kydXd2X19hU2t0alJTNmd5dmFvNjdfdUZTVU90QlVCZFJvSU40X3ZwTGJhZXVsTnVBYjk5aTRjWmRvNXVoYW51RUpkTnUyUktUNNIB-wFBVV95cUxPZkFlbGFVaFQ3X21XTTRpUGR4VUw2MkJ4ZU9ScE40ZFhwRDdLR2JVTXlrNHdGM01ZenQ1Y205RTJRbXg3VVp4UjlUQTNRcDBhbERiak5TNjVudFpuWWh4b05fZ0lZU3dRQjMwY2JwaGVxOHZnOGdKU050b1kzNDVfbDFValA2QklubGUteG9qTkVJcUtGYUt0MDAzc3NsMzMwTDBUYVJCelpUNVcwNWNkMmtySExCc09rU0pxMmN3ei02UFVmaXVyNmFsajFNVlVzd052UWM5MWowVWdNY3o1c3Y5Skh5YjFJT0JDS2g1aFpSSDZfTnEzd1dZaw?oc=5\" target=\"_blank\" rel=\"nofollow noopener\">David Broncano bromea con Eduard Fern\u00e1ndez despu\u00e9s de que le regalara un sem\u00e1foro de tiempos: \u00abHab\u00e9is ido al Congreso a robar, como todos, \u00bfno?\u00bb<\/a>&nbsp;&nbsp;MARCA<\/li>\n<\/ol>\n","protected":false},"excerpt":{"rendered":"David Broncano pone sobre la mesa por qu\u00e9 hay mucha gente que prefiere ahora la dictadura: que los&hellip;\n","protected":false},"author":2,"featured_media":259858,"comment_status":"","ping_status":"","sticky":false,"template":"","format":"standard","meta":{"footnotes":""},"categories":[171],"tags":[9029,146,147,25,24,17307,23,214],"class_list":{"0":"post-259857","1":"post","2":"type-post","3":"status-publish","4":"format-standard","5":"has-post-thumbnail","7":"category-tv","8":"tag-david-broncano","9":"tag-entertainment","10":"tag-entretenimiento","11":"tag-es","12":"tag-espana","13":"tag-francisco-franco","14":"tag-spain","15":"tag-tv"},"share_on_mastodon":{"url":"https:\/\/pubeurope.com\/@es\/115626034130754976","error":""},"_links":{"self":[{"href":"https:\/\/www.europesays.com\/es\/wp-json\/wp\/v2\/posts\/259857","targetHints":{"allow":["GET"]}}],"collection":[{"href":"https:\/\/www.europesays.com\/es\/wp-json\/wp\/v2\/posts"}],"about":[{"href":"https:\/\/www.europesays.com\/es\/wp-json\/wp\/v2\/types\/post"}],"author":[{"embeddable":true,"href":"https:\/\/www.europesays.com\/es\/wp-json\/wp\/v2\/users\/2"}],"replies":[{"embeddable":true,"href":"https:\/\/www.europesays.com\/es\/wp-json\/wp\/v2\/comments?post=259857"}],"version-history":[{"count":0,"href":"https:\/\/www.europesays.com\/es\/wp-json\/wp\/v2\/posts\/259857\/revisions"}],"wp:featuredmedia":[{"embeddable":true,"href":"https:\/\/www.europesays.com\/es\/wp-json\/wp\/v2\/media\/259858"}],"wp:attachment":[{"href":"https:\/\/www.europesays.com\/es\/wp-json\/wp\/v2\/media?parent=259857"}],"wp:term":[{"taxonomy":"category","embeddable":true,"href":"https:\/\/www.europesays.com\/es\/wp-json\/wp\/v2\/categories?post=259857"},{"taxonomy":"post_tag","embeddable":true,"href":"https:\/\/www.europesays.com\/es\/wp-json\/wp\/v2\/tags?post=259857"}],"curies":[{"name":"wp","href":"https:\/\/api.w.org\/{rel}","templated":true}]}}