{"id":259863,"date":"2025-11-28T07:02:19","date_gmt":"2025-11-28T07:02:19","guid":{"rendered":"https:\/\/www.europesays.com\/es\/259863\/"},"modified":"2025-11-28T07:02:19","modified_gmt":"2025-11-28T07:02:19","slug":"el-comite-de-apelacion-mantiene-la-roja-a-antony-y-el-betis-pide-al-tad-la-cautelar","status":"publish","type":"post","link":"https:\/\/www.europesays.com\/es\/259863\/","title":{"rendered":"El Comit\u00e9 de Apelaci\u00f3n mantiene la roja a Antony y el Betis pide al TAD la cautelar"},"content":{"rendered":"<p class=\"mb-4 text-lg md:leading-8 break-words\">Sevilla, 27 nov (EFE).- El Comit\u00e9 de Apelaci\u00f3n de la Real Federaci\u00f3n Espa\u00f1ola de F\u00fatbol (RFEF) ha desestimado el recurso presentado por el Betis por la tarjeta roja que el extremo brasile\u00f1o Antony dos Santos vio el pasado domingo ante el Girona.<\/p>\n<p class=\"mb-4 text-lg md:leading-8 break-words\">El Betis, tras ser informado de esa decisi\u00f3n, ha presentado un recurso ante el Tribunal Administrativo del Deporte (TAD) en el que pide la suspensi\u00f3n cautelar de la sanci\u00f3n de un encuentro con la quefue castigado el futbolista.<\/p>\n<p class=\"mb-4 text-lg md:leading-8 break-words\">El Comit\u00e9 de Disciplina de la RFEF ya comunic\u00f3 al Betis que desestimaba las alegaciones presentadas, lo que motiv\u00f3 que la entidad verdiblanca presentar\u00e1 ante el de Apelaci\u00f3n un recurso que tambi\u00e9n ha sido desestimado, informaron en la tarde de este jueves fuentes del club sevillano.<\/p>\n<p class=\"mb-4 text-lg md:leading-8 break-words\">Las mismas fuentes apuntan que el Betis ha presentado ya un recurso ante el TAD y ha solicitado la suspensi\u00f3n cautelar de la sanci\u00f3n hasta que el tribunal decida sobre el fondo de la cuesti\u00f3n, y tambi\u00e9n que este viernes este tribunal, dependiente del Consejo Superior de Deportes (CSD), deber\u00eda resolver sobre la solicitud de la cautelar.<\/p>\n<p class=\"mb-4 text-lg md:leading-8 break-words\">El delantero brasile\u00f1o declar\u00f3 el pasado lunes que esperaba \u00abjugar el derbi\u00bb del pr\u00f3ximo domingo ante el Sevilla en el Ram\u00f3n S\u00e1nchez-Pizju\u00e1n pese a haber sido expulsado ante al Girona, por lo que el club recurri\u00f3 su expulsi\u00f3n al considerar que fue una acci\u00f3n involuntaria la que motiv\u00f3 la tarjeta roja.<\/p>\n<p class=\"mb-4 text-lg md:leading-8 break-words\">\u00abNo ten\u00eda intenci\u00f3n de golpear a Joel Roca, por eso vamos a intentar recurrir. Yo gan\u00e9 el cuerpo a cuerpo e hice la chilena, pero no lo vi a \u00e9l porque estaba mirando el bal\u00f3n. Expulsarme fue decisi\u00f3n del VAR, el \u00e1rbitro sab\u00eda que yo no ten\u00eda intenci\u00f3n de darle\u00bb, explic\u00f3 Antony a los periodistas a la salida de la ciudad deportiva tras el entrenamiento del lunes. EFE<\/p>\n<p class=\"mb-4 text-lg md:leading-8 break-words\">(c) Agencia EFE<\/p>\n","protected":false},"excerpt":{"rendered":"Sevilla, 27 nov (EFE).- El Comit\u00e9 de Apelaci\u00f3n de la Real Federaci\u00f3n Espa\u00f1ola de F\u00fatbol (RFEF) ha desestimado&hellip;\n","protected":false},"author":2,"featured_media":259864,"comment_status":"","ping_status":"","sticky":false,"template":"","format":"standard","meta":{"footnotes":""},"categories":[93],"tags":[65008,291,24103,168,995,25,24,25093,23,167],"class_list":{"0":"post-259863","1":"post","2":"type-post","3":"status-publish","4":"format-standard","5":"has-post-thumbnail","7":"category-deportes","8":"tag-antony-dos-santos","9":"tag-betis","10":"tag-consejo-superior-de-deportes","11":"tag-deportes","12":"tag-efe","13":"tag-es","14":"tag-espana","15":"tag-real-federacion-espanola-de-futbol","16":"tag-spain","17":"tag-sports"},"share_on_mastodon":{"url":"https:\/\/pubeurope.com\/@es\/115626045886334177","error":""},"_links":{"self":[{"href":"https:\/\/www.europesays.com\/es\/wp-json\/wp\/v2\/posts\/259863","targetHints":{"allow":["GET"]}}],"collection":[{"href":"https:\/\/www.europesays.com\/es\/wp-json\/wp\/v2\/posts"}],"about":[{"href":"https:\/\/www.europesays.com\/es\/wp-json\/wp\/v2\/types\/post"}],"author":[{"embeddable":true,"href":"https:\/\/www.europesays.com\/es\/wp-json\/wp\/v2\/users\/2"}],"replies":[{"embeddable":true,"href":"https:\/\/www.europesays.com\/es\/wp-json\/wp\/v2\/comments?post=259863"}],"version-history":[{"count":0,"href":"https:\/\/www.europesays.com\/es\/wp-json\/wp\/v2\/posts\/259863\/revisions"}],"wp:featuredmedia":[{"embeddable":true,"href":"https:\/\/www.europesays.com\/es\/wp-json\/wp\/v2\/media\/259864"}],"wp:attachment":[{"href":"https:\/\/www.europesays.com\/es\/wp-json\/wp\/v2\/media?parent=259863"}],"wp:term":[{"taxonomy":"category","embeddable":true,"href":"https:\/\/www.europesays.com\/es\/wp-json\/wp\/v2\/categories?post=259863"},{"taxonomy":"post_tag","embeddable":true,"href":"https:\/\/www.europesays.com\/es\/wp-json\/wp\/v2\/tags?post=259863"}],"curies":[{"name":"wp","href":"https:\/\/api.w.org\/{rel}","templated":true}]}}