{"id":259872,"date":"2025-11-28T07:07:13","date_gmt":"2025-11-28T07:07:13","guid":{"rendered":"https:\/\/www.europesays.com\/es\/259872\/"},"modified":"2025-11-28T07:07:13","modified_gmt":"2025-11-28T07:07:13","slug":"macron-anuncia-un-nuevo-servicio-militar-voluntario-en-francia-a-partir-de-2026","status":"publish","type":"post","link":"https:\/\/www.europesays.com\/es\/259872\/","title":{"rendered":"Macron anuncia un nuevo servicio militar voluntario en Francia a partir de 2026"},"content":{"rendered":"<p>    <img src=\"https:\/\/www.europesays.com\/es\/wp-content\/uploads\/2025\/11\/2025-11-27T123A453A55Z-90526018.jpg\" width=\"1024\" height=\"682\" alt=\"\" loading=\"eager\" decoding=\"sync\" fetchpriority=\"high\"\/><\/p>\n<p>            afp_tickers        <\/p>\n<p>        Este contenido fue publicado en    <\/p>\n<p>        27 noviembre 2025 &#8211; 13:45\n<\/p>\n<p>El presidente Emmanuel Macron anunci\u00f3 este jueves la instauraci\u00f3n de un nuevo servicio militar voluntario a partir de mediados de 2026 para los j\u00f3venes de 18 y 19 a\u00f1os, ante la \u00abaceleraci\u00f3n de las crisis\u00bb y \u00abel recrudecimiento de las amenazas\u00bb.<\/p>\n<p>Francia sigue as\u00ed la estela de otros pa\u00edses europeos, que ante la creciente amenaza que ven en Rusia y las dudas sobre su aliado estadounidense reintrodujeron un servicio militar, ya sea obligatorio o voluntario.<\/p>\n<p>\u00abUn nuevo servicio nacional se instaurar\u00e1 progresivamente a partir del pr\u00f3ximo verano\u00bb boreal, anunci\u00f3 Macron, durante la visita a una brigada de infanter\u00eda en Varces, en el sureste de Francia.<\/p>\n<p>Este servicio militar est\u00e1 destinado principalmente a j\u00f3venes voluntarios de 18 y 19 a\u00f1os, durar\u00e1 10 meses y estar\u00e1 remunerado con unos 800 euros mensuales (unos 926 d\u00f3lares), precis\u00f3 la presidencia francesa.<\/p>\n<p>El objetivo de este programa es contar con unos 3.000 voluntarios en la primera promoci\u00f3n de 2026 y alcanzar los 42.500 en 2035.<\/p>\n<p>El anuncio se produce tras la pol\u00e9mica generada por el jefe del Estado Mayor de los Ej\u00e9rcitos, el general Fabien Mandon, quien la semana pasada llam\u00f3 a los franceses a \u00abaceptar perder a sus hijos\u00bb en caso de conflictos en Europa.<\/p>\n<p>Los voluntarios s\u00f3lo servir\u00e1n en el \u00abterritorio nacional\u00bb, aclar\u00f3 el presidente franc\u00e9s, para quien la \u00abjuventud tiene sed de compromiso\u00bb y \u00abexiste una generaci\u00f3n lista para levantarse por la patria\u00bb.<\/p>\n<p>Francia suspendi\u00f3 el servicio militar obligatorio en 1997, durante la presidencia del conservador Jacques Chirac, al igual que otros pa\u00edses tras la desaparici\u00f3n de la Uni\u00f3n Sovi\u00e9tica en 1991 y el fin de la Guerra Fr\u00eda.<\/p>\n<p>Sin embargo, la invasi\u00f3n rusa de Ucrania en 2022 devolvi\u00f3 los temores a Europa.<\/p>\n<p>\u00abLa aceleraci\u00f3n de las crisis, el recrudecimiento de las amenazas me llevan a proponer hoy un servicio nacional puramente militar\u00bb, subray\u00f3 Macron.<\/p>\n<p>Un 86% de franceses es favorable a la reintroducci\u00f3n de un servicio militar y un 33% pide que sea voluntario, seg\u00fan una sondeo de marzo de Ipsos.<\/p>\n<p>fff-tjc\/avl<\/p>\n","protected":false},"excerpt":{"rendered":"afp_tickers Este contenido fue publicado en 27 noviembre 2025 &#8211; 13:45 El presidente Emmanuel Macron anunci\u00f3 este jueves&hellip;\n","protected":false},"author":2,"featured_media":259873,"comment_status":"","ping_status":"","sticky":false,"template":"","format":"standard","meta":{"footnotes":""},"categories":[42],"tags":[11642,17,18,11643,13,14,4437,11,61,62,63,64,19,20,9,10,15,16,88,90,12,21,22,65,66,67],"class_list":{"0":"post-259872","1":"post","2":"type-post","3":"status-publish","4":"format-standard","5":"has-post-thumbnail","7":"category-internacional","8":"tag-armed-forces","9":"tag-breaking-news","10":"tag-breakingnews","11":"tag-defence","12":"tag-featured-news","13":"tag-featurednews","14":"tag-government","15":"tag-headlines","16":"tag-internacional","17":"tag-international","18":"tag-international-news","19":"tag-internationalnews","20":"tag-latest-news","21":"tag-latestnews","22":"tag-news","23":"tag-noticias","24":"tag-noticias-destacadas","25":"tag-noticiasdestacadas","26":"tag-politics","27":"tag-ticker","28":"tag-titulares","29":"tag-ultimas-noticias","30":"tag-ultimasnoticias","31":"tag-world","32":"tag-world-news","33":"tag-worldnews"},"share_on_mastodon":{"url":"https:\/\/pubeurope.com\/@es\/115626065821597893","error":""},"_links":{"self":[{"href":"https:\/\/www.europesays.com\/es\/wp-json\/wp\/v2\/posts\/259872","targetHints":{"allow":["GET"]}}],"collection":[{"href":"https:\/\/www.europesays.com\/es\/wp-json\/wp\/v2\/posts"}],"about":[{"href":"https:\/\/www.europesays.com\/es\/wp-json\/wp\/v2\/types\/post"}],"author":[{"embeddable":true,"href":"https:\/\/www.europesays.com\/es\/wp-json\/wp\/v2\/users\/2"}],"replies":[{"embeddable":true,"href":"https:\/\/www.europesays.com\/es\/wp-json\/wp\/v2\/comments?post=259872"}],"version-history":[{"count":0,"href":"https:\/\/www.europesays.com\/es\/wp-json\/wp\/v2\/posts\/259872\/revisions"}],"wp:featuredmedia":[{"embeddable":true,"href":"https:\/\/www.europesays.com\/es\/wp-json\/wp\/v2\/media\/259873"}],"wp:attachment":[{"href":"https:\/\/www.europesays.com\/es\/wp-json\/wp\/v2\/media?parent=259872"}],"wp:term":[{"taxonomy":"category","embeddable":true,"href":"https:\/\/www.europesays.com\/es\/wp-json\/wp\/v2\/categories?post=259872"},{"taxonomy":"post_tag","embeddable":true,"href":"https:\/\/www.europesays.com\/es\/wp-json\/wp\/v2\/tags?post=259872"}],"curies":[{"name":"wp","href":"https:\/\/api.w.org\/{rel}","templated":true}]}}