{"id":259891,"date":"2025-11-28T07:27:08","date_gmt":"2025-11-28T07:27:08","guid":{"rendered":"https:\/\/www.europesays.com\/es\/259891\/"},"modified":"2025-11-28T07:27:08","modified_gmt":"2025-11-28T07:27:08","slug":"repunta-la-venta-de-los-test-rapidos-que-distinguen-entre-gripe-a-gripe-b-covid-y-vrs","status":"publish","type":"post","link":"https:\/\/www.europesays.com\/es\/259891\/","title":{"rendered":"Repunta la venta de los test r\u00e1pidos que distinguen entre gripe A, gripe B, covid y VRS"},"content":{"rendered":"<p><a class=\"v-mdl-ath__fig-a\" href=\"https:\/\/www.lagacetadesalamanca.es\/autor\/javier-hernandez-5987.html\" title=\"Javier Hern\u00e1ndez\" rel=\"nofollow noopener\" target=\"_blank\"><br \/>\n<img decoding=\"async\" class=\"v-mdl-ath__img\" src=\"https:\/\/s2.ppllstatics.com\/comun\/img\/2014\/autor\/autor-5987-foto-1.png\" alt=\"Javier Hern\u00e1ndez\"\/><br \/>\n<\/a><\/p>\n<p class=\"v-mdl-ath__p v-mdl-ath__p--6\">\nViernes, 28 de noviembre 2025, 06:30<\/p>\n<p class=\"v-p\">La Junta de Castilla y Le\u00f3n ha lanzado una recomendaci\u00f3n para que, tanto cuidadores como personas vulnerables, empiecen a utilizar la mascarilla hasta que la epidemia de gripe remita.<\/p>\n<p class=\"v-p\">Arag\u00f3n ha sido la primera comunidad en tomar medidas preventivas frente a la gripe. <strong>Lo hizo el martes, anunciando el uso obligatorio de mascarillas en centros sanitarios. <\/strong><\/p>\n<p class=\"v-p\">La Consejer\u00eda de Sanidad de Castilla y Le\u00f3n <strong>nunca ha sido partidaria de las imposiciones -salvo cuando lo impuso el Ministerio de Sanidad-, pero s\u00ed de emitir recomendaciones<\/strong>. Las que ha lanzado este jueves son extensas. La Junta recuerda a la poblaci\u00f3n que, ante el aumento de infecciones respiratorias, conviene seguir las pautas de vacunaci\u00f3n, usar mascarilla si hay s\u00edntomas, extremar precauciones en mayores y colectivos vulnerables, ventilar bien los espacios cerrados y reforzar las medidas de higiene y etiqueta respiratoria. <strong>En residencias se pide fortalecer los protocolos internos de prevenci\u00f3n, mientras que a los profesionales sanitarios se les recomienda utilizar mascarilla al atender a pacientes inmunodeprimidos<\/strong> o con infecciones respiratorias. Adem\u00e1s, Salud P\u00fablica mantiene la vigilancia epidemiol\u00f3gica, revisa la adecuaci\u00f3n de las vacunas, controla coberturas e impulsa la difusi\u00f3n de recomendaciones para contener la onda epid\u00e9mica.<\/p>\n<p class=\"v-p\">Sacyl recuerda que este viernes -y durante todo el fin de semana- se estrena la vacunaci\u00f3n masiva y sin cita en los puntos de atenci\u00f3n continuada de la Comunidad.<\/p>\n<p>Repunte de venta de test<\/p>\n<p class=\"v-p\">El incremento de los casos de gripe, covid y otras infecciones respiratorias se est\u00e1 notando en las consultas de los m\u00e9dicos y<a href=\"https:\/\/www.lagacetadesalamanca.es\/salamanca\/incremento-nivel-gripe-llega-urgencias-vacunacion-masiva-20251125063000-nt.html\" target=\"_blank\" data-voc-vtm-id=\"in-text-traffic\" title=\" en los servicios de Urgencias\" data-mrf-link=\"www.lagacetadesalamanca.es\" rel=\"nofollow noopener\"> en los servicios de Urgencias<\/a>, pero tambi\u00e9n en las farmacias salmantinas, donde han aumentado las ventas de los test r\u00e1pidos capaces de detectar m\u00faltiples virus. <\/p>\n<p class=\"v-p\">\u00abSon como los famosos test de ant\u00edgenos que se popularizaron desde 2020 para saber si est\u00e1bamos infectados del SarsCov2, pero que <strong>con una misma muestra son capaces de detectar si la infecci\u00f3n que tenemos es la covid, la gripe A, la gripe B o el VRS<\/strong> (virus respiratorio sincitial)\u00bb, apuntan desde el Colegio Oficial de Farmac\u00e9uticos.<\/p>\n<p class=\"v-p\">Al igual que sucedi\u00f3 con los test del coronavirus, el precio m\u00e1ximo de estos kits est\u00e1 limitado por el Gobierno y no puede superar los 2,94 euros.<\/p>\n<p class=\"v-p\">\u00abEl a\u00f1o pasado por estas fechas tambi\u00e9n sucedi\u00f3, que cuando hay repuntes de contagios, tambi\u00e9n aumentan las ventas\u00bb, expresa la presidenta del Colegio de Farmac\u00e9uticos, Mar\u00eda Engracia P\u00e9rez.<\/p>\n<p class=\"v-p\">Desde las consultas de Atenci\u00f3n Primaria recelan de la utilidad de estos test y apuntan: \u00ab\u00bfDe qu\u00e9 te sirve saber si tienes gripe B o tienes covid si el tratamiento es el mismo: paliar la fiebre, los mocos y el posible dolor con un antigripal?\u00bb. <\/p>\n<p class=\"v-p\"><strong>\u00abPuede ser \u00fatil para distinguir entre un simple catarrillo o una infecci\u00f3n v\u00edrica\u00bb,<\/strong> opina Engracia P\u00e9rez, que a\u00f1ade: \u00abUna gripe te suele pegar m\u00e1s fuerte que un catarrillo, porque no deja de ser una infecci\u00f3n respiratoria, y<strong> el papel del farmac\u00e9utico es muy importante durante estos meses en los que la presi\u00f3n asistencial en centros de salud y Urgencias es muy alta\u00bb. <\/strong><\/p>\n<p class=\"v-p\">Mar\u00eda Engracia P\u00e9rez expone que \u00ablas farmacias ayudan a explicar al paciente que, de ninguna manera, pueden tomar antibi\u00f3ticos por su cuenta ni ning\u00fan otro tipo de f\u00e1rmaco sin indicaci\u00f3n\u00bb. \u00abHacemos una tarea importante de calmar a la poblaci\u00f3n y prestar un asesoramiento que puede aliviar la presi\u00f3n en Primaria, muy alta durante estas fechas. Es importante saber distinguir los s\u00edntomas, saber que en una infecci\u00f3n puede ser m\u00e1s leve y en otros los vas a pasar m\u00e1s agravados\u2026 Sobre todo, vigilar que si esa infecci\u00f3n se extiende en el tiempo y recomendar al paciente que acuda al m\u00e9dico\u00bb.<\/p>\n<p>Reporta un error<\/p>\n","protected":false},"excerpt":{"rendered":"Viernes, 28 de noviembre 2025, 06:30 La Junta de Castilla y Le\u00f3n ha lanzado una recomendaci\u00f3n para que,&hellip;\n","protected":false},"author":2,"featured_media":259892,"comment_status":"","ping_status":"","sticky":false,"template":"","format":"standard","meta":{"footnotes":""},"categories":[92],"tags":[1575,25,24,7749,165,2024,58057,65011,4591,6592,166,23,6313,4220,2913],"class_list":{"0":"post-259891","1":"post","2":"type-post","3":"status-publish","4":"format-standard","5":"has-post-thumbnail","7":"category-salud","8":"tag-ante","9":"tag-es","10":"tag-espana","11":"tag-gripe","12":"tag-health","13":"tag-junta","14":"tag-mascarillas","15":"tag-rapidos","16":"tag-recomienda","17":"tag-repunta","18":"tag-salud","19":"tag-spain","20":"tag-test","21":"tag-uso","22":"tag-venta"},"share_on_mastodon":{"url":"https:\/\/pubeurope.com\/@es\/115626144507948702","error":""},"_links":{"self":[{"href":"https:\/\/www.europesays.com\/es\/wp-json\/wp\/v2\/posts\/259891","targetHints":{"allow":["GET"]}}],"collection":[{"href":"https:\/\/www.europesays.com\/es\/wp-json\/wp\/v2\/posts"}],"about":[{"href":"https:\/\/www.europesays.com\/es\/wp-json\/wp\/v2\/types\/post"}],"author":[{"embeddable":true,"href":"https:\/\/www.europesays.com\/es\/wp-json\/wp\/v2\/users\/2"}],"replies":[{"embeddable":true,"href":"https:\/\/www.europesays.com\/es\/wp-json\/wp\/v2\/comments?post=259891"}],"version-history":[{"count":0,"href":"https:\/\/www.europesays.com\/es\/wp-json\/wp\/v2\/posts\/259891\/revisions"}],"wp:featuredmedia":[{"embeddable":true,"href":"https:\/\/www.europesays.com\/es\/wp-json\/wp\/v2\/media\/259892"}],"wp:attachment":[{"href":"https:\/\/www.europesays.com\/es\/wp-json\/wp\/v2\/media?parent=259891"}],"wp:term":[{"taxonomy":"category","embeddable":true,"href":"https:\/\/www.europesays.com\/es\/wp-json\/wp\/v2\/categories?post=259891"},{"taxonomy":"post_tag","embeddable":true,"href":"https:\/\/www.europesays.com\/es\/wp-json\/wp\/v2\/tags?post=259891"}],"curies":[{"name":"wp","href":"https:\/\/api.w.org\/{rel}","templated":true}]}}