{"id":259911,"date":"2025-11-28T07:42:05","date_gmt":"2025-11-28T07:42:05","guid":{"rendered":"https:\/\/www.europesays.com\/es\/259911\/"},"modified":"2025-11-28T07:42:05","modified_gmt":"2025-11-28T07:42:05","slug":"isco-y-amrabat-se-lesionan-entre-ellos-con-sevilla-y-barca-en-el-horizonte","status":"publish","type":"post","link":"https:\/\/www.europesays.com\/es\/259911\/","title":{"rendered":"Isco y Amrabat se lesionan entre ellos&#8230; con Sevilla y Bar\u00e7a en el horizonte"},"content":{"rendered":"<p class=\"ft-text\">Situaci\u00f3n ins\u00f3lita la vivida en el partido de Europa League entre Betis y Utrecht con una lesi\u00f3n entre compa\u00f1eros. Y es que tan solo empezar el encuentro, <strong>un fuerte choque entre Sofyan Amrabat e Isco ha provocado la lesi\u00f3n de ambos jugadores.<\/strong><\/p>\n<p class=\"ft-text\"><strong>Isco recibi\u00f3 una patada de su propio compa\u00f1ero cuando ambos iban a pugnar por un bal\u00f3n en el minuto dos de partido<\/strong>. El ex del Madrid ha intentado continuar sobre el terreno de juego tras ser atendido, pero finalmente no ha podido continuar en el partido.<\/p>\n<p class=\"ft-text\">De hecho,<strong> se ha retirado directamente al vestuario con visibles gestos de dolor<\/strong>. La mala suerte se ha cebado con Isco, que volv\u00eda a ser titular tras superar sus problemas f\u00edsicos.<\/p>\n<p class=\"ft-text\">Pero no tan solo ha salido malparado Isco, sino que unos <strong>minutos despu\u00e9s Amrabat tambi\u00e9n ha necesitado ser atendido por los servicios m\u00e9dicos.<\/strong> Finalmente, ha sido sustituido gastando as\u00ed otra ventana de cambios para el Betis en el duelo europeo.<\/p>\n<p class=\"ft-text\">Los problemas f\u00edsicos de Amrabat e Isco preocupan a\u00fan m\u00e1s viendo el calendario que tiene por delante el Betis.<strong> Los b\u00e9ticos se miden al Sevilla, su gran derbi, este fin de semana y posteriormente juegan contra el FC Barcelona. <\/strong><\/p>\n<p>Primera valoraci\u00f3n<\/p>\n<p class=\"ft-text\">De acuerdo con la informaci\u00f3n del diario &#8216;Marca&#8217;, las primeras evaluaciones realizadas a Isco Alarc\u00f3n en los vestuarios del Estadio de La Cartuja, llevadas a cabo por los m\u00e9dicos de la primera plantilla del Betis,<strong> apuntan a una fuerte contusi\u00f3n y una herida en la zona de la tibia de su pierna derecha. Este viernes se someter\u00e1 a pruebas adicionales para determinar con precisi\u00f3n el alcance de la lesi\u00f3n.<\/strong><\/p>\n<p class=\"ft-text\">En cuanto a Amrabat, <strong>sufre tambi\u00e9n un golpe considerable en la misma zona de la pierna derecha.<\/strong> Del mismo modo, ser\u00e1 valorado en las pr\u00f3ximas horas por los servicios m\u00e9dicos verdiblancos para <strong>aclarar si todo queda en un simple traumatismo o existe alguna afecci\u00f3n a\u00f1adida.<\/strong><\/p>\n","protected":false},"excerpt":{"rendered":"Situaci\u00f3n ins\u00f3lita la vivida en el partido de Europa League entre Betis y Utrecht con una lesi\u00f3n entre&hellip;\n","protected":false},"author":2,"featured_media":259912,"comment_status":"","ping_status":"","sticky":false,"template":"","format":"standard","meta":{"footnotes":""},"categories":[268],"tags":[32527,291,168,25,24,280,282,18527,35575,1171,281,23,167,8083],"class_list":{"0":"post-259911","1":"post","2":"type-post","3":"status-publish","4":"format-standard","5":"has-post-thumbnail","7":"category-futbol","8":"tag-amrabat","9":"tag-betis","10":"tag-deportes","11":"tag-es","12":"tag-espana","13":"tag-football","14":"tag-futbol","15":"tag-isco","16":"tag-lesiona","17":"tag-sevilla","18":"tag-soccer","19":"tag-spain","20":"tag-sports","21":"tag-surrealista"},"share_on_mastodon":{"url":"https:\/\/pubeurope.com\/@es\/115626203231534504","error":""},"_links":{"self":[{"href":"https:\/\/www.europesays.com\/es\/wp-json\/wp\/v2\/posts\/259911","targetHints":{"allow":["GET"]}}],"collection":[{"href":"https:\/\/www.europesays.com\/es\/wp-json\/wp\/v2\/posts"}],"about":[{"href":"https:\/\/www.europesays.com\/es\/wp-json\/wp\/v2\/types\/post"}],"author":[{"embeddable":true,"href":"https:\/\/www.europesays.com\/es\/wp-json\/wp\/v2\/users\/2"}],"replies":[{"embeddable":true,"href":"https:\/\/www.europesays.com\/es\/wp-json\/wp\/v2\/comments?post=259911"}],"version-history":[{"count":0,"href":"https:\/\/www.europesays.com\/es\/wp-json\/wp\/v2\/posts\/259911\/revisions"}],"wp:featuredmedia":[{"embeddable":true,"href":"https:\/\/www.europesays.com\/es\/wp-json\/wp\/v2\/media\/259912"}],"wp:attachment":[{"href":"https:\/\/www.europesays.com\/es\/wp-json\/wp\/v2\/media?parent=259911"}],"wp:term":[{"taxonomy":"category","embeddable":true,"href":"https:\/\/www.europesays.com\/es\/wp-json\/wp\/v2\/categories?post=259911"},{"taxonomy":"post_tag","embeddable":true,"href":"https:\/\/www.europesays.com\/es\/wp-json\/wp\/v2\/tags?post=259911"}],"curies":[{"name":"wp","href":"https:\/\/api.w.org\/{rel}","templated":true}]}}