{"id":259922,"date":"2025-11-28T07:50:11","date_gmt":"2025-11-28T07:50:11","guid":{"rendered":"https:\/\/www.europesays.com\/es\/259922\/"},"modified":"2025-11-28T07:50:11","modified_gmt":"2025-11-28T07:50:11","slug":"un-analisis-masivo-aclara-por-que-algunas-mutaciones-de-kras-responden-mejor-a-nuevos-farmacos","status":"publish","type":"post","link":"https:\/\/www.europesays.com\/es\/259922\/","title":{"rendered":"Un an\u00e1lisis masivo aclara por qu\u00e9 algunas mutaciones de KRAS responden mejor a nuevos f\u00e1rmacos"},"content":{"rendered":"<p>            <a href=\"https:\/\/gacetamedica.com\/wp-content\/uploads\/2025\/11\/GettyImages-484580162-e1764314908570.jpg\" data-caption=\"\" rel=\"nofollow noopener\" target=\"_blank\"><img loading=\"lazy\" decoding=\"async\" width=\"696\" height=\"522\" class=\"entry-thumb td-modal-image\" src=\"https:\/\/www.europesays.com\/es\/wp-content\/uploads\/2025\/11\/GettyImages-484580162-696x522.jpg\"   alt=\"KRAS\" title=\"\"\/><\/a><\/p>\n<p>Un nuevo estudio ha trazado un mapa detallado del panorama de mutaciones en KRAS y de las terapias dirigidas en c\u00e1ncer colorrectal. El trabajo, elaborado por un equipo del Institut de Recerca Germans Trias i Pujol (IGTP) y del Institut Catal\u00e0 d\u2019Oncologia (ICO), combina an\u00e1lisis gen\u00f3micos con una revisi\u00f3n exhaustiva de f\u00e1rmacos experimentales y ensayos cl\u00ednicos. Los hallazgos se han publicado en npj Precision Oncology y ofrecen una actualizaci\u00f3n clave sobre un campo en r\u00e1pida evoluci\u00f3n.<\/p>\n<p>El <a href=\"https:\/\/gacetamedica.com\/investigacion\/identificada-proteina-clave-metastasis-cancer-colorrectal\/\" data-type=\"link\" data-id=\"https:\/\/gacetamedica.com\/investigacion\/identificada-proteina-clave-metastasis-cancer-colorrectal\/\" target=\"_blank\" rel=\"noreferrer noopener nofollow\">c\u00e1ncer colorrectal (CCR) <\/a>contin\u00faa siendo una de las <strong>principales amenazas oncol\u00f3gicas<\/strong>: ocupa el tercer lugar en incidencia a nivel mundial y es la segunda causa de muerte por c\u00e1ncer, con cerca de dos millones de diagn\u00f3sticos y alrededor de un mill\u00f3n de fallecimientos anuales. Se trata, adem\u00e1s, de un conjunto muy diverso de tumores que presentan perfiles moleculares y comportamientos biol\u00f3gicos muy distintos.<\/p>\n<p>Entre los genes implicados en su desarrollo, KRAS destaca por su protagonismo. Aunque fue uno de los primeros protooncogenes descritos y es el <strong>controlador mutado m\u00e1s habitual en CCR<\/strong>, durante casi cuarenta a\u00f1os se consider\u00f3 inabordable desde el punto de vista terap\u00e9utico. Sin embargo, el desarrollo reciente de inhibidores espec\u00edficos ha modificado por completo este escenario.<\/p>\n<p><strong>Comprender mejor las terapias frente a KRAS<\/strong><\/p>\n<p><a href=\"https:\/\/www.nature.com\/articles\/s41698-025-01166-3\" data-type=\"link\" data-id=\"https:\/\/www.nature.com\/articles\/s41698-025-01166-3\" target=\"_blank\" rel=\"noreferrer noopener nofollow\">El equipo del IGTP y del ICO<\/a>, integrado en los grupos de Gen\u00e9tica y Epigen\u00e9tica del C\u00e1ncer (CGE) y de Investigaci\u00f3n Aplicada en Oncolog\u00eda de Badalona (B\u00b7ARGO), dentro del programa CARE, se propuso profundizar en <strong>c\u00f3mo estos tratamientos dirigidos pueden aplicarse de manera m\u00e1s efectiva<\/strong> en c\u00e1ncer colorrectal.<\/p>\n<p>Los investigadores constataron que, en general, los estudios previos han simplificado en exceso la complejidad del gen KRAS y de sus mutaciones asociadas, pese a su influencia en la <strong>formaci\u00f3n tumoral y en la respuesta a diferentes terapias<\/strong>. Adem\u00e1s, observaron que buena parte de los inhibidores experimentales se desarrollaron espec\u00edficamente para la variante KRAS G12C, poco frecuente en los principales subtipos moleculares del CCR.<\/p>\n<p>Con el objetivo de cubrir estos vac\u00edos, el equipo inici\u00f3 a principios de 2022 un proyecto destinado a aclarar el <strong>contexto gen\u00f3mico de las mutaciones de KRAS<\/strong>. Para ello, examinaron tres grandes cohortes de pacientes (DFCI, TCGA y MSKCC) y verificaron sus conclusiones en un conjunto mayor y parcialmente independiente (MSK-CHORD). De forma paralela, recopilaron y depuraron toda la informaci\u00f3n p\u00fablica disponible sobre compuestos experimentales e investigaciones cl\u00ednicas centradas en KRAS y en las v\u00edas relacionadas.<\/p>\n<p>La r\u00e1pida transformaci\u00f3n del campo \u2014con nuevos inhibidores y ensayos cl\u00ednicos continuamente en desarrollo\u2014 complic\u00f3 el seguimiento de los avances. Aun as\u00ed, el grupo ha logrado reunir una <strong>revisi\u00f3n extensa <\/strong>que recoge la evoluci\u00f3n de los \u00faltimos tres a\u00f1os en mutaciones, terapias y ensayos.<\/p>\n<p>\u00abEl estudio combina an\u00e1lisis gen\u00f3micos computacionales con una recopilaci\u00f3n exhaustiva de compuestos dirigidos a KRAS y ensayos cl\u00ednicos, junto con una revisi\u00f3n detallada de la literatura\u00bb, explic\u00f3 <strong>Sergio Alonso<\/strong>, l\u00edder del grupo CGE en el IGTP. \u00abEste enfoque integrador refuerza la relevancia traslacional del trabajo y proporciona una referencia \u00fatil tanto para investigadores b\u00e1sicos como cl\u00ednicos interesados en las estrategias actuales dirigidas a KRAS en c\u00e1ncer colorrectal\u00bb.<\/p>\n<p><strong>Nuevas claves sobre mutaciones y abordajes terap\u00e9uticos<\/strong><\/p>\n<p>El trabajo profundiza en la relaci\u00f3n entre las alteraciones de KRAS y otras rutas oncog\u00e9nicas, identificando <strong>patrones concretos de comutaci\u00f3n<\/strong> que podr\u00edan ayudar a entender mejor las diferencias en agresividad tumoral y en respuesta al tratamiento. Entre sus conclusiones, los autores cuestionan la propuesta previa de que el gen NF1 act\u00fae como codriver en tumores con mutaci\u00f3n en KRAS, aunque se\u00f1alan otras interacciones que podr\u00edan tener relevancia cl\u00ednica.<\/p>\n<p>Adem\u00e1s del componente gen\u00f3mico, la revisi\u00f3n de f\u00e1rmacos y ensayos ofrece una <strong>panor\u00e1mica muy completa<\/strong> de m\u00e1s de un centenar de compuestos y 156 estudios cl\u00ednicos, en curso o ya finalizados. El an\u00e1lisis muestra una transici\u00f3n progresiva desde inhibidores dise\u00f1ados para mutaciones concretas hacia mol\u00e9culas pan-KRAS o dirigidas a RAS(ON), capaces de abarcar a un grupo m\u00e1s amplio de pacientes. Para facilitar nuevos avances, los autores han puesto a disposici\u00f3n de la comunidad cient\u00edfica tanto los conjuntos de datos como el flujo de trabajo computacional desarrollado.<\/p>\n<p><img fetchpriority=\"high\" decoding=\"async\" width=\"1024\" height=\"797\" src=\"https:\/\/www.europesays.com\/es\/wp-content\/uploads\/2025\/11\/figure-10-1024x797.png\" alt=\"\" class=\"wp-image-223152\" style=\"width:577px;height:auto\"  \/><\/p>\n<p>\u00abEste estudio ofrece un recurso actualizado y completo para mejorar la comprensi\u00f3n del papel de las mutaciones de KRAS en c\u00e1ncer colorrectal y orientar futuras investigaciones cl\u00ednicas\u00bb, a\u00f1adi\u00f3 Alonso. \u00abSu enfoque de datos abiertos y la atenci\u00f3n a un \u00e1rea de alto inter\u00e9s cl\u00ednico pretenden apoyar el dise\u00f1o de estudios mejor fundamentados y contribuir a la oncolog\u00eda de precisi\u00f3n y a la atenci\u00f3n de los pacientes\u00bb.<\/p>\n<p><strong>Tambi\u00e9n te puede interesar\u2026<\/strong><\/p>\n","protected":false},"excerpt":{"rendered":"Un nuevo estudio ha trazado un mapa detallado del panorama de mutaciones en KRAS y de las terapias&hellip;\n","protected":false},"author":2,"featured_media":259923,"comment_status":"","ping_status":"","sticky":false,"template":"","format":"standard","meta":{"footnotes":""},"categories":[92],"tags":[25,24,165,166,23],"class_list":{"0":"post-259922","1":"post","2":"type-post","3":"status-publish","4":"format-standard","5":"has-post-thumbnail","7":"category-salud","8":"tag-es","9":"tag-espana","10":"tag-health","11":"tag-salud","12":"tag-spain"},"share_on_mastodon":{"url":"https:\/\/pubeurope.com\/@es\/115626234884418063","error":""},"_links":{"self":[{"href":"https:\/\/www.europesays.com\/es\/wp-json\/wp\/v2\/posts\/259922","targetHints":{"allow":["GET"]}}],"collection":[{"href":"https:\/\/www.europesays.com\/es\/wp-json\/wp\/v2\/posts"}],"about":[{"href":"https:\/\/www.europesays.com\/es\/wp-json\/wp\/v2\/types\/post"}],"author":[{"embeddable":true,"href":"https:\/\/www.europesays.com\/es\/wp-json\/wp\/v2\/users\/2"}],"replies":[{"embeddable":true,"href":"https:\/\/www.europesays.com\/es\/wp-json\/wp\/v2\/comments?post=259922"}],"version-history":[{"count":0,"href":"https:\/\/www.europesays.com\/es\/wp-json\/wp\/v2\/posts\/259922\/revisions"}],"wp:featuredmedia":[{"embeddable":true,"href":"https:\/\/www.europesays.com\/es\/wp-json\/wp\/v2\/media\/259923"}],"wp:attachment":[{"href":"https:\/\/www.europesays.com\/es\/wp-json\/wp\/v2\/media?parent=259922"}],"wp:term":[{"taxonomy":"category","embeddable":true,"href":"https:\/\/www.europesays.com\/es\/wp-json\/wp\/v2\/categories?post=259922"},{"taxonomy":"post_tag","embeddable":true,"href":"https:\/\/www.europesays.com\/es\/wp-json\/wp\/v2\/tags?post=259922"}],"curies":[{"name":"wp","href":"https:\/\/api.w.org\/{rel}","templated":true}]}}