{"id":259932,"date":"2025-11-28T07:55:08","date_gmt":"2025-11-28T07:55:08","guid":{"rendered":"https:\/\/www.europesays.com\/es\/259932\/"},"modified":"2025-11-28T07:55:08","modified_gmt":"2025-11-28T07:55:08","slug":"feijoo-pide-a-sus-barones-un-esfuerzo-y-colaboracion-para-la-manifestacion-del-domingo-debe-ser-un-exito-espero-contar-con-todos-el-mundo","status":"publish","type":"post","link":"https:\/\/www.europesays.com\/es\/259932\/","title":{"rendered":"Feij\u00f3o pide a sus barones un &quot;esfuerzo&quot; y &quot;colaboraci\u00f3n&quot; para la manifestaci\u00f3n del domingo: &quot;Debe ser un \u00e9xito, espero contar con todos&quot; &#8211; El Mundo"},"content":{"rendered":"<ol>\n<li><a href=\"https:\/\/news.google.com\/rss\/articles\/CBMiekFVX3lxTE1BYklVS29nZVhpX0ZwMWQzZ2N2LTA5b2hBRTAxcUtFWldpMFd5Vmt5Q0ZsYjB4VFN3MHlDMmpTYnc2MVJlVWtoNVdFcGg3Zm5vV1dQcV9KNmd0LWt3eXE5eGV3QnBqdi1lVTd0UjVqYi1KVW8tcWw2Tkxn0gF6QVVfeXFMT29RZC1ERTlUcFZ0V1ZCdkZQdzIzdVZpSUJuR0RBLWthZDhQNFhiRmd2MGxMUXFVMlRTUk5JWXFWWklMMkJHSFlyTkJqcTJaWXJ6UmlzTlh6Wk9pdWQyVUtnOFRid2JLZkZlRjlXdFJocGhaYkpIdmlWd1E?oc=5\" target=\"_blank\" rel=\"nofollow noopener\">Feij\u00f3o pide a sus barones un \u00abesfuerzo\u00bb y \u00abcolaboraci\u00f3n\u00bb para la manifestaci\u00f3n del domingo: \u00abDebe ser un \u00e9xito, espero contar con todos\u00bb<\/a>&nbsp;&nbsp;El Mundo<\/li>\n<li><a href=\"https:\/\/news.google.com\/rss\/articles\/CBMisAJBVV95cUxORTNwYkZPdlRtRm1oZllhaHZCQmVmbVVEc1I0TWkwelktOFV1bms1RGo1Mk10Q2NnSTY2X1I1UFdjdklGT09rYXJ2dWxVSjE1d1dZTHhiQ29KQzBINjFiQmktTENKZ1d4TWZNckg0Y3ZSVVN1R2Q2MW5EbTZGTm8wX3JVeUYxMGlRTkwySzludGR2TmxSN2tDY2wxVWFMUllSd0dTNTF5WmotWjFtOUlIbGRuLUVWeDhZOXAzT2dSSDRXRU1fTkZXX0p3LTlJYXlGZ1poNlA2c3VWOVIyRkp2S2FrX3ZpUWhzM1JxZ0xQZk51SWxXOXNua0dScWlvRWxoQ2hfVi1oeVZnLVB0Rm8tenJHNDJuZWdtdlRuMlQ3bVlJeFhQdjRkanpCd181WXFX0gGwAkFVX3lxTE52WWtIYi12RlhEdnFvckJtYjF2MFlvS0NVQ1J5c1VUNnV6a2wwa20wbl8zcjF4bUU0bEhiNlRpV3BRbjFMSVlEWlVZMjh6WUl3R2tDcFltTlc2YWU5WnVFdTVvYlloeU9RNXZhYkNKTkpVLXNzbjhDUlBwaU5abkREZ216NGcyb05odzNTd3NacG9pSHQzUnZRbDg2M3kxLWhvWEFtVFlVeWJUM0o5QUZfcjFLLTAteS1qNmw2b01ERl9HZHYzd0pjbVE5M1d4akdqdFFtYXBSZlFSSjNJN3ZhUm0zV2QxXzVyREtjZ3djQ29aRXJmVmN4cUw4RlN4NDNvOVNGc0ljdUM4SGlPZU9UWGlQeFNoal85bjB0NGljODRiZFVLWXFjN2EtR016Rng?oc=5\" target=\"_blank\" rel=\"nofollow noopener\">Ramonc\u00edn, a Feij\u00f3o: \u00abIgual que no le convierte en narco compartir lancha con un narco, al presidente no le<\/a>&nbsp;&nbsp;LaSexta<\/li>\n<li><a href=\"https:\/\/news.google.com\/rss\/articles\/CBMiwwFBVV95cUxOaU1GLXM5MFpsaWtiQmhKSmVCbTlQR1YtYUZxVzNjZ0hsWjRKTjNESzBVYnZ6S2lsbUQ1V1VaN0RORlcyZlFjcHhtZTZ3X3lPTGt4cGJsdW0xdHFJRlBtNGozU05ESFBkMzllOUhwUHBJMksyemhRa3QzS2N6cFF1TFdqVFpvN2pjdkFncHgxSXBDaEltbXE4VURrOVdLV0hZSG1pOWtISGhmUHZORmlDMHdtYnY3d1ZFeHVnSEdoN2R2TEU?oc=5\" target=\"_blank\" rel=\"nofollow noopener\">Feij\u00f3o vuelve a las calles contra S\u00e1nchez: \u201cEs la manzana podrida\u201d<\/a>&nbsp;&nbsp;EL PA\u00cdS<\/li>\n<li><a href=\"https:\/\/news.google.com\/rss\/articles\/CBMisAFBVV95cUxNdWp5eDNCaFNnZWhpNDdTSlA4SloxZElPanNkY2lGMGdGVS1OUVZEcUlkZV9uY2M3Z0xfQW5JNFptdHJnd2pQTk9tR01hT0RQZDdYNDhTdXhrZm9Uek9reDdWNVItVkszZElpQk1JLW5HeWdJRy0td0tkNUVicjB3Zm1OSkJqaVlETXNmbXJWbUoxZ01pWEhWNDVaaW0ydlppczFhbWFqdml1b2pWYVFQOQ?oc=5\" target=\"_blank\" rel=\"nofollow noopener\">\u00c1balos se derrumbar\u00e1 en prisi\u00f3n&#8230; Y S\u00e1nchez teme lo peor<\/a>&nbsp;&nbsp;La Raz\u00f3n<\/li>\n<li><a href=\"https:\/\/news.google.com\/rss\/articles\/CBMi9wFBVV95cUxOVUFzY2RBRXNPbWpfSE4zamdGbFFObHdUZ1cxMG1MWWU4Q2RPa2ZJWFBDQzVseGxuLTdCUGVuUV9kUFJHLUdRbFFkZHZjbWczNGRYQjBDSF84aGsxYmQtYVp6c3gtWXVzeFVaOEdTbVhfR3B6a0N2ZWlCYndkYUQwM3NpRjBzNW1jbmpEbXRDX0pQbXJoek1iRnVZR2tBSTA3MnVsNWZjNHg1Si1jWFpwUktua2JqeS1VUUNDZFhacFota2RzQjhmRWxFUndac3kwQjZrZHBhenBQSFFyaFlmaVZObkhvQzg0VXVod2lyckd6b2lYeENJ?oc=5\" target=\"_blank\" rel=\"nofollow noopener\">El Gobierno, conmocionado, no logra desmarcarse de \u00c1balos y Feij\u00f3o pide salir a la calle contra la corrupci\u00f3n de S\u00e1nchez<\/a>&nbsp;&nbsp;El Espa\u00f1ol<\/li>\n<\/ol>\n","protected":false},"excerpt":{"rendered":"Feij\u00f3o pide a sus barones un \u00abesfuerzo\u00bb y \u00abcolaboraci\u00f3n\u00bb para la manifestaci\u00f3n del domingo: \u00abDebe ser un \u00e9xito,&hellip;\n","protected":false},"author":2,"featured_media":248356,"comment_status":"","ping_status":"","sticky":false,"template":"","format":"standard","meta":{"footnotes":""},"categories":[8],"tags":[17,18,25,24,13,14,11,19,20,9,10,15,16,23,12,21,22],"class_list":{"0":"post-259932","1":"post","2":"type-post","3":"status-publish","4":"format-standard","5":"has-post-thumbnail","7":"category-espana","8":"tag-breaking-news","9":"tag-breakingnews","10":"tag-es","11":"tag-espana","12":"tag-featured-news","13":"tag-featurednews","14":"tag-headlines","15":"tag-latest-news","16":"tag-latestnews","17":"tag-news","18":"tag-noticias","19":"tag-noticias-destacadas","20":"tag-noticiasdestacadas","21":"tag-spain","22":"tag-titulares","23":"tag-ultimas-noticias","24":"tag-ultimasnoticias"},"share_on_mastodon":{"url":"https:\/\/pubeurope.com\/@es\/115626254792378531","error":""},"_links":{"self":[{"href":"https:\/\/www.europesays.com\/es\/wp-json\/wp\/v2\/posts\/259932","targetHints":{"allow":["GET"]}}],"collection":[{"href":"https:\/\/www.europesays.com\/es\/wp-json\/wp\/v2\/posts"}],"about":[{"href":"https:\/\/www.europesays.com\/es\/wp-json\/wp\/v2\/types\/post"}],"author":[{"embeddable":true,"href":"https:\/\/www.europesays.com\/es\/wp-json\/wp\/v2\/users\/2"}],"replies":[{"embeddable":true,"href":"https:\/\/www.europesays.com\/es\/wp-json\/wp\/v2\/comments?post=259932"}],"version-history":[{"count":0,"href":"https:\/\/www.europesays.com\/es\/wp-json\/wp\/v2\/posts\/259932\/revisions"}],"wp:featuredmedia":[{"embeddable":true,"href":"https:\/\/www.europesays.com\/es\/wp-json\/wp\/v2\/media\/248356"}],"wp:attachment":[{"href":"https:\/\/www.europesays.com\/es\/wp-json\/wp\/v2\/media?parent=259932"}],"wp:term":[{"taxonomy":"category","embeddable":true,"href":"https:\/\/www.europesays.com\/es\/wp-json\/wp\/v2\/categories?post=259932"},{"taxonomy":"post_tag","embeddable":true,"href":"https:\/\/www.europesays.com\/es\/wp-json\/wp\/v2\/tags?post=259932"}],"curies":[{"name":"wp","href":"https:\/\/api.w.org\/{rel}","templated":true}]}}