{"id":259942,"date":"2025-11-28T08:06:12","date_gmt":"2025-11-28T08:06:12","guid":{"rendered":"https:\/\/www.europesays.com\/es\/259942\/"},"modified":"2025-11-28T08:06:12","modified_gmt":"2025-11-28T08:06:12","slug":"hay-que-tener-mucho-cuidado","status":"publish","type":"post","link":"https:\/\/www.europesays.com\/es\/259942\/","title":{"rendered":"\u00abHay que tener mucho cuidado\u00bb"},"content":{"rendered":"<p style=\"\">Desde hace m\u00e1s de una d\u00e9cada, <strong>Dabiz Mu\u00f1oz<\/strong> y <strong>Cristina Pedroche<\/strong> forman una de las parejas medi\u00e1ticas m\u00e1s consolidadas del panorama televisivo. El <a href=\"https:\/\/www.abc.es\/recreo\/exempleado-diverxo-revela-trabajar-restaurante-dabiz-munoz-20251031115140-nt.html\" title=\"www.abc.es\" data-voc-vtm-id=\"in-text-traffic\" data-mrf-link=\"www.abc.es\" rel=\"nofollow noopener\" target=\"_blank\">chef de DiverXO<\/a> y la presentadora de televisi\u00f3n, que se dieron el &#8216;s\u00ed, quiero&#8217; en una <a href=\"https:\/\/www.abc.es\/play\/television\/noticias\/historia-amor-cristina-pedroche-david-munoz-boda-hija-laia-20240425133612-nt.html\" title=\"www.abc.es\" data-voc-vtm-id=\"in-text-traffic\" data-mrf-link=\"www.abc.es\" rel=\"nofollow noopener\" target=\"_blank\">\u00edntima ceremonia<\/a>  &#8230; celebrada en su casa en 2015, cumplen este a\u00f1o su <strong>d\u00e9cimo aniversario de bodas<\/strong> en un momento dulce para su relaci\u00f3n y su familia, que acaban de ampliar este pasado verano. <\/p>\n<p class=\"voc-p\" style=\"\">A pesar de los rumores de crisis que les han salpicado en los \u00faltimos meses, el matrimonio se ha mostrado m\u00e1s feliz que nunca junto a <strong>sus dos hijos, Laia<\/strong>, nacida en julio de 2023, e <strong>Isai<\/strong>, de apenas cuatro meses. Aunque hacer frente a esta doble maternidad no est\u00e1 siendo f\u00e1cil para la estrella de la Nochevieja, que ha admitido <strong>estar \u00absaturada y sobrepasada\u00bb<\/strong> ante el <a href=\"https:\/\/www.abc.es\/gente\/cristina-pedroche-comentarios-sobre-maternidad-virales-imposible-20251107170659-nt.html\" title=\"www.abc.es\" data-voc-vtm-id=\"in-text-traffic\" data-mrf-link=\"www.abc.es\" rel=\"nofollow noopener\" target=\"_blank\">cuidado de sus dos peque\u00f1os<\/a>, lo cierto es que ambos se han convertido en la gran alegr\u00eda de la vallecana.<\/p>\n<p class=\"voc-p\" style=\"\">Entre las grandes preocupaciones de Mu\u00f1oz y Pedroche a la hora de <a href=\"https:\/\/www.abc.es\/gente\/nueva-propuesta-cristina-pedroche-dabiz-munoz-volver-20250919111316-nt.html\" title=\"www.abc.es\" data-voc-vtm-id=\"in-text-traffic\" data-mrf-link=\"www.abc.es\" rel=\"nofollow noopener\" target=\"_blank\">criar a sus hijos<\/a> se encuentra, por supuesto, uno de los pilares de la vida de ambos: la <strong>alimentaci\u00f3n<\/strong>. El chef, que acumula <a href=\"https:\/\/www.abc.es\/gastronomia\/restaurantes-madrid-nuevas-estrellas-guia-michelin-2026-20251126115407-nt.html\" title=\"www.abc.es\" data-voc-vtm-id=\"in-text-traffic\" data-mrf-link=\"www.abc.es\" rel=\"nofollow noopener\" target=\"_blank\">tres estrellas Michelin<\/a> en su restaurante insignia, ha tenido mucho que ver en la nutrici\u00f3n que la pareja ha elegido para sus reto\u00f1os, donde <strong>combinan la leche materna con otros productos<\/strong> para ir acostumbrado su paladar. <\/p>\n<p class=\"voc-p\" style=\"\">Sin embargo, hay otros tantos alimentos de los que este ha preferido prescindir al considerarlos <strong>perjudiciales para la salud de Laia e Isai<\/strong>. As\u00ed lo comparti\u00f3 el propio Dabiz en una de sus \u00faltimas visitas en <strong>&#8216;El Hormiguero&#8217; de Pablo Motos<\/strong>, donde habl\u00f3 abiertamente del sistema que hab\u00edan seguido con la peque\u00f1a, que por entonces no hab\u00eda cumplido siquiera un a\u00f1o, y que tambi\u00e9n han trasladado a la alimentaci\u00f3n del reci\u00e9n llegado, nacido el pasado mes de julio.<\/p>\n<p>\nAs\u00ed es la dieta de Laia e Isai, los hijos de Dabiz Mu\u00f1oz y Cristina Pedroche\n<\/p>\n<p class=\"voc-p\" style=\"\">Durante su charla en Antena 3, el presentador del programa de Trancas y Barrancas quiso preguntarle por la <strong>variedad de productos<\/strong> que Cristina Pedroche y el propio Dabiz empleaban a la hora de alimentar a su hija, que ten\u00eda entonces <strong>menos de 10 meses<\/strong>. Una cuesti\u00f3n ante la que el creador de DiverXO no dud\u00f3 en responder con sinceridad, explicando que, a partir de los seis meses, hab\u00edan implementado lo que se conoce como <strong>&#8216;Baby Led Weaning&#8217;<\/strong>.<\/p>\n<p class=\"voc-p\" style=\"\">El objetivo de esta pr\u00e1ctica es facilitar el proceso de destete del beb\u00e9 <strong>introduciendo alimentos s\u00f3lidos<\/strong> en su dieta diaria, siempre con precauci\u00f3n. \u00ab<strong>Es la alimentaci\u00f3n complementaria al pecho, a la leche materna<\/strong>\u00bb, coment\u00f3 entonces el nombrado mejor cocinero del mundo, se\u00f1alando que siempre deb\u00eda seleccionarse con precauci\u00f3n los productos que el ni\u00f1o puede tomar a su edad. <\/p>\n<p class=\"voc-p\" style=\"\">\u00ab<strong>Hay que tener much\u00edsimo cuidado<\/strong> y tener conocimiento de qu\u00e9 tipo de alimento se le da, <strong>en qu\u00e9 forma y con qu\u00e9 textura<\/strong>\u00bb, explic\u00f3 Dabiz Mu\u00f1oz. Los beb\u00e9s de la edad que ten\u00eda entonces su hija Laia, de apenas 10 meses, <strong>tienen \u00abel es\u00f3fago peque\u00f1ito\u00bb<\/strong>, por lo que los s\u00f3lidos elegidos \u00abtienen que ser cosas con las que <strong>no se puedan atragantar y que tengan una textura muy blanda<\/strong>\u00bb. <\/p>\n<p class=\"voc-p\" style=\"\">Entre las preparaciones que destacaba el chef madrile\u00f1o, se encontraban algunas como <strong>filetes rusos de gamba roja, cocochas confitadas o carrilleras a baja temperatura<\/strong>. \u00abElla come de todo. La ves comer y es flipante\u00bb, asegur\u00f3 entonces el chef, que elige alimentos que sea f\u00e1ciles de digerir para la peque\u00f1a, y que pronto empezar\u00e1 a hacerle al peque\u00f1o Isai.<\/p>\n<p class=\"voc-p\" style=\"\">Aunque muchos puedan pensar que estos alimentos no est\u00e1n preparados para el <strong>tracto intestinal de un beb\u00e9<\/strong>, el cocinero reconoci\u00f3 en el documental <a href=\"https:\/\/www.abc.es\/play\/television\/noticias\/confesion-daviz-munoz-deja-shock-cristina-pedroche-20241220173538-nt.html\" title=\"www.abc.es\" data-voc-vtm-id=\"in-text-traffic\" data-mrf-link=\"www.abc.es\" rel=\"nofollow noopener\" target=\"_blank\">&#8216;UniverXO Dabiz&#8217;<\/a> que pescados como <strong>la cococha<\/strong> son una de las mejores opciones para un beb\u00e9 que est\u00e1 empezando a tomar comida s\u00f3lida: \u00abEs del mundo de los peces, <strong>la textura m\u00e1s f\u00e1cil y m\u00e1s dif\u00edcil de que te atragantes con ella<\/strong>. Bien cocinada se deshace en la boca, es superresbaladiza y para m\u00ed siempre ha sido un alimento fetiche\u00bb.<\/p>\n<p>\nLos alimentos que Cristina Pedroche y Dabiz Mu\u00f1oz no quieren darle a sus hijos\n<\/p>\n<p class=\"voc-p\" style=\"\">El marido de <a href=\"https:\/\/www.abc.es\/gente\/vida-personal-cristina-pedroche-matrimonio-dabiz-munoz-hija-laia-sueldo-campanadas-20241231100329-nt.html\" title=\"www.abc.es\" data-voc-vtm-id=\"in-text-traffic\" data-mrf-link=\"www.abc.es\" rel=\"nofollow noopener\" target=\"_blank\">Cristina Pedroche<\/a> asegur\u00f3 entonces que, aunque su hija <strong>\u00abno valora en su justa medida\u00bb<\/strong> la calidad de este tipo de productos, alimentarla con ellos s\u00ed sirve de cara a instaurar un sistema saludable en el futuro. \u00abCuando t\u00fa acostumbras a un ni\u00f1o o una ni\u00f1a a que desde los seis meses <strong>pruebe texturas y sabores diferentes<\/strong>, le generas una base de datos en su cerebro y <strong>crece con una relaci\u00f3n sana con la comida<\/strong> que evidentemente para m\u00ed es superimportante\u00bb, le reconoci\u00f3 al presentador.<\/p>\n<p class=\"voc-p\" style=\"\">Lo que s\u00ed tiene claro Dabiz Mu\u00f1oz es que hay ciertos alimentos que nunca incluir\u00e1 en la dieta de sus dos reto\u00f1os, pues los considera perjudiciales para su nutrici\u00f3n diaria. \u00ab<strong>Yo a mi hija no le voy a dar nunca boller\u00eda industrial, ni alimentos ultraprocesados, ni alimentos con aditivos<\/strong>\u00bb, cont\u00f3 en este mismo programa en 2024, meses antes de la llegada al mundo del peque\u00f1o de la familia.<\/p>\n","protected":false},"excerpt":{"rendered":"Desde hace m\u00e1s de una d\u00e9cada, Dabiz Mu\u00f1oz y Cristina Pedroche forman una de las parejas medi\u00e1ticas m\u00e1s&hellip;\n","protected":false},"author":2,"featured_media":259943,"comment_status":"","ping_status":"","sticky":false,"template":"","format":"standard","meta":{"footnotes":""},"categories":[174],"tags":[5340,255,7538,9032,52181,146,147,25,24,256,563,8804,8360,32459,23,65018],"class_list":{"0":"post-259942","1":"post","2":"type-post","3":"status-publish","4":"format-standard","5":"has-post-thumbnail","7":"category-famosos","8":"tag-alimentos","9":"tag-celebrities","10":"tag-cristina","11":"tag-dabiz","12":"tag-daria","13":"tag-entertainment","14":"tag-entretenimiento","15":"tag-es","16":"tag-espana","17":"tag-famosos","18":"tag-hijos","19":"tag-indica","20":"tag-munoz","21":"tag-pedroche","22":"tag-spain","23":"tag-superimportante"},"share_on_mastodon":{"url":"https:\/\/pubeurope.com\/@es\/115626297461826573","error":""},"_links":{"self":[{"href":"https:\/\/www.europesays.com\/es\/wp-json\/wp\/v2\/posts\/259942","targetHints":{"allow":["GET"]}}],"collection":[{"href":"https:\/\/www.europesays.com\/es\/wp-json\/wp\/v2\/posts"}],"about":[{"href":"https:\/\/www.europesays.com\/es\/wp-json\/wp\/v2\/types\/post"}],"author":[{"embeddable":true,"href":"https:\/\/www.europesays.com\/es\/wp-json\/wp\/v2\/users\/2"}],"replies":[{"embeddable":true,"href":"https:\/\/www.europesays.com\/es\/wp-json\/wp\/v2\/comments?post=259942"}],"version-history":[{"count":0,"href":"https:\/\/www.europesays.com\/es\/wp-json\/wp\/v2\/posts\/259942\/revisions"}],"wp:featuredmedia":[{"embeddable":true,"href":"https:\/\/www.europesays.com\/es\/wp-json\/wp\/v2\/media\/259943"}],"wp:attachment":[{"href":"https:\/\/www.europesays.com\/es\/wp-json\/wp\/v2\/media?parent=259942"}],"wp:term":[{"taxonomy":"category","embeddable":true,"href":"https:\/\/www.europesays.com\/es\/wp-json\/wp\/v2\/categories?post=259942"},{"taxonomy":"post_tag","embeddable":true,"href":"https:\/\/www.europesays.com\/es\/wp-json\/wp\/v2\/tags?post=259942"}],"curies":[{"name":"wp","href":"https:\/\/api.w.org\/{rel}","templated":true}]}}