{"id":259962,"date":"2025-11-28T08:18:08","date_gmt":"2025-11-28T08:18:08","guid":{"rendered":"https:\/\/www.europesays.com\/es\/259962\/"},"modified":"2025-11-28T08:18:08","modified_gmt":"2025-11-28T08:18:08","slug":"es-una-bomba-de-relojeria","status":"publish","type":"post","link":"https:\/\/www.europesays.com\/es\/259962\/","title":{"rendered":"Es una bomba de relojer\u00eda"},"content":{"rendered":"<p class=\"L6-news-detail__text\">La entrada de <b><a title=\"Jos\u00e9 Luis \u00c1balos\" href=\"https:\/\/www.lasexta.com\/programas\/lasexta-clave\/mochilas-listas-basura-fuera-abalos-koldo-sacan-trapos-sucios-antes-entrar-prision_202511276928b67f9261f37ec733198b.html\" target=\"_blank\" rel=\"nofollow noopener\">Jos\u00e9 Luis \u00c1balos<\/a><\/b> en prisi\u00f3n ha supuesto un \u00ab<b>duro golpe<\/b>\u00bb dentro de las filas del PSOE. As\u00ed los trasladan fuentes de la formaci\u00f3n consultadas por laSexta, que aseguran que tienen que estudiar c\u00f3mo encajan esa dura imagen de ver al que fuera exministro y una de las personas de m\u00e1xima confianza de Pedro S\u00e1nchez llegar en un furg\u00f3n de la Guardia Civil a la c\u00e1rcel de Soto del Real.<\/p>\n<p class=\"L6-news-detail__text\">Estas fuentes reconocen que no saben qu\u00e9 estrategia va a seguir a partir de ahora un \u00c1balos al que han llegado a calificar como \u00ab<b>una bomba de relojer\u00eda<\/b>\u00ab, admitiendo que \u00ab<b>si quiere hacer da\u00f1o a S\u00e1nchez, lo har\u00e1<\/b>\u00ab, dado que maneja mucha informaci\u00f3n sensible que ha recabado en todos sus a\u00f1os como miembro del Partido Socialista.<\/p>\n<p class=\"L6-news-detail__text\">Un ejemplo de esa informaci\u00f3n lo hemos conocido este mismo viernes. D\u00edas antes de entrar en prisi\u00f3n, <b><a title=\"\u00c1balos concedi\u00f3 una entrevista\" href=\"https:\/\/www.lasexta.com\/noticias\/nacional\/abalos-afirma-que-sanchez-filtro-investigacion-fiscalia-koldo-pieza-era-secreta_20251128692942276e5e5012dcd1cd26.html\" target=\"_blank\" rel=\"nofollow noopener\">\u00c1balos concedi\u00f3 una entrevista<\/a><\/b> a &#8216;OkDiario&#8217; en la que aseguraba que S\u00e1nchez le \u00abfiltr\u00f3\u00bb la investigaci\u00f3n de la Fiscal\u00eda a Koldo Garc\u00eda. \u00abLa pieza era secreta\u00bb, asegura el exministro.<\/p>\n<p class=\"L6-news-detail__text\">Esa es la reacci\u00f3n en privado de los socialistas. En p\u00fablico, las declaraciones llegaron a cuentagotas en una jornada muy dif\u00edcil para el Gobierno, que tambi\u00e9n tuvo que ver la fragilidad de su estabilidad parlamentaria con el rechazo a su senda de estabilidad. La entrada de \u00c1balos en prisi\u00f3n dificulta m\u00e1s -si cabe- las cuentas del Gobierno, ya que el exministro sol\u00eda apoyar las votaciones del Ejecutivo. No obstante, desde el Gobierno aseguran que ya no contaban con \u00e9l para las votaciones y que estas no depender\u00e1n de un solo voto para ganarlas o perderlas.<\/p>\n<p class=\"L6-news-detail__text\">El portavoz del PSOE en el Congreso, <b>Patxi L\u00f3pez<\/b>, pronunci\u00f3 las primeras palabras sobre esta cuesti\u00f3n por parte de los socialistas, dejando claro que este caso \u00abno salpica ni al PSOE ni al Gobierno\u00bb. \u00ab\u00c9l sabr\u00e1 qu\u00e9 estrategia de defensa coge\u00bb, coment\u00f3 L\u00f3pez en los pasillos de la C\u00e1mara Baja, en alusi\u00f3n a esos mensajes antes de entrar en prisi\u00f3n acerca de la supuesta reuni\u00f3n entre S\u00e1nchez y Arnaldo Otegi en 2018.<\/p>\n<p>Morant llama \u00absinverg\u00fcenzas\u00bb a \u00c1balos y Koldo<\/p>\n<p class=\"L6-news-detail__text\">La ministra que fue m\u00e1s dura contra \u00c1balos, Koldo Garc\u00eda y Santos Cerd\u00e1n fue la ministra de Ciencia, Innovaci\u00f3n y Universidades, <b>Diana Morant<\/b>, que calific\u00f3 a estas tres personas como \u00ab<b>sinverg\u00fcenzas<\/b>\u00ab. \u00abDesde hace mucho tiempo nosotros a nivel pol\u00edtico, el partido socialista, yo misma, hemos actuado con absoluta contundencia contra estos tres personajes, estos tres sinverg\u00fcenzas que nos han avergonzado a todos y que no representan al partido socialista\u00bb, asegur\u00f3 en el canal &#8217;24 Horas&#8217;.<\/p>\n<p class=\"L6-news-detail__text\">Ella fue la primera en reconocer en p\u00fablico que la imagen de \u00c1balos entrando en prisi\u00f3n les \u00abafecta\u00bb: \u00ab<b>Desde luego estas im\u00e1genes te afectan, a m\u00ed de manera personal me siguen afectando<\/b>\u00ab. En la tarde del jueves, fuentes de la formaci\u00f3n trasladaban a laSexta su \u00abrespeto a la Justicia\u00bb y \u00abcontundencia\u00bb frente a la corrupci\u00f3n, apuntando al PP y asegurando que ellos \u00ab<b>no aceptan lecciones de quienes han tenido cajas B<\/b>, sobresueldos o sentencias firmes por corrupci\u00f3n\u00bb.<\/p>\n<p class=\"L6-news-detail__text\">\u00abLa corrupci\u00f3n tambi\u00e9n retrata a quienes act\u00faan frente a quienes miran hacia otro lado. Y no quepa ninguna duda: <b>este partido siempre estar\u00e1 entre quienes act\u00faan<\/b>\u00ab, trasladaron. Estas palabras fueron refrendadas por las ministras Elma Saiz y Ana Redondo, que hablaron de \u00abtranquilidad\u00bb y repitieron ese mantra de \u00abtolerancia cero ante la corrupci\u00f3n\u00bb.<\/p>\n<p>\u00c1balos y Koldo, prisi\u00f3n sin fianza por riesgo de fuga \u00abextremo\u00bb<\/p>\n<p class=\"L6-news-detail__text\">Este torrente de declaraciones llega despu\u00e9s de que el juez del Tribunal Supremo Leopoldo Puente <b>prisi\u00f3n provisional comunicada y sin fianza para Jos\u00e9 Luis \u00c1balos y Koldo Garc\u00eda<\/b> despu\u00e9s de que ambos acudiesen al Supremo para escuchar las medidas cautelares sin que tuviesen opci\u00f3n a declarar.<\/p>\n<p class=\"L6-news-detail__text\">La primera vistilla que se celebr\u00f3 fue la del exministro de Transportes. Como han explicado fuentes presentes en la sala a laSexta, \u00c1balos tom\u00f3 la palabra en una comparecencia que dur\u00f3 40 minutos para asegurar con \u00ab<b>tono lastimero<\/b>\u00bb ante el juez que no ten\u00eda ninguna intenci\u00f3n de fugarse porque \u00ab<b>no tiene dinero ni patrimonio ni tampoco a d\u00f3nde ir<\/b>\u00ab.<\/p>\n<p class=\"L6-news-detail__text\">No obstante, y pese a sus palabras, la petici\u00f3n de la Fiscal\u00eda Anticorrupci\u00f3n fue la de prisi\u00f3n provisional sin fianza, una v\u00eda que tambi\u00e9n solicit\u00f3 la acusaci\u00f3n popular, liderada por el Partido Popular. En su auto, el instructor destaca que, adem\u00e1s de existir indicios m\u00e1s que bastantes de la eventual comisi\u00f3n de graves hechos delictivos, el posible riesgo de que \u00c1balos pudiera sustraerse a la acci\u00f3n de la justicia resulta, \u00aben este momento, <b>extremo<\/b>\u00ab.<\/p>\n<p class=\"L6-news-detail__text\">Tambi\u00e9n ha apuntado que la causa muestra indicios de que \u00c1balos podr\u00eda tener importantes sumas de dinero en met\u00e1lico, \u00abal punto que durante varios a\u00f1os no precis\u00f3 realizar egreso alguno de sus cuentas bancarias\u00bb, y \u00abcontactos internacionales\u00bb. Con todo, podr\u00eda disponer de \u00ab<b>recursos econ\u00f3micos bastantes para emprender y sostener la fuga<\/b>\u00ab.<\/p>\n<p class=\"L6-news-detail__text\"><b><a title=\"*Sigue a laSexta en Google. Toda la actualidad y el mejor contenido aqu\u00ed.\" href=\"https:\/\/profile.google.com\/cp\/CgkvbS8wZG5xejA\" target=\"_blank\" rel=\"nofollow noopener\">*Sigue a laSexta en Google. Toda la actualidad y el mejor contenido aqu\u00ed.<\/a><\/b><\/p>\n<p class=\"L6-support-news-video__title\">VIOLENCIA MACHISTA<\/p>\n<p>            <a href=\"https:\/\/www.lasexta.com\/noticias\/sociedad\/fuera-abusadores-conservatorio-protesta-profesor-tocamientos-sexuales-sus-alumnas-madrid_202511276928af039261f37ec7330829.html\" class=\"L6-news__link\" rel=\"nofollow noopener\" target=\"_blank\"><br \/>\n                \u00abFuera abusadores del conservatorio\u00bb: protesta contra un profesor por tocamientos sexuales a sus alumnas en Madrid<\/p>\n<p class=\"recirculation-video-desc\">\u00bfPor qu\u00e9 es importante? Las alumnas han manifestado en m\u00faltiples ocasiones las inadecuadas conductas de este profesor. El centro no ha hecho nada y encima le han condecorado.<\/p>\n<p>            <\/a><\/p>\n","protected":false},"excerpt":{"rendered":"La entrada de Jos\u00e9 Luis \u00c1balos en prisi\u00f3n ha supuesto un \u00abduro golpe\u00bb dentro de las filas del&hellip;\n","protected":false},"author":2,"featured_media":259963,"comment_status":"","ping_status":"","sticky":false,"template":"","format":"standard","meta":{"footnotes":""},"categories":[8],"tags":[17,18,25,24,13,14,11,19,20,9,10,15,16,23,12,21,22],"class_list":{"0":"post-259962","1":"post","2":"type-post","3":"status-publish","4":"format-standard","5":"has-post-thumbnail","7":"category-espana","8":"tag-breaking-news","9":"tag-breakingnews","10":"tag-es","11":"tag-espana","12":"tag-featured-news","13":"tag-featurednews","14":"tag-headlines","15":"tag-latest-news","16":"tag-latestnews","17":"tag-news","18":"tag-noticias","19":"tag-noticias-destacadas","20":"tag-noticiasdestacadas","21":"tag-spain","22":"tag-titulares","23":"tag-ultimas-noticias","24":"tag-ultimasnoticias"},"share_on_mastodon":{"url":"https:\/\/pubeurope.com\/@es\/115626344722578124","error":""},"_links":{"self":[{"href":"https:\/\/www.europesays.com\/es\/wp-json\/wp\/v2\/posts\/259962","targetHints":{"allow":["GET"]}}],"collection":[{"href":"https:\/\/www.europesays.com\/es\/wp-json\/wp\/v2\/posts"}],"about":[{"href":"https:\/\/www.europesays.com\/es\/wp-json\/wp\/v2\/types\/post"}],"author":[{"embeddable":true,"href":"https:\/\/www.europesays.com\/es\/wp-json\/wp\/v2\/users\/2"}],"replies":[{"embeddable":true,"href":"https:\/\/www.europesays.com\/es\/wp-json\/wp\/v2\/comments?post=259962"}],"version-history":[{"count":0,"href":"https:\/\/www.europesays.com\/es\/wp-json\/wp\/v2\/posts\/259962\/revisions"}],"wp:featuredmedia":[{"embeddable":true,"href":"https:\/\/www.europesays.com\/es\/wp-json\/wp\/v2\/media\/259963"}],"wp:attachment":[{"href":"https:\/\/www.europesays.com\/es\/wp-json\/wp\/v2\/media?parent=259962"}],"wp:term":[{"taxonomy":"category","embeddable":true,"href":"https:\/\/www.europesays.com\/es\/wp-json\/wp\/v2\/categories?post=259962"},{"taxonomy":"post_tag","embeddable":true,"href":"https:\/\/www.europesays.com\/es\/wp-json\/wp\/v2\/tags?post=259962"}],"curies":[{"name":"wp","href":"https:\/\/api.w.org\/{rel}","templated":true}]}}