{"id":259964,"date":"2025-11-28T08:19:18","date_gmt":"2025-11-28T08:19:18","guid":{"rendered":"https:\/\/www.europesays.com\/es\/259964\/"},"modified":"2025-11-28T08:19:18","modified_gmt":"2025-11-28T08:19:18","slug":"asi-son-las-primeras-horas-de-abalos-y-koldo-en-soto-del-real","status":"publish","type":"post","link":"https:\/\/www.europesays.com\/es\/259964\/","title":{"rendered":"As\u00ed son las primeras horas de \u00c1balos y Koldo en Soto del Real"},"content":{"rendered":"<p data-gtm-element-container=\"modulo-texto-link\" class=\"paragraph\">Tras la decisi\u00f3n del magistrado del Tribunal Supremo Leopoldo Puente de enviar a prisi\u00f3n provisional y sin fianza al exministro Jos\u00e9 Luis \u00c1balos y a su exasesor Koldo Garc\u00eda, ambos pasan sus primeras horas en la c\u00e1rcel madrile\u00f1a de Soto del Real siguiendo los tr\u00e1mites habituales de identificaci\u00f3n y revisi\u00f3n m\u00e9dica.<\/p>\n<p data-gtm-element-container=\"modulo-texto-link\" class=\"paragraph\">Ocho d\u00edas despu\u00e9s de la salida del centro penitenciario Madrid V, en Soto del Real, en el que ha pasado cinco meses el tambi\u00e9n exdirigente socialista y exn\u00famero tres del partido Santos Cerd\u00e1n, a las 18:09 horas de este jueves \u00c1balos y Koldo han atravesado en un furg\u00f3n de la Guardia Civil el acceso de esta prisi\u00f3n\u00a0tras declarar ante el magistrado instructor del caso.<\/p>\n<p data-gtm-element-container=\"modulo-texto-link\" class=\"paragraph\">Una vez en la c\u00e1rcel, inaugurada hace 30 a\u00f1os, con 1.100 celdas y considerada uno de los centros con mejores instalaciones, los dos nuevos internos seguir\u00e1n el procedimiento regulado en el reglamento penitenciario para su ingreso en la prisi\u00f3n.<\/p>\n<p>                <img loading=\"lazy\" decoding=\"async\" data-full-src=\"https:\/\/www.lavanguardia.com\/uploads\/2025\/11\/27\/69288b24eac8d.jpeg\" alt=\"Horizontal\" width=\"449\" height=\"299\" src=\"https:\/\/www.europesays.com\/es\/wp-content\/uploads\/2025\/11\/69288b24eac8d.r_d.1847-1051.jpeg\" class=\"lazy\"\/><\/p>\n<p class=\"caption-title \">El furg\u00f3n policial con Jos\u00e9 Luis \u00c1balos y Koldo Garc\u00eda ha ingresado este jueves en la c\u00e1rcel de Soto del Real (Madrid)<\/p>\n<p>                    Rodrigo Jimenez \/ EFE<\/p>\n<p>Rese\u00f1a y apertura de expediente en prisi\u00f3n<\/p>\n<p data-gtm-element-container=\"modulo-texto-link\" class=\"paragraph\">As\u00ed, el personal del centro proceder\u00e1 a identificarles. Comprobar\u00e1n su identidad y ser\u00e1n rese\u00f1ados, es decir, les tomar\u00e1n las huellas y les har\u00e1n fotograf\u00edas, adem\u00e1s de anotar sus datos en el libro de ingresos y de abrir un expediente que incluir\u00e1 informaci\u00f3n actualizada sobre su situaci\u00f3n procesal y penitenciaria, de la que tendr\u00e1 derecho a ser informado.<\/p>\n<p data-gtm-element-container=\"modulo-texto-link\" class=\"paragraph\">En este primer tr\u00e1mite, los reclusos tambi\u00e9n reciben los productos higi\u00e9nicos y de cama, y son informados de sus derechos, como el de comunicar su situaci\u00f3n a su familia y abogado de forma inmediata mediante una llamada telef\u00f3nica.<\/p>\n<p>    Lee tambi\u00e9n<\/p>\n<p data-gtm-element-container=\"modulo-texto-link\" class=\"paragraph\">Se les retira todos los objetos que porten a su llegada y que est\u00e9n prohibidos, como sus m\u00f3viles, que se custodiar\u00e1n en el centro y que podr\u00e1n retirarlos cuando salga en libertad o entreg\u00e1rselos a un familiar que designe.<\/p>\n<p data-gtm-element-container=\"modulo-texto-link\" class=\"paragraph\">En estas primeras horas, los internos tambi\u00e9n se someter\u00e1n a un primer reconocimiento m\u00e9dico para comprobar su salud y para informar a la prisi\u00f3n de enfermedades o si tienen alguna medicaci\u00f3n prescrita.<\/p>\n<p>M\u00f3dulos de \u201cnovatos\u201d y de respeto<\/p>\n<p data-gtm-element-container=\"modulo-texto-link\" class=\"paragraph\">Cumplidos estos tr\u00e1mites \u2014en d\u00edas siguientes los internos tienen m\u00e1s entrevistas con personal de la prisi\u00f3n como educadores sociales\u2014 lo habitual es que los presos sean trasladados del m\u00f3dulo de ingresos, aquel en el que pasan habitualmente la primera noche al menos, a otro m\u00f3dulo que decide la direcci\u00f3n del centro por varios criterios.<\/p>\n<p data-gtm-element-container=\"modulo-texto-link\" class=\"paragraph\">Habida cuenta de que se trata de presos preventivos y primarios \u2014entran por primera vez en una prisi\u00f3n\u2014 y de que el delito del que se le acusa no tiene connotaciones violentas, lo previsible es que sean trasladados a alg\u00fan m\u00f3dulo con internos de perfiles similares.<\/p>\n<p>    Lee tambi\u00e9n<\/p>\n<p data-gtm-element-container=\"modulo-texto-link\" class=\"paragraph\">Por ejemplo, Santos Cerd\u00e1n estuvo en el m\u00f3dulo 13 junto a internos primerizos, sin antecedentes, con un perfil bajo de conflictividad, que acatan unas normas de convivencia, que aceptan desarrollar determinadas actividades y que se comprometen con seguir una buena conducta.<\/p>\n<p data-gtm-element-container=\"modulo-texto-link\" class=\"paragraph\">\u00c1balos se suma a la lista de presos ilustres que han pasado por Soto del Real. Adem\u00e1s de Cerd\u00e1n, en sus celdas han pernoctado, entre otros, Rodrigo Rato, Luis B\u00e1rcenas, Oriol Junqueras, otros condenados del proc\u00e9s, Ignacio Gonz\u00e1lez, Gerardo D\u00edaz Ferr\u00e1n, \u00c1ngel Mar\u00eda Villar o Mario Conde.<\/p>\n","protected":false},"excerpt":{"rendered":"Tras la decisi\u00f3n del magistrado del Tribunal Supremo Leopoldo Puente de enviar a prisi\u00f3n provisional y sin fianza&hellip;\n","protected":false},"author":2,"featured_media":259965,"comment_status":"","ping_status":"","sticky":false,"template":"","format":"standard","meta":{"footnotes":""},"categories":[5],"tags":[17,18,25,24,13,14,11,19,20,9,10,15,16,23,12,21,22],"class_list":{"0":"post-259964","1":"post","2":"type-post","3":"status-publish","4":"format-standard","5":"has-post-thumbnail","7":"category-titulares","8":"tag-breaking-news","9":"tag-breakingnews","10":"tag-es","11":"tag-espana","12":"tag-featured-news","13":"tag-featurednews","14":"tag-headlines","15":"tag-latest-news","16":"tag-latestnews","17":"tag-news","18":"tag-noticias","19":"tag-noticias-destacadas","20":"tag-noticiasdestacadas","21":"tag-spain","22":"tag-titulares","23":"tag-ultimas-noticias","24":"tag-ultimasnoticias"},"share_on_mastodon":{"url":"https:\/\/pubeurope.com\/@es\/115626348882558128","error":""},"_links":{"self":[{"href":"https:\/\/www.europesays.com\/es\/wp-json\/wp\/v2\/posts\/259964","targetHints":{"allow":["GET"]}}],"collection":[{"href":"https:\/\/www.europesays.com\/es\/wp-json\/wp\/v2\/posts"}],"about":[{"href":"https:\/\/www.europesays.com\/es\/wp-json\/wp\/v2\/types\/post"}],"author":[{"embeddable":true,"href":"https:\/\/www.europesays.com\/es\/wp-json\/wp\/v2\/users\/2"}],"replies":[{"embeddable":true,"href":"https:\/\/www.europesays.com\/es\/wp-json\/wp\/v2\/comments?post=259964"}],"version-history":[{"count":0,"href":"https:\/\/www.europesays.com\/es\/wp-json\/wp\/v2\/posts\/259964\/revisions"}],"wp:featuredmedia":[{"embeddable":true,"href":"https:\/\/www.europesays.com\/es\/wp-json\/wp\/v2\/media\/259965"}],"wp:attachment":[{"href":"https:\/\/www.europesays.com\/es\/wp-json\/wp\/v2\/media?parent=259964"}],"wp:term":[{"taxonomy":"category","embeddable":true,"href":"https:\/\/www.europesays.com\/es\/wp-json\/wp\/v2\/categories?post=259964"},{"taxonomy":"post_tag","embeddable":true,"href":"https:\/\/www.europesays.com\/es\/wp-json\/wp\/v2\/tags?post=259964"}],"curies":[{"name":"wp","href":"https:\/\/api.w.org\/{rel}","templated":true}]}}