{"id":259974,"date":"2025-11-28T08:29:14","date_gmt":"2025-11-28T08:29:14","guid":{"rendered":"https:\/\/www.europesays.com\/es\/259974\/"},"modified":"2025-11-28T08:29:14","modified_gmt":"2025-11-28T08:29:14","slug":"sara-verdasco-y-juan-carmona-posan-por-primera-vez-con-sus-tres-hijas-en-un-reportaje-exclusivo-para-hola","status":"publish","type":"post","link":"https:\/\/www.europesays.com\/es\/259974\/","title":{"rendered":"Sara Verdasco y Juan Carmona posan por primera vez con sus tres hijas en un reportaje exclusivo para \u00a1HOLA!"},"content":{"rendered":"<p class=\"HOLA-TEMAS_5--TEXTO-1er-PARRAFO\" id=\"eR_u3DoY0f\" data-wc=\"57\"><strong data-gid=\"eUUUGZ4VmUm\">Sara Verdasco y Juan Carmona\u00a0<\/strong>viven\u00a0en medio de una feliz revoluci\u00f3n. En su casa no existe el aburrimiento ni el silencio con <strong>la energ\u00eda arrolladora de sus mellizas, Carmen y Valentina, que ya tienen 5 a\u00f1os.\u00a0<\/strong>Pero, <a class=\"hm-link ho-link\" href=\"https:\/\/www.hola.com\/actualidad\/20250605836456\/sara-verdasco-y-juan-carmona-padres-tercera-vez-eligen-nombre-familiar\/\" data-mrf-recirculation=\"article-body-link\" rel=\"nofollow noopener\" target=\"_blank\">desde el pasado mes de junio, esa alegr\u00eda se ha multiplicado con la llegada de su tercera hija, Sara.<\/a><\/p>\n<p class=\"HOLA-TEMAS_5--TEXTO-1er-PARRAFO\" id=\"e2AF6uGQZXM\" data-wc=\"52\">La<strong>\u00a0empresaria y el m\u00fasico han querido compartir con \u00a1HOLA! el buen momento que atraviesan<\/strong>, nos han presentado a su tr\u00edo de princesas y nos han contado<strong>\u00a0c\u00f3mo afrontan esta nueva etapa como padres<\/strong> y, a la vez, c\u00f3mo lo compaginan con sus respectivos trabajos y sus nuevas metas en el horizonte.<\/p>\n<p>  <img src=\"https:\/\/www.europesays.com\/es\/wp-content\/uploads\/2025\/11\/51ecb692a737-sara-verdasco-familia1517.jpg\"   width=\"1080\" height=\"1800\" loading=\"lazy\" decoding=\"async\" alt=\"Sara Verdasco con blusa azul y Juan Carmona , con camisa negra, posan co sus hijas: ni\u00f1a con su\u00e9ter blanco y beb\u00e9 en azul\" fetchpriority=\"auto\" class=\"image ho-image\"\/>\u00a9 Jes\u00fas CorderoSara Verdasco y su marido, el m\u00fasico Juan Carmona, con las mellizas Carmen y Valentina, de cinco a\u00f1os, y Sara, de cinco meses. \u00abAhora llevo muy bien la vuelta al trabajo con el cuidado de mis hijas\u00bb, nos dice la empresaria, que reconoce que pasar de dos ni\u00f1as a tres ha sido algo complicado<\/p>\n<p class=\"HOLA-TEMAS_5a--TEXTO-NORMAL\" id=\"e0yfUWAB-7B\" data-wc=\"97\">Sara sigue al frente de La Ray\u00faa, el restaurante familiar, donde su padre es su gran apoyo; mientras que Juan, que pertenece a <strong>una de las sagas de artistas m\u00e1s importantes de nuestro pa\u00eds, los Carmona<\/strong>, contin\u00faa inmerso en varios proyectos y giras con varios m\u00fasicos y, adem\u00e1s, nos adelanta que est\u00e1 trabajando en su m\u00fasica en solitario, que dentro de poco saldr\u00e1 a la luz. <a class=\"hm-link ho-link\" href=\"https:\/\/www.hola.com\/actualidad\/2016061086393\/sara-verdasco-juan-carmona-boda\/\" data-mrf-recirculation=\"article-body-link\" rel=\"nofollow noopener\" target=\"_blank\">Es una etapa llena de retos para la pareja, que cumpli\u00f3 el pasado mes de junio nueve a\u00f1os de matrimonio y mira al futuro con ilusi\u00f3n junto a sus tres ni\u00f1as.<\/a><\/p>\n<p>  <img src=\"https:\/\/www.europesays.com\/es\/wp-content\/uploads\/2025\/11\/d8892e96638b-13bbfc25f0c9b544a33d9dc60c5b457fsaraverdascofamilia1553cut.jpg\"   width=\"1080\" height=\"1800\" loading=\"lazy\" decoding=\"async\" alt=\"Sara Verdasco y Juan Carmona posando para una foto en un sof\u00e1, con cortinas blancas al fondo\" fetchpriority=\"auto\" class=\"image ho-image\"\/>\u00a9 Jes\u00fas Cordero<\/p>\n<p class=\"HOLA-TEMAS_5b--PREGUNTA-NEGRITA question-s1\" id=\"eLaYjk2Kdx\" data-wc=\"12\"><strong data-gid=\"exS13qkby7G3\">\u00bfC\u00f3mo ha sido la llegada de la peque\u00f1a Sara a la familia?<\/strong><\/p>\n<p class=\"HOLA-TEMAS_5a--TEXTO-NORMAL answer-s1\" id=\"ezrJBnBbFur\" data-wc=\"32\">Estamos supercontentos.<strong>\u00a0Un beb\u00e9 siempre es una bienvenida a la familia<\/strong>. Las ni\u00f1as estaban deseando tener un hermanito, entonces, es todo felicidad y <strong>ahora estamos intentando organizarnos de la mejor manera posible.<\/strong><\/p>\n<p class=\"HOLA-TEMAS_5b--PREGUNTA-NEGRITA question-s1\" id=\"edmkp8Q-udE\" data-wc=\"10\"><strong data-gid=\"e8oUNbvgLD0G\">\u00bfC\u00f3mo llev\u00e1is estos primeros meses con tres ni\u00f1as en casa?<\/strong><\/p>\n<p class=\"HOLA-TEMAS_5a--TEXTO-NORMAL answer-s1\" id=\"escU3OMY4Vo\" data-wc=\"24\">Mi casa es una aut\u00e9ntica locura.<strong>\u00a0Estoy muy cansada, pero muy contenta.\u00a0<\/strong>Me est\u00e1 costando un poco cuadrar horarios, dedicarles tiempo\u2026 Pero estoy encantada.<\/p>\n<p class=\"HOLA-TEMAS_5b--PREGUNTA-NEGRITA question-s1\" id=\"eSMS6NHB60Y\" data-wc=\"18\"><strong data-gid=\"eTU5WEN9Yozs\">\u00bfC\u00f3mo fue el parto? Porque tu anterior experiencia era con las mellizas, que siempre suele ser m\u00e1s complicado.<\/strong><\/p>\n<p class=\"HOLA-TEMAS_5a--TEXTO-NORMAL answer-s1\" id=\"eqK-Tw78xk8\" data-wc=\"48\">Con <strong>las mellizas tuve una ces\u00e1rea porque Carmen ven\u00eda de lado<\/strong>, entonces ten\u00eda que ser ces\u00e1rea s\u00ed o s\u00ed, <strong>y con Sara tambi\u00e9n, porque ven\u00eda con cuatro vueltas de cord\u00f3n.<\/strong> Entonces fue bien, pero lo malo de la ces\u00e1rea viene despu\u00e9s, porque tu cuerpo tarda m\u00e1s en recuperarse.<\/p>\n<p>  <img src=\"https:\/\/www.europesays.com\/es\/wp-content\/uploads\/2025\/11\/542d19f7e342-80349683826711a49c1603fd235f1ed4saraverdascofamilia1474.jpg\"   width=\"1080\" height=\"1800\" loading=\"lazy\" decoding=\"async\" alt=\"Dos ni\u00f1as saltan en una cama, ambas con su\u00e9teres blancos y jeans azules\" fetchpriority=\"auto\" class=\"image ho-image\"\/>\u00a9 Jes\u00fas Cordero<\/p>\n<p class=\"HOLA-TEMAS_5b--PREGUNTA-NEGRITA question-s1\" id=\"exdrYtVT12\" data-wc=\"11\"><strong data-gid=\"ezfCjqe6DcDR\">Tu marido, Juan, \u00bfc\u00f3mo lleva estar con tres ni\u00f1as en casa?\u00a0<\/strong><\/p>\n<p class=\"HOLA-TEMAS_5a--TEXTO-NORMAL answer-s1\" id=\"eoAkUQjw5Gh\" data-wc=\"44\">Est\u00e1 feliz. <strong>Despu\u00e9s de dos ni\u00f1as, te hace ilusi\u00f3n tener un ni\u00f1o<\/strong>, <a class=\"hm-link ho-link\" href=\"https:\/\/www.hola.com\/actualidad\/20250608836797\/sara-verdasco-hija-primeras-imagenes-hospital\/\" data-mrf-recirculation=\"article-body-link\" rel=\"nofollow noopener\" target=\"_blank\">pero vino otra vez una ni\u00f1a y \u00e9l est\u00e1 encantado porque, adem\u00e1s, Carmen y Valentina lo tienen como a un rey,\u00a0<\/a>tienen locura con \u00e9l y <strong>\u00e9l disfruta mucho con sus chicas.<\/strong><\/p>\n<p class=\"HOLA-TEMAS_5b--PREGUNTA-NEGRITA question-s1\" id=\"elVInD-0nsV\" data-wc=\"5\"><strong data-gid=\"ev5fDe7j-bKd\">\u00bfYa le han maquillado, disfrazado\u2026?<\/strong><\/p>\n<p class=\"HOLA-TEMAS_5a--TEXTO-NORMAL answer-s1\" id=\"eUfnI9KKgbB\" data-wc=\"23\">Le hacen de todo y se deja hacer de todo.<a class=\"hm-link ho-link\" href=\"https:\/\/www.hola.com\/actualidad\/20220707213275\/sara-verdasco-juan-carmona-cumple-hijas\/\" data-mrf-recirculation=\"article-body-link\" rel=\"nofollow noopener\" target=\"_blank\">\u00a0Se le cae la baba con sus ni\u00f1as y juega mucho con ellas.<\/a><\/p>\n<p class=\"HOLA-TEMAS_5b--PREGUNTA-NEGRITA question-s1\" id=\"eswkuWFDmjK\" data-wc=\"12\"><strong data-gid=\"e6beudIAU2E4\">\u00bfC\u00f3mo te ves ahora como madre? \u00bfDiferente a cuando nacieron las mellizas?<\/strong><\/p>\n<p class=\"HOLA-TEMAS_5a--TEXTO-NORMAL answer-s1\" id=\"eRid-GEEqu7\" data-wc=\"28\">Muy diferente. <strong>La experiencia con las mellizas te da mucha madurez,<\/strong> ves las cosas de otra manera, con mucha serenidad y seguridad. He cambiado mucho, pero a mejor.<\/p>\n<blockquote class=\"ho-bl-1081603 -no-figcaption\" cite=\"\">\n<p id=\"exgy1dfv1gl5\">\u00abLas mellizas estaban deseando tener un hermanito, entonces, es todo felicidad y ahora estamos intentando organizarnos\u00bb<\/p>\n<\/blockquote>\n<p>  <img src=\"https:\/\/www.europesays.com\/es\/wp-content\/uploads\/2025\/11\/f2cf07448ce4-5a8040949770f366737f65a4fd155894saraverdascofamilia1747.jpg\"   width=\"1080\" height=\"1800\" loading=\"lazy\" decoding=\"async\" alt=\"Dos ni\u00f1as en una silla, abrazadas, con botas beige y ropa informal\" fetchpriority=\"auto\" class=\"image ho-image\"\/>\u00a9 Jes\u00fas CorderoSus hermanas mayores, que, como cuentan sus padres, han heredado habilidades de ambas familias: \u00abA Valentina (morena) le gusta todo lo que tenga que ver con el deporte y juega al tenis, y a Carmen (rubia) le gusta la m\u00fasica y canta muy bien. Tienen un poco de mezcla\u00bb. <\/p>\n<p class=\"HOLA-TEMAS_5b--PREGUNTA-NEGRITA question-s1\" id=\"esiVjaDKZME\" data-wc=\"3\"><strong data-gid=\"eE_XPaQbB1Zo\">\u00bfCon menos miedos?<\/strong><\/p>\n<p class=\"HOLA-TEMAS_5a--TEXTO-NORMAL answer-s1\" id=\"eTR9XXjaltV\" data-wc=\"15\">S\u00ed, porque <strong>en el primer embarazo tuve muchos<\/strong> y ahora todo ha sido m\u00e1s f\u00e1cil.<\/p>\n<p class=\"HOLA-TEMAS_5b--PREGUNTA-NEGRITA question-s1\" id=\"eC_DcvCD3I\" data-wc=\"22\"><strong data-gid=\"eJaYYgyPgD-\">En vuestras reuniones familiares, ten\u00e9is dos equipos, el de los tres chicos de tu hermano, Fernando, y el de vuestras tres ni\u00f1as.\u00a0<\/strong><\/p>\n<p class=\"HOLA-TEMAS_5a--TEXTO-NORMAL answer-s1\" id=\"eLbhYjbAlUU\" data-wc=\"28\">\u00a1Total! Es que es muy curioso.<strong>\u00a0A mi hermano le habr\u00eda encantado tener una ni\u00f1a, a mi marido y a m\u00ed tambi\u00e9n nos hubiese encantado tener un ni\u00f1o.<\/strong><\/p>\n<blockquote class=\"ho-bl-1081603 -no-figcaption\" cite=\"\">\n<p id=\"e0YM2DdJdvIr\">\u00abLas ni\u00f1as tienen una relaci\u00f3n muy bonita con los tres hijos de mi hermano, Fernando, y Ana Boyer. Desde que eran chiquititos, hemos hecho videollamadas para que est\u00e9n en contacto\u00bb<\/p>\n<\/blockquote>\n<p>  <img src=\"https:\/\/www.europesays.com\/es\/wp-content\/uploads\/2025\/11\/3cb7604d3540-sara-verdasco-familia1744.jpg\"   width=\"1080\" height=\"1800\" loading=\"lazy\" decoding=\"async\" alt=\"Beb\u00e9 sonriente en sof\u00e1 negro con coj\u00edn rojo, usando jersey verde\" fetchpriority=\"auto\" class=\"image ho-image\"\/>\u00a9 Jes\u00fas CorderoSara, que tiene los ojos azules, como su padre, sonr\u00ede a la c\u00e1mara<\/p>\n<p class=\"HOLA-TEMAS_5b--PREGUNTA-NEGRITA question-s1\" id=\"esZeNfbwtAmQ\" data-wc=\"5\"><strong>\u00bfC\u00f3mo se llevan entre ellos?<\/strong><\/p>\n<p class=\"HOLA-TEMAS_5a--TEXTO-NORMAL answer-s1\" id=\"e0d5HPGSHuPB\" data-wc=\"86\">Superbi\u00e9n porque, adem\u00e1s, <strong>se llevan muy poco entre ellos.<\/strong> Van seguidos Miguel y las m\u00edas, luego Mateo, Mart\u00edn y ahora Sara. Aunque ellos no pasan mucho tiempo en Espa\u00f1a, siempre que vienen, los primos est\u00e1n juntos. <strong>Las mellizas siempre me dicen: \u00abMam\u00e1, me quiero ir con los primos\u00bb.<\/strong> Y ellos: \u00abMe quiero ir con las primas\u00bb. As\u00ed que cuando se puede, vamos a verlos a Doha. <strong>Tienen una relaci\u00f3n de primos muy bonita.<\/strong> Desde que eran chiquititos, hemos hecho muchas videollamadas para que est\u00e9n en contacto.<\/p>\n<p class=\"HOLA-TEMAS_5b--PREGUNTA-NEGRITA question-s1\" id=\"eaWouhI4k0Y3\" data-wc=\"6\"><strong>Cuando se juntan, \u00bfla l\u00edan mucho?<\/strong><\/p>\n<p class=\"HOLA-TEMAS_5a--TEXTO-NORMAL answer-s1\" id=\"eFxRmDo6WBS5\" data-wc=\"24\">Mientras tengan espacio donde puedan jugar, son muy buenos. Ahora, como los tengas en alg\u00fan lado que no sea grande\u2026 \u00a1te puedes volver loca!<\/p>\n<p>El consejo de su cu\u00f1ada, Ana Boyer<\/p>\n<p class=\"HOLA-TEMAS_5b--PREGUNTA-NEGRITA question-s1\" id=\"edKCyHpBmvUO\" data-wc=\"20\"><strong>Tu hermano, Fernando, y tu cu\u00f1ada, Ana Boyer, te habr\u00e1n dado consejos sobre c\u00f3mo pasar de dos a tres ni\u00f1os.<\/strong><\/p>\n<p class=\"HOLA-TEMAS_5a--TEXTO-NORMAL answer-s1\" id=\"eW48MH_GOm16\" data-wc=\"116\">Ana, <a class=\"hm-link ho-link\" href=\"https:\/\/www.hola.com\/actualidad\/20241107728819\/ana-boyer-primeros-meses-madre-familia-numerosa\/\" data-mrf-recirculation=\"article-body-link\" rel=\"nofollow noopener\" target=\"_blank\">antes de quedarme embarazada de Sara, me dijo que de dos a tres se notaba mucho, que la cosa se complicaba.<\/a> O sea, que me lo advirti\u00f3, entre comillas, y yo le ten\u00eda que haber hecho caso \u2014dice riendo\u2014. Pero bueno, ahora lo estoy comprobando y, s\u00ed, ten\u00eda raz\u00f3n. Yo pensaba que ya con las mellizas teniendo cinco a\u00f1os ser\u00eda m\u00e1s f\u00e1cil, pero todav\u00eda dependen mucho de m\u00ed. <strong>Ellas est\u00e1n superunidas a m\u00ed.<a class=\"hm-link ho-link\" href=\"https:\/\/www.hola.com\/actualidad\/20200714172078\/sara-verdasco-juan-carmona-declaraciones-hospital\/\" data-mrf-recirculation=\"article-body-link\" rel=\"nofollow noopener\" target=\"_blank\">\u00a0Nacieron en 2020, en plena pandemia, y estuve dedic\u00e1ndome solo a ellas hasta que cumplieron tres a\u00f1os.<\/a><\/strong>Ahora noto que, con una nueva personita en casa, <strong>les cuesta encajar que mam\u00e1 ya no est\u00e9 tan pendiente de ellas.<\/strong> Pero bueno, poco a poco.<\/p>\n<blockquote class=\"ho-bl-1081603 -no-figcaption\" cite=\"\">\n<p id=\"eL32Mp16MS3B\">\u00abHe cambiado mucho como madre. La experiencia con las mellizas te hace ver las cosas con mucha serenidad y segu\u00adridad\u00bb<\/p>\n<\/blockquote>\n<p class=\"HOLA-TEMAS_5b--PREGUNTA-NEGRITA question-s1\" id=\"e8r9iSHmxD_C\" data-wc=\"8\"><strong>Pero seguro que hacen superbi\u00e9n de hermanas mayores.\u00a0<\/strong><\/p>\n<p class=\"HOLA-TEMAS_5a--TEXTO-NORMAL answer-s1\" id=\"ekU9qZMv0O3x\" data-wc=\"63\">\u00a1Claro! Aunque la vuelven un poco loca.<strong>\u00a0Sara, a los meses de nacer, se hac\u00eda la dormida cuando se acercaban.<\/strong> La pobre, pensar\u00eda: \u00abMejor me hago la dormida, porque ya vienen mis hermanas\u00bb. Ahora ya participa m\u00e1s, las ve y se r\u00ede y <strong>como que las llama para que se acerquen a ella.\u00a0<\/strong>Ya quiere jaleo\u2026 \u00a1Cuando crezca va a ser un\u00a0show!<\/p>\n<p>Entre fogones, al pie del ca\u00f1\u00f3n<\/p>\n<p class=\"HOLA-TEMAS_5b--PREGUNTA-NEGRITA question-s1\" id=\"etHEbrqw-zNW\" data-wc=\"15\"><strong>\u00bfC\u00f3mo llevas la maternidad con tu trabajo en el restaurante La Ray\u00faa, en La Latina?<\/strong><\/p>\n<p class=\"HOLA-TEMAS_5a--TEXTO-NORMAL answer-s1\" id=\"ehZeB1FJxHS-\" data-wc=\"53\">Ahora<strong>\u00a0lo estoy llevando muy bien porque mis padres me ayudan much\u00edsimo.<\/strong> Las mellizas van al colegio, y eso ya te quita mucho, y a <strong>la peque\u00f1a se la llevo a mis padres por la ma\u00f1ana y la recojo cuando termino de trabajar.<\/strong> Si no los tuviera a ellos, ser\u00eda mucho m\u00e1s complicado.<\/p>\n<p class=\"HOLA-TEMAS_5b--PREGUNTA-NEGRITA question-s1\" id=\"eumUOpRggb0V\" data-wc=\"9\"><strong>Tu padre dec\u00eda que se jubilaba, pero \u00bfes verdad?\u00a0<\/strong><\/p>\n<p class=\"HOLA-TEMAS_5a--TEXTO-NORMAL answer-s1\" id=\"e3PDObDrisup\" data-wc=\"39\">Bueno, nos pill\u00f3 un momento que <strong>ten\u00edamos los dos restaurantes, yo estaba embarazada<\/strong> y no pod\u00eda dejar de trabajar en ese momento. Entonces me dijo: \u00abBueno, te ayudo\u00bb. Y<strong>\u00a0ahora ya me dice: \u00abD\u00e9jame jubilarme, que lo estoy deseando\u00bb.<\/strong><\/p>\n<p>  <img src=\"https:\/\/www.europesays.com\/es\/wp-content\/uploads\/2025\/11\/ec61489c6593-f97fcfe0cb014e75acb820ba675d45ebsaraverdascofamilia1691cut.jpg\"   width=\"1080\" height=\"1080\" loading=\"lazy\" decoding=\"async\" alt=\"Sara Verdasco con sus tres hijas sentada en un sof\u00e1\" fetchpriority=\"auto\" class=\"image ho-image\"\/>\u00a9 Jes\u00fas CorderoSara con las tres ni\u00f1as<\/p>\n<p class=\"HOLA-TEMAS_5b--PREGUNTA-NEGRITA question-s1\" id=\"euz1aWu4_4HG\" data-wc=\"21\"><strong>\u00bfCrees que lo har\u00e1 del todo? Porque al que ha dedicado toda su vida a la hosteler\u00eda luego le cuesta parar.\u00a0<\/strong><\/p>\n<p class=\"HOLA-TEMAS_5a--TEXTO-NORMAL answer-s1\" id=\"ePuJzzfD8adb\" data-wc=\"56\">Le cuesta, porque <strong>adem\u00e1s mi padre es una persona muy movida<\/strong>. No es de estar en casa tranquilo. <a class=\"hm-link ho-link\" href=\"https:\/\/www.hola.com\/actualidad\/20230530232890\/asi-es-la-familia-de-fernando-verdasco\/\" data-mrf-recirculation=\"article-body-link\" rel=\"nofollow noopener\" target=\"_blank\">A \u00e9l le encanta trabajar y lleva toda la vida en la hosteler\u00eda: le encanta ir al mercado, estar en el restaurante, recibir a los clientes de siempre\u2026\u00a0<\/a>Entonces, entre comillas, \u00e9l seguir\u00e1 viniendo, pero de otra manera.<\/p>\n<p class=\"HOLA-TEMAS_5b--PREGUNTA-NEGRITA question-s1\" id=\"eEix69kZiEMp\" data-wc=\"21\"><strong>T\u00fa te has criado entre fogones y tus hijas est\u00e1n creciendo viendo c\u00f3mo trabaj\u00e1is en el restaurante. \u00bfVes que apunten maneras?<\/strong><\/p>\n<p class=\"HOLA-TEMAS_5a--TEXTO-NORMAL answer-s1\" id=\"eqADnmtAIvzB\" data-wc=\"51\">Ellas me suelen decir: \u00abMe quiero ir contigo a La Ray\u00faa porque quiero trabajar como t\u00fa\u00bb. Pero luego a Valentina tambi\u00e9n le gusta el deporte. Juega el tenis (como su t\u00edo), al baloncesto, f\u00fatbol&#8230; Y a Carmen le gusta la m\u00fasica y canta muy bien. Tienen la mezcla de la familia.<\/p>\n<p>Juan, un padre orgulloso con nuevo proyecto musical<\/p>\n<p class=\"HOLA-TEMAS_5b--PREGUNTA-NEGRITA question-s1\" id=\"ecvL1x8DeE15\" data-wc=\"9\"><strong>\u00bfC\u00f3mo llevas el pasar de dos ni\u00f1as a tres?\u00a0<\/strong><\/p>\n<p class=\"HOLA-TEMAS_5a--TEXTO-NORMAL answer-s1\" id=\"esdJ6DFZnY8i\" data-wc=\"22\">La <strong>verdad es que es un poquito locura<\/strong>, pero es una maravilla, es una bendici\u00f3n que venga otra criatura. Estoy muy contento.<\/p>\n<p>  \u00a0<img src=\"https:\/\/www.europesays.com\/es\/wp-content\/uploads\/2025\/11\/7e7082bdac90-sara-verdasco-familia1453.jpg\"   width=\"1080\" height=\"1800\" loading=\"lazy\" decoding=\"async\" alt=\"Tres ni\u00f1as en una cama, las mayores besan a la beb\u00e9 en la cabeza\" fetchpriority=\"auto\" class=\"image ho-image\"\/>\u00a9 Jes\u00fas CorderoLas mellizas besan con cari\u00f1o a su nueva hermana, con quien les gusta ejercer de hermanas mayores<\/p>\n<p class=\"HOLA-TEMAS_5b--PREGUNTA-NEGRITA question-s1\" id=\"evJknLe_3R4D\" data-wc=\"6\"><strong>\u00bfTe cuesta compaginar trabajo con familia?<\/strong><\/p>\n<p class=\"HOLA-TEMAS_5a--TEXTO-NORMAL answer-s1\" id=\"e4vorfozN3rD\" data-wc=\"46\">Siempre es complicado, <strong>porque nosotros los m\u00fasicos pasamos mucho tiempo fuera de casa.\u00a0<\/strong><a class=\"hm-link ho-link\" href=\"https:\/\/www.hola.com\/actualidad\/2017093099942\/juan-carmona-27-flamenco\/\" data-mrf-recirculation=\"article-body-link\" rel=\"nofollow noopener\" target=\"_blank\">Nosotros siempre estamos por ah\u00ed viajando, hoteles, viajes, conciertos por la noche, cenas donde sea, comes donde puedes&#8230;<\/a> Pero bueno, <strong>al llegar a casa y encontrarte a las princesitas te renueva la vida.<\/strong><\/p>\n<p class=\"HOLA-TEMAS_5b--PREGUNTA-NEGRITA question-s1\" id=\"eknA8BfAdopI\" data-wc=\"4\"><strong>\u00bfQu\u00e9 proyectos tienes ahora?<\/strong><\/p>\n<p class=\"HOLA-TEMAS_5a--TEXTO-NORMAL answer-s1\" id=\"egDuXzGAzHkW\" data-wc=\"63\">Pues mira, <strong>estoy trabajando en un EP<\/strong> porque, aparte de los proyectos en los que estoy, quiero sacar mi m\u00fasica. Estoy trabajando con mucha gente, <strong>estoy de gira con Antonio (Carmona)<\/strong> y tocando con mucha gente, con Josemi (Carmona), con el t\u00edo Pepe Habichuela, con Kiki Morente\u2026 Siempre estamos de gira ah\u00ed donde nos llaman, pero <strong>ahora estoy pensando en hacer mi m\u00fasica.<\/strong><\/p>\n<p>  <img src=\"https:\/\/www.europesays.com\/es\/wp-content\/uploads\/2025\/11\/6114d11839a1-sara-verdasco-familia1420-2.jpg\"   width=\"1080\" height=\"1080\" loading=\"lazy\" decoding=\"async\" alt=\"Tres ni\u00f1as sonriendo en una cama, la del medio es un beb\u00e9 riendo\" fetchpriority=\"auto\" class=\"image ho-image\"\/>\u00a9 Jes\u00fas Cordero<\/p>\n<p class=\"HOLA-TEMAS_5b--PREGUNTA-NEGRITA question-s1\" id=\"e-akqT0xi8Ff\" data-wc=\"5\"><strong>\u00bfCu\u00e1ndo saldr\u00e1 a la luz?<\/strong><\/p>\n<p class=\"HOLA-TEMAS_5a--TEXTO-NORMAL answer-s1\" id=\"evx6VhXnCtaa\" data-wc=\"15\">Estoy en ello. <strong>Yo creo que a principios del a\u00f1o que viene podremos tener algo.<\/strong><\/p>\n<p class=\"HOLA-TEMAS_5b--PREGUNTA-NEGRITA question-s1\" id=\"e9Lo5Kmn1Zps\" data-wc=\"15\"><strong>No paras. Tocando con tanta gente, trabajando en tu m\u00fasica, con tus mellizas, otro beb\u00e9&#8230;<\/strong><\/p>\n<p class=\"HOLA-TEMAS_5a--TEXTO-NORMAL answer-s1\" id=\"e30mKZoF0A9_\" data-wc=\"42\">Imag\u00ednate, entre la ni\u00f1a, la familia, el trabajo, la gira&#8230; y luego t\u00fa cu\u00eddate un poco entre medias \u2014dice riendo\u2014. Pero <strong>hay que hacer de todo, sobre todo cosas que te llenen,<\/strong> que en mi caso son la m\u00fasica y la familia.<\/p>\n<blockquote class=\"ho-bl-1081603 -no-figcaption\" cite=\"\">\n<p id=\"emPKX5Q-vYyH\">\u00abEstoy trabajando en un disco porque, adem\u00e1s de ir de gira tocando con varios artistas, ahora quiero hacer mi m\u00fasica\u00bb, nos adelanta Juan, ilusionado ante este nuevo paso en su carrera<\/p>\n<\/blockquote>\n<p>  <img src=\"https:\/\/www.europesays.com\/es\/wp-content\/uploads\/2025\/11\/a5d49e46c3b4-50a07471c340-4c3b6208a7fc0378bab70f54ccb2a4d2saraverdascofamilia1594cut.jpg\"   width=\"1080\" height=\"1800\" loading=\"lazy\" decoding=\"async\" alt=\"Sara Verdasco y Juan Carmona sonrientes en un pasillo, ella en traje rosa y \u00e9l en traje beige y pantalones marrones\" fetchpriority=\"auto\" class=\"image ho-image\"\/>\u00a9 Jes\u00fas Cordero\u00bbCarmen y Valentina tienen a Juan como a un rey, tienen locura con \u00e9l y \u00e9l disfruta mucho con sus chicas\u00bb, confiesa Sara, que en la imagen posa con su marido<\/p>\n<p class=\"HOLA-TEMAS_5b--PREGUNTA-NEGRITA question-s1\" id=\"eN3XGLl9u_Vl\" data-wc=\"19\"><strong>\u00bfTus hijas han heredado la pasi\u00f3n de tu familia por la m\u00fasica? Mira, hasta Sara parece que quiere cantarte.\u00a0<\/strong><\/p>\n<p class=\"HOLA-TEMAS_5a--TEXTO-NORMAL answer-s1\" id=\"ejZHrOeiLHRs\" data-wc=\"25\">S\u00ed, es muy cantaora \u2014dice mientras tiene a la peque\u00f1a en brazos balbuceando\u2014. Y Valentina baila muy bien y Carmen canta y afina muy bien.<\/p>\n<p class=\"HOLA-TEMAS_5b--PREGUNTA-NEGRITA question-s1\" id=\"eZFAhinqyx-O\" data-wc=\"4\"><strong>Qu\u00e9 familia de artistas.<\/strong><\/p>\n<p class=\"HOLA-TEMAS_5a--TEXTO-NORMAL answer-s1\" id=\"e_2iqvSCq_KO\" data-wc=\"22\">La verdad es que s\u00ed, es una maravilla. <strong>En casa es una fiesta, nos ponemos a cantar, a bailar y a tocar.<\/strong><\/p>\n<p>  <img src=\"https:\/\/www.europesays.com\/es\/wp-content\/uploads\/2025\/11\/7b007068e823-662019c0fe14a91f7a8648fa3718442asaraverdascofamilia1793.jpg\"   width=\"1080\" height=\"1800\" loading=\"lazy\" decoding=\"async\" alt=\"Juan Carmona con cabello largo sostiene a su beb\u00e9, mientras sus otras dos ni\u00f1as tocan la guitarra sentadas junto a \u00e9l\" fetchpriority=\"auto\" class=\"image ho-image\"\/>\u00a9 Jes\u00fas CorderoEl m\u00fasico con sus hijas, a las que les encanta la m\u00fasica, como a \u00e9l<\/p>\n","protected":false},"excerpt":{"rendered":"Sara Verdasco y Juan Carmona\u00a0viven\u00a0en medio de una feliz revoluci\u00f3n. En su casa no existe el aburrimiento ni&hellip;\n","protected":false},"author":2,"featured_media":259975,"comment_status":"","ping_status":"","sticky":false,"template":"","format":"standard","meta":{"footnotes":""},"categories":[174],"tags":[3900,517,255,3899,146,147,25,24,256,65020,65021,23],"class_list":{"0":"post-259974","1":"post","2":"type-post","3":"status-publish","4":"format-standard","5":"has-post-thumbnail","7":"category-famosos","8":"tag-hola","9":"tag-actualidad","10":"tag-celebrities","11":"tag-contenido-sensible","12":"tag-entertainment","13":"tag-entretenimiento","14":"tag-es","15":"tag-espana","16":"tag-famosos","17":"tag-juan-carmona","18":"tag-sara-verdasco","19":"tag-spain"},"share_on_mastodon":{"url":"https:\/\/pubeurope.com\/@es\/115626389087265622","error":""},"_links":{"self":[{"href":"https:\/\/www.europesays.com\/es\/wp-json\/wp\/v2\/posts\/259974","targetHints":{"allow":["GET"]}}],"collection":[{"href":"https:\/\/www.europesays.com\/es\/wp-json\/wp\/v2\/posts"}],"about":[{"href":"https:\/\/www.europesays.com\/es\/wp-json\/wp\/v2\/types\/post"}],"author":[{"embeddable":true,"href":"https:\/\/www.europesays.com\/es\/wp-json\/wp\/v2\/users\/2"}],"replies":[{"embeddable":true,"href":"https:\/\/www.europesays.com\/es\/wp-json\/wp\/v2\/comments?post=259974"}],"version-history":[{"count":0,"href":"https:\/\/www.europesays.com\/es\/wp-json\/wp\/v2\/posts\/259974\/revisions"}],"wp:featuredmedia":[{"embeddable":true,"href":"https:\/\/www.europesays.com\/es\/wp-json\/wp\/v2\/media\/259975"}],"wp:attachment":[{"href":"https:\/\/www.europesays.com\/es\/wp-json\/wp\/v2\/media?parent=259974"}],"wp:term":[{"taxonomy":"category","embeddable":true,"href":"https:\/\/www.europesays.com\/es\/wp-json\/wp\/v2\/categories?post=259974"},{"taxonomy":"post_tag","embeddable":true,"href":"https:\/\/www.europesays.com\/es\/wp-json\/wp\/v2\/tags?post=259974"}],"curies":[{"name":"wp","href":"https:\/\/api.w.org\/{rel}","templated":true}]}}