{"id":259994,"date":"2025-11-28T08:42:10","date_gmt":"2025-11-28T08:42:10","guid":{"rendered":"https:\/\/www.europesays.com\/es\/259994\/"},"modified":"2025-11-28T08:42:10","modified_gmt":"2025-11-28T08:42:10","slug":"seguridad-social-informa-de-que-mas-de-104-millones-de-pensiones-contributivas-subiran-alrededor-de-un-27-en-2026","status":"publish","type":"post","link":"https:\/\/www.europesays.com\/es\/259994\/","title":{"rendered":"Seguridad Social informa de que m\u00e1s de 10,4 millones de pensiones contributivas subir\u00e1n alrededor de un 2,7% en 2026"},"content":{"rendered":"<p>Las pensiones contributivas se revalorizar\u00e1n en 2026 en torno a un 2,7%, de acuerdo con el \u00cdndice de Precios al Consumo (IPC) medio interanual. El dato del IPC de noviembre se ha conocido adelantado, y permite calcular de forma aproximada el incremento de las pensiones para el pr\u00f3ximo a\u00f1o. La cifra se confirmar\u00e1 el 12 de diciembre, cuando se publique el IPC definitivo.<\/p>\n<p>Desde la entrada en vigor de la Ley 21\/2021, acordada con los interlocutores sociales, las pensiones se actualizan cada a\u00f1o conforme a la subida de los precios para garantizar su poder adquisitivo, tal y como se recoge en la 2\u00aa Recomendaci\u00f3n del Pacto de Toledo.<\/p>\n<p>La ministra de Inclusi\u00f3n, Seguridad Social y Migraciones, Elma Saiz, ha destacado que la revalorizaci\u00f3n conforme al IPC \u00absupone la consolidaci\u00f3n de una medida fundamental. Los pensionistas tienen garantizado el mantenimiento de su poder adquisitivo el a\u00f1o pr\u00f3ximo con la subida de sus pensiones conforme al IPC\u00bb.<\/p>\n<p>La ministra ha subrayado que la revalorizaci\u00f3n anual de las pensiones \u00abes compromiso del Gobierno de Espa\u00f1a. Trabajamos para que el sistema, ejemplo entre las grandes econom\u00edas de nuestro entorno, sea cada vez m\u00e1s equitativo y s\u00f3lido\u00bb.<\/p>\n<p>Un incremento medio de 572 euros anuales para jubilados <\/p>\n<p>La revalorizaci\u00f3n supondr\u00e1, aproximadamente, 572 euros adicionales al a\u00f1o para las personas con la pensi\u00f3n media de jubilaci\u00f3n, mientras que las pensiones medias del sistema aumentar\u00e1n 498 euros anuales. Este incremento beneficiar\u00e1 a los m\u00e1s de 9,4 millones de personas que reciben 10,4 millones de pensiones contributivas, adem\u00e1s de los 715.000 pensionistas correspondientes al R\u00e9gimen de Clases Pasivas del Estado, que tambi\u00e9n ver\u00e1n c\u00f3mo se revalorizan sus prestaciones con el mismo \u00edndice.<\/p>\n<p>La pensi\u00f3n media del sistema de la Seguridad Social es de 1.316,7 euros en noviembre, un 4,4% m\u00e1s que en el mismo mes del a\u00f1o anterior. Esta media incluye la cuant\u00eda de las distintas clases de pensi\u00f3n (jubilaci\u00f3n, incapacidad permanente, viudedad, orfandad y en favor de familiares). La pensi\u00f3n media de jubilaci\u00f3n, que perciben m\u00e1s de dos tercios del total de pensionistas (6,5 millones de personas), se sit\u00faa en 1.511,5 euros mensuales, tras incrementarse un 4,3% de media respecto al mismo periodo de 2024. En noviembre, adem\u00e1s, se les abonar\u00e1 la paga extraordinaria que, en el caso de la jubilaci\u00f3n, tiene un importe medio de 1.492 euros.<\/p>\n<p>La f\u00f3rmula utilizada para calcular la revalorizaci\u00f3n del pr\u00f3ximo ejercicio es la establecida por la Ley 21\/2021, de 28 de diciembre, mediante la cual se fij\u00f3 la garant\u00eda del poder adquisitivo de las pensiones y de otras medidas de refuerzo de la sostenibilidad financiera y social de sistema p\u00fablico de pensiones.<\/p>\n<p><img decoding=\"async\" alt=\"Una pareja paseando por la calle\" title=\"Una pareja paseando por la calle\" src=\"https:\/\/www.europesays.com\/es\/wp-content\/uploads\/2025\/11\/281125-saiz-pensiones-contributivas-20261.jpg\"\/><\/p>\n<p id=\"ctl00_PlaceHolderMain_DisplayMode_noticia_pImageCaption\" class=\"media-captionContainer rs_skip\">Una pareja paseando por la calle.<\/p>\n<ul id=\"ctl00_PlaceHolderMain_DisplayMode_noticia_list_banner_home\" class=\"list-banner list-banner-no-border\">&#13;<\/p>\n<li class=\"BannerLi\">&#13;<a title=\"Datos actualizados y ayudas del Plan de Respuesta Inmediata, Reconstrucci\u00f3n y Relanzamiento\" href=\"https:\/\/www.lamoncloa.gob.es\/info-dana\/Paginas\/index.aspx\" rel=\"nofollow noopener\" target=\"_blank\"><img decoding=\"async\" title=\"Datos actualizados y ayudas del Plan de Respuesta Inmediata, Reconstrucci\u00f3n y Relanzamiento\" src=\"https:\/\/www.europesays.com\/es\/wp-content\/uploads\/2025\/10\/banner-noticias-dana.png\" alt=\"Datos actualizados y ayudas del Plan de Respuesta Inmediata, Reconstrucci\u00f3n y Relanzamiento\"\/><\/a>&#13;<\/li>\n<p>&#13;<\/ul>\n","protected":false},"excerpt":{"rendered":"Las pensiones contributivas se revalorizar\u00e1n en 2026 en torno a un 2,7%, de acuerdo con el \u00cdndice de&hellip;\n","protected":false},"author":2,"featured_media":259995,"comment_status":"","ping_status":"","sticky":false,"template":"","format":"standard","meta":{"footnotes":""},"categories":[5],"tags":[517,17,18,25,24,13,14,11,17322,19,20,9,10,15,16,2330,29767,23,12,21,22],"class_list":{"0":"post-259994","1":"post","2":"type-post","3":"status-publish","4":"format-standard","5":"has-post-thumbnail","7":"category-titulares","8":"tag-actualidad","9":"tag-breaking-news","10":"tag-breakingnews","11":"tag-es","12":"tag-espana","13":"tag-featured-news","14":"tag-featurednews","15":"tag-headlines","16":"tag-inclusion","17":"tag-latest-news","18":"tag-latestnews","19":"tag-news","20":"tag-noticias","21":"tag-noticias-destacadas","22":"tag-noticiasdestacadas","23":"tag-prensa","24":"tag-seguridad-social-y-migraciones","25":"tag-spain","26":"tag-titulares","27":"tag-ultimas-noticias","28":"tag-ultimasnoticias"},"share_on_mastodon":{"url":"https:\/\/pubeurope.com\/@es\/115626439120204947","error":""},"_links":{"self":[{"href":"https:\/\/www.europesays.com\/es\/wp-json\/wp\/v2\/posts\/259994","targetHints":{"allow":["GET"]}}],"collection":[{"href":"https:\/\/www.europesays.com\/es\/wp-json\/wp\/v2\/posts"}],"about":[{"href":"https:\/\/www.europesays.com\/es\/wp-json\/wp\/v2\/types\/post"}],"author":[{"embeddable":true,"href":"https:\/\/www.europesays.com\/es\/wp-json\/wp\/v2\/users\/2"}],"replies":[{"embeddable":true,"href":"https:\/\/www.europesays.com\/es\/wp-json\/wp\/v2\/comments?post=259994"}],"version-history":[{"count":0,"href":"https:\/\/www.europesays.com\/es\/wp-json\/wp\/v2\/posts\/259994\/revisions"}],"wp:featuredmedia":[{"embeddable":true,"href":"https:\/\/www.europesays.com\/es\/wp-json\/wp\/v2\/media\/259995"}],"wp:attachment":[{"href":"https:\/\/www.europesays.com\/es\/wp-json\/wp\/v2\/media?parent=259994"}],"wp:term":[{"taxonomy":"category","embeddable":true,"href":"https:\/\/www.europesays.com\/es\/wp-json\/wp\/v2\/categories?post=259994"},{"taxonomy":"post_tag","embeddable":true,"href":"https:\/\/www.europesays.com\/es\/wp-json\/wp\/v2\/tags?post=259994"}],"curies":[{"name":"wp","href":"https:\/\/api.w.org\/{rel}","templated":true}]}}