{"id":26001,"date":"2025-08-04T22:45:11","date_gmt":"2025-08-04T22:45:11","guid":{"rendered":"https:\/\/www.europesays.com\/es\/26001\/"},"modified":"2025-08-04T22:45:11","modified_gmt":"2025-08-04T22:45:11","slug":"mesa-redonda-sobre-astrofotografia-en-el-museu-de-les-ciencies","status":"publish","type":"post","link":"https:\/\/www.europesays.com\/es\/26001\/","title":{"rendered":"Mesa redonda sobre astrofotograf\u00eda en el Museu de les Ci\u00e8ncies"},"content":{"rendered":"<p data-start=\"1027\" data-end=\"1398\">El <a href=\"https:\/\/cac.es\/museu-de-les-ciencies\/\" rel=\"nofollow noopener\" target=\"_blank\">Museu de les Ci\u00e8ncies<\/a> organiza la mesa redonda \u2018Bajo un mismo cielo. Planifica, dispara y protege el brillo de las estrellas\u2019, que tendr\u00e1 lugar el viernes 12 de septiembre a partir de las 19:30 horas en el Auditorio Santiago Grisol\u00eda. La actividad es de libre acceso hasta completar aforo y se celebrar\u00e1 justo antes de la entrega de premios del concurso \u2018AstroCiutat\u2019.<\/p>\n<p><strong data-start=\"1400\" data-end=\"1443\">Participaci\u00f3n de expertos de referencia<\/strong><\/p>\n<p data-start=\"1445\" data-end=\"1746\">El encuentro ser\u00e1 moderado por el prestigioso fot\u00f3grafo Jes\u00fas Manuel Garc\u00eda Flores y contar\u00e1 con la participaci\u00f3n de destacados profesionales del \u00e1mbito de la astrofotograf\u00eda: Antoni Cladera (cofundador de PhotoPills), Daniel Ruano (Foto Ruano) y Antonia Varela (presidenta de la Fundaci\u00f3n Starlight).<\/p>\n<p><strong data-start=\"1748\" data-end=\"1809\">Claves t\u00e9cnicas y reflexi\u00f3n sobre la protecci\u00f3n del cielo<\/strong><\/p>\n<p data-start=\"1811\" data-end=\"2186\">Durante la mesa redonda se abordar\u00e1n aspectos esenciales de la fotograf\u00eda nocturna, como la planificaci\u00f3n precisa de sesiones, el uso eficaz del equipo fotogr\u00e1fico o los retos t\u00e9cnicos al capturar el cielo estrellado. Tambi\u00e9n ser\u00e1 una oportunidad para reflexionar sobre c\u00f3mo proteger el cielo oscuro frente a la contaminaci\u00f3n lum\u00ednica, un bien natural cada vez m\u00e1s amenazado.<\/p>\n<p><strong data-start=\"2188\" data-end=\"2246\">Una gu\u00eda para todos los p\u00fablicos: iniciados y expertos<\/strong><\/p>\n<p data-start=\"2248\" data-end=\"2550\">El evento ofrecer\u00e1 consejos pr\u00e1cticos, recursos digitales y experiencias reales que ser\u00e1n de utilidad tanto para personas aficionadas como para fot\u00f3grafos con trayectoria. La sesi\u00f3n busca servir de inspiraci\u00f3n y formaci\u00f3n para mejorar las habilidades en este arte que une t\u00e9cnica, naturaleza y ciencia.<\/p>\n<p><strong data-start=\"2552\" data-end=\"2599\">Entrega de premios y exposici\u00f3n fotogr\u00e1fica<\/strong><\/p>\n<p data-start=\"2601\" data-end=\"2833\">Tras la mesa redonda, tendr\u00e1 lugar la entrega de premios del concurso \u2018AstroCiutat. El universo en im\u00e1genes\u2019 y la inauguraci\u00f3n de la exposici\u00f3n de las im\u00e1genes ganadoras, que podr\u00e1 visitarse en la calle Menor del edificio del Museu.<\/p>\n<p><strong data-start=\"2835\" data-end=\"2881\">Una apuesta por la divulgaci\u00f3n astron\u00f3mica<\/strong><\/p>\n<p data-start=\"2883\" data-end=\"3235\">La Ciutat de les Arts i les Ci\u00e8ncies ha seleccionado 10 fotograf\u00edas como ganadoras de esta segunda edici\u00f3n del certamen, que ha recibido trabajos de autores nacionales e internacionales. Con iniciativas como esta, el complejo cultural promueve la astrofotograf\u00eda como disciplina que combina arte, divulgaci\u00f3n cient\u00edfica y respeto por el cielo nocturno.<\/p>\n","protected":false},"excerpt":{"rendered":"El Museu de les Ci\u00e8ncies organiza la mesa redonda \u2018Bajo un mismo cielo. Planifica, dispara y protege el&hellip;\n","protected":false},"author":2,"featured_media":26002,"comment_status":"","ping_status":"","sticky":false,"template":"","format":"standard","meta":{"footnotes":""},"categories":[81],"tags":[10719,119,123,124,25,24,14422,117,121,122,23,118,120],"class_list":{"0":"post-26001","1":"post","2":"type-post","3":"status-publish","4":"format-standard","5":"has-post-thumbnail","7":"category-ciencia-y-tecnologia","8":"tag-astrociutat","9":"tag-ciencia","10":"tag-ciencia-y-tecnologia","11":"tag-cienciaytecnologia","12":"tag-es","13":"tag-espana","14":"tag-museu-de-les-ciencies-valencia","15":"tag-science","16":"tag-science-and-technology","17":"tag-scienceandtechnology","18":"tag-spain","19":"tag-technology","20":"tag-tecnologia"},"share_on_mastodon":{"url":"","error":""},"_links":{"self":[{"href":"https:\/\/www.europesays.com\/es\/wp-json\/wp\/v2\/posts\/26001","targetHints":{"allow":["GET"]}}],"collection":[{"href":"https:\/\/www.europesays.com\/es\/wp-json\/wp\/v2\/posts"}],"about":[{"href":"https:\/\/www.europesays.com\/es\/wp-json\/wp\/v2\/types\/post"}],"author":[{"embeddable":true,"href":"https:\/\/www.europesays.com\/es\/wp-json\/wp\/v2\/users\/2"}],"replies":[{"embeddable":true,"href":"https:\/\/www.europesays.com\/es\/wp-json\/wp\/v2\/comments?post=26001"}],"version-history":[{"count":0,"href":"https:\/\/www.europesays.com\/es\/wp-json\/wp\/v2\/posts\/26001\/revisions"}],"wp:featuredmedia":[{"embeddable":true,"href":"https:\/\/www.europesays.com\/es\/wp-json\/wp\/v2\/media\/26002"}],"wp:attachment":[{"href":"https:\/\/www.europesays.com\/es\/wp-json\/wp\/v2\/media?parent=26001"}],"wp:term":[{"taxonomy":"category","embeddable":true,"href":"https:\/\/www.europesays.com\/es\/wp-json\/wp\/v2\/categories?post=26001"},{"taxonomy":"post_tag","embeddable":true,"href":"https:\/\/www.europesays.com\/es\/wp-json\/wp\/v2\/tags?post=26001"}],"curies":[{"name":"wp","href":"https:\/\/api.w.org\/{rel}","templated":true}]}}