{"id":260012,"date":"2025-11-28T09:01:26","date_gmt":"2025-11-28T09:01:26","guid":{"rendered":"https:\/\/www.europesays.com\/es\/260012\/"},"modified":"2025-11-28T09:01:26","modified_gmt":"2025-11-28T09:01:26","slug":"encontramos-los-5-chollos-del-black-friday-2025-que-estan-arrasando-en-moda-hogar-y-tecnologia","status":"publish","type":"post","link":"https:\/\/www.europesays.com\/es\/260012\/","title":{"rendered":"Encontramos los 5 chollos del Black Friday 2025 que est\u00e1n arrasando en moda, hogar y tecnolog\u00eda"},"content":{"rendered":"<p style=\"\">En medio de miles de <strong>ofertas del Black Friday<\/strong>, solo unos cuantos productos est\u00e1n generando ese efecto \u00abme lo llevo porque lo uso seguro\u00bb. Moda pr\u00e1ctica, tecnolog\u00eda \u00fatil y b\u00e1sicos para casa con descuentos que realmente merecen la pena. <strong>Estos son los 5 chollos <\/strong> &#8230; <strong>que m\u00e1s movimiento est\u00e1n teniendo ahora mismo en Amazon<\/strong>, con rebajas que van del 21% al 49%.<\/p>\n<p class=\"voc-d-c-top__number\">1<\/p>\n<p><img decoding=\"async\" loading=\"lazy\" src=\"https:\/\/www.europesays.com\/es\/wp-content\/uploads\/2025\/11\/image_20251128091204-U10653113648obM-760x427@diario_abc.png\" class=\"voc-img\" width=\"760\" height=\"427\" alt=\"Encontramos los 5 chollos del Black Friday 2025 que est\u00e1n arrasando en moda, hogar y tecnolog\u00eda\" data-voc-vtm-id=\"in-text-traffic\"\/><\/p>\n<p>\nCalvin Klein b\u00f3xers pack 3 \u2014 42% menos\n<\/p>\n<p class=\"voc-p\" style=\"\">Este <a href=\"https:\/\/www.amazon.es\/dp\/B001BEAWXY?_encoding=UTF8&amp;tag=abc0e2b-21&amp;linkCode=ogi&amp;th=1&amp;language=es_ES&amp;psc=1\" rel=\"nofollow,sponsored noopener\" target=\"_blank\" data-voc-vtm-id=\"in-text-traffic\" class=\"monetise\" title=\"pack de tres b\u00f3xers Calvin Klein\" data-mrf-link=\"www.amazon.es\">pack de tres b\u00f3xers Calvin Klein<\/a> vuelve a colocarse entre los m\u00e1s vendidos del d\u00eda. <strong>C\u00f3modos, ajustados sin apretar y duraderos<\/strong>, son de esos b\u00e1sicos que siempre se agradecen cuando bajan de precio. Por 25,95\u20ac, resulta un cl\u00e1sico bien rebajado que se usa todo el a\u00f1o.<\/p>\n<p class=\"voc-d-c-top__number\">2<\/p>\n<p><img decoding=\"async\" loading=\"lazy\" src=\"https:\/\/www.europesays.com\/es\/wp-content\/uploads\/2025\/11\/image_20251128092128-U37087262560CFw-760x427@diario_abc.png\" class=\"voc-img\" width=\"760\" height=\"427\" alt=\"Encontramos los 5 chollos del Black Friday 2025 que est\u00e1n arrasando en moda, hogar y tecnolog\u00eda\" data-voc-vtm-id=\"in-text-traffic\"\/><\/p>\n<p>\nPower Bank Belkin 10000 mAh \u2014 40% menos\n<\/p>\n<p class=\"voc-p\" style=\"\">Este <a href=\"https:\/\/www.amazon.es\/dp\/B092TNMFYB?_encoding=UTF8&amp;tag=abc0e2b-21&amp;linkCode=ogi&amp;th=1&amp;language=es_ES\" rel=\"nofollow,sponsored noopener\" target=\"_blank\" data-voc-vtm-id=\"in-text-traffic\" class=\"monetise\" title=\"power bank de Belkin\" data-mrf-link=\"www.amazon.es\">power bank de Belkin<\/a> es una soluci\u00f3n sencilla y fiable para no quedarte sin bater\u00eda cuando m\u00e1s la necesitas. <strong>Con sus 10000 mAh, carga sin problema m\u00f3viles, auriculares o cualquier dispositivo USB-C o USB-A<\/strong>, y mantiene un tama\u00f1o c\u00f3modo para llevar en mochila o abrigo. Por 17,99\u20ac, es una opci\u00f3n muy pr\u00e1ctica para el d\u00eda a d\u00eda o para viajes en los que no quieres depender de enchufes.<\/p>\n<p class=\"voc-d-c-top__number\">3<\/p>\n<p><img decoding=\"async\" loading=\"lazy\" src=\"https:\/\/s2.abcstatics.com\/abc\/www\/multimedia\/favorito\/2025\/11\/28\/image_20251128091251-U67522417422DZC-760x427@diario_abc.png\" class=\"voc-img\" width=\"760\" height=\"427\" alt=\"Encontramos los 5 chollos del Black Friday 2025 que est\u00e1n arrasando en moda, hogar y tecnolog\u00eda\" data-voc-vtm-id=\"in-text-traffic\"\/><\/p>\n<p>\nLeggings Adidas Essentials 3-Stripes \u2014 47% menos\n<\/p>\n<p class=\"voc-p\" style=\"\">Estos <a href=\"https:\/\/www.amazon.es\/dp\/B0CZPLXSLS?_encoding=UTF8&amp;tag=abc0e2b-21&amp;linkCode=ogi&amp;th=1&amp;language=es_ES&amp;psc=1\" rel=\"sponsored,nofollow noopener\" target=\"_blank\" data-voc-vtm-id=\"in-text-traffic\" class=\"monetise\" title=\"Adidas Essentials 3-Stripes\" data-mrf-link=\"www.amazon.es\">Adidas Essentials 3-Stripes<\/a> est\u00e1n funcionando muy bien porque encajan tanto para entrenar como para vestir c\u00f3modo. <strong>Son suaves, se ajustan sin apretar y mantienen la forma con el uso.<\/strong> Por 15,95\u20ac, quedan a un precio realmente atractivo para una prenda tan vers\u00e1til.<\/p>\n<p class=\"voc-d-c-top__number\">4<\/p>\n<p><img decoding=\"async\" loading=\"lazy\" src=\"https:\/\/www.europesays.com\/es\/wp-content\/uploads\/2025\/11\/image_20251128091327-U21063038413Zym-760x427@diario_abc.png\" class=\"voc-img\" width=\"760\" height=\"427\" alt=\"Encontramos los 5 chollos del Black Friday 2025 que est\u00e1n arrasando en moda, hogar y tecnolog\u00eda\" data-voc-vtm-id=\"in-text-traffic\"\/><\/p>\n<p>\nSkechers Track Scloric Hombre \u2014 49% menos\n<\/p>\n<p class=\"voc-p\" style=\"\">Las <a href=\"https:\/\/www.amazon.es\/dp\/B07BQXJK9M?_encoding=UTF8&amp;tag=abc0e2b-21&amp;linkCode=ogi&amp;th=1&amp;language=es_ES&amp;psc=1\" rel=\"nofollow,sponsored noopener\" target=\"_blank\" data-voc-vtm-id=\"in-text-traffic\" class=\"monetise\" title=\"Skechers Track Scloric\" data-mrf-link=\"www.amazon.es\">Skechers Track Scloric<\/a> se han convertido en las zapatillas de batalla de muchos hombres. <strong>Ligeras, c\u00f3modas y perfectas para caminar mucho o trabajar de pie<\/strong>, son de esos modelos que sorprenden por lo f\u00e1cil que es usarlas cada d\u00eda. Con el descuento, se quedan en 35,99\u20ac, una cifra que explica por qu\u00e9 vuelan.<\/p>\n<p class=\"voc-d-c-top__number\">5<\/p>\n<p><img decoding=\"async\" loading=\"lazy\" src=\"https:\/\/www.europesays.com\/es\/wp-content\/uploads\/2025\/11\/image_20251128091343-U26688611368arh-760x427@diario_abc.png\" class=\"voc-img\" width=\"760\" height=\"427\" alt=\"Encontramos los 5 chollos del Black Friday 2025 que est\u00e1n arrasando en moda, hogar y tecnolog\u00eda\" data-voc-vtm-id=\"in-text-traffic\"\/><\/p>\n<p>\nSartenes Tefal Ingenio Emotion \u2014 21% menos\n<\/p>\n<p class=\"voc-p\" style=\"\">El <a href=\"https:\/\/www.amazon.es\/dp\/B0D36DNPXN?_encoding=UTF8&amp;tag=abc0e2b-21&amp;linkCode=ogi&amp;psc=1&amp;th=1&amp;language=es_ES\" rel=\"nofollow,sponsored noopener\" target=\"_blank\" data-voc-vtm-id=\"in-text-traffic\" class=\"monetise\" title=\"set Tefal Ingenio Emotion\" data-mrf-link=\"www.amazon.es\">set Tefal Ingenio Emotion<\/a> es una soluci\u00f3n muy pr\u00e1ctica para cocinas peque\u00f1as o personas que valoran el orden: <strong>tres sartenes apilables con mango extra\u00edble, revestimiento duradero y aptas para horno y lavavajillas<\/strong>. Por 54,99\u20ac, quedan a un precio muy interesante para equipar la cocina con piezas resistentes.<\/p>\n<p class=\"voc-p\" style=\"\">Este Black Friday est\u00e1 dejando ofertas, s\u00ed, pero pocas tan equilibradas como estas: <strong>productos \u00fatiles, marcas fiables y precios que realmente cambian la decisi\u00f3n de compra<\/strong>. Si quieres seguir rastreando chollos con criterio, en la secci\u00f3n <a href=\"https:\/\/www.abc.es\/favorito\/\" target=\"_blank\" data-voc-vtm-id=\"in-text-traffic\" class=\"monetise\" title=\"Favorito de ABC\" data-mrf-link=\"www.abc.es\" rel=\"nofollow noopener\">Favorito de ABC<\/a> encontrar\u00e1s cada d\u00eda nuevas selecciones filtradas para evitarte ruido y perder el tiempo.<\/p>\n","protected":false},"excerpt":{"rendered":"En medio de miles de ofertas del Black Friday, solo unos cuantos productos est\u00e1n generando ese efecto \u00abme&hellip;\n","protected":false},"author":2,"featured_media":260013,"comment_status":"","ping_status":"","sticky":false,"template":"","format":"standard","meta":{"footnotes":""},"categories":[81],"tags":[45,18854,1057,32500,119,123,124,57895,25,24,58844,11746,1023,117,121,122,23,118,120],"class_list":{"0":"post-260012","1":"post","2":"type-post","3":"status-publish","4":"format-standard","5":"has-post-thumbnail","7":"category-ciencia-y-tecnologia","8":"tag-45","9":"tag-arrasando","10":"tag-black","11":"tag-chollos","12":"tag-ciencia","13":"tag-ciencia-y-tecnologia","14":"tag-cienciaytecnologia","15":"tag-encontramos","16":"tag-es","17":"tag-espana","18":"tag-friday","19":"tag-hogar","20":"tag-moda","21":"tag-science","22":"tag-science-and-technology","23":"tag-scienceandtechnology","24":"tag-spain","25":"tag-technology","26":"tag-tecnologia"},"share_on_mastodon":{"url":"https:\/\/pubeurope.com\/@es\/115626514200743153","error":""},"_links":{"self":[{"href":"https:\/\/www.europesays.com\/es\/wp-json\/wp\/v2\/posts\/260012","targetHints":{"allow":["GET"]}}],"collection":[{"href":"https:\/\/www.europesays.com\/es\/wp-json\/wp\/v2\/posts"}],"about":[{"href":"https:\/\/www.europesays.com\/es\/wp-json\/wp\/v2\/types\/post"}],"author":[{"embeddable":true,"href":"https:\/\/www.europesays.com\/es\/wp-json\/wp\/v2\/users\/2"}],"replies":[{"embeddable":true,"href":"https:\/\/www.europesays.com\/es\/wp-json\/wp\/v2\/comments?post=260012"}],"version-history":[{"count":0,"href":"https:\/\/www.europesays.com\/es\/wp-json\/wp\/v2\/posts\/260012\/revisions"}],"wp:featuredmedia":[{"embeddable":true,"href":"https:\/\/www.europesays.com\/es\/wp-json\/wp\/v2\/media\/260013"}],"wp:attachment":[{"href":"https:\/\/www.europesays.com\/es\/wp-json\/wp\/v2\/media?parent=260012"}],"wp:term":[{"taxonomy":"category","embeddable":true,"href":"https:\/\/www.europesays.com\/es\/wp-json\/wp\/v2\/categories?post=260012"},{"taxonomy":"post_tag","embeddable":true,"href":"https:\/\/www.europesays.com\/es\/wp-json\/wp\/v2\/tags?post=260012"}],"curies":[{"name":"wp","href":"https:\/\/api.w.org\/{rel}","templated":true}]}}