{"id":260014,"date":"2025-11-28T09:02:10","date_gmt":"2025-11-28T09:02:10","guid":{"rendered":"https:\/\/www.europesays.com\/es\/260014\/"},"modified":"2025-11-28T09:02:10","modified_gmt":"2025-11-28T09:02:10","slug":"obras-de-rehabilitacion-en-la-plaza-de-miraflores","status":"publish","type":"post","link":"https:\/\/www.europesays.com\/es\/260014\/","title":{"rendered":"Obras de rehabilitaci\u00f3n en la plaza de Miraflores"},"content":{"rendered":"<p>La teniente de alcalde delegada de Urbanismo, Mar\u00eda del Mar Collado, junto al delegado responsable de la zona de Estaci\u00f3n, Taraguilla y Miraflores, Juan Serv\u00e1n, han visitado las obras que se est\u00e1n acometiendo en la plaza de Miraflores, donde se encuentran los locales de los negocios de la barriada.<\/p>\n<p>Las obras, que comenzaron el pasado 27 de octubre, consisten en la creaci\u00f3n de una plaza di\u00e1fana con la construcci\u00f3n de un escenario integrado para eventos y celebraciones. Para ello, se acometer\u00e1n principalmente las siguientes actuaciones: construcci\u00f3n de un escenario integrado con p\u00e9rgola, la sustituci\u00f3n de la soler\u00eda, colocaci\u00f3n de un nuevo mobiliario urbano y mejoras tanto de la iluminaci\u00f3n como en la red de recogida de aguas pluviales.<\/p>\n<p>La edil asegur\u00f3 que estas obras fueron muy demandadas por los vecinos. Explic\u00f3 que esta licitaci\u00f3n se le adjudic\u00f3 a la empresa Gestiona e Innovaci\u00f3n por un importe de 238.000 euros aproximadamente, con un plazo de ejecuci\u00f3n de seis meses, \u201caunque est\u00e1 avanzando bastante bien\u201d.<\/p>\n<p>\u201cLa obra tambi\u00e9n sustituir\u00e1 lo que es toda la jardiner\u00eda para hacer una plaza di\u00e1fana donde se puedan realizar todas las actividades de la barriada, y que todos los vecinos puedan disfrutarla durante todo el a\u00f1o\u201d, a\u00f1adi\u00f3 Collado.<\/p>\n","protected":false},"excerpt":{"rendered":"La teniente de alcalde delegada de Urbanismo, Mar\u00eda del Mar Collado, junto al delegado responsable de la zona&hellip;\n","protected":false},"author":2,"featured_media":260015,"comment_status":"","ping_status":"","sticky":false,"template":"","format":"standard","meta":{"footnotes":""},"categories":[80],"tags":[1250,82,2193,2191,95,94,25,24,2190,2186,2189,2185,2187,23,2192,2188],"class_list":{"0":"post-260014","1":"post","2":"type-post","3":"status-publish","4":"format-standard","5":"has-post-thumbnail","7":"category-economia","8":"tag-ayuntamiento","9":"tag-business","10":"tag-cadiz","11":"tag-campamento","12":"tag-economia","13":"tag-economy","14":"tag-es","15":"tag-espana","16":"tag-guadiaro","17":"tag-roque","18":"tag-san-enrique","19":"tag-san-roque","20":"tag-soto-grande","21":"tag-spain","22":"tag-taraguilla","23":"tag-torreguadiaro"},"share_on_mastodon":{"url":"https:\/\/pubeurope.com\/@es\/115626517802479241","error":""},"_links":{"self":[{"href":"https:\/\/www.europesays.com\/es\/wp-json\/wp\/v2\/posts\/260014","targetHints":{"allow":["GET"]}}],"collection":[{"href":"https:\/\/www.europesays.com\/es\/wp-json\/wp\/v2\/posts"}],"about":[{"href":"https:\/\/www.europesays.com\/es\/wp-json\/wp\/v2\/types\/post"}],"author":[{"embeddable":true,"href":"https:\/\/www.europesays.com\/es\/wp-json\/wp\/v2\/users\/2"}],"replies":[{"embeddable":true,"href":"https:\/\/www.europesays.com\/es\/wp-json\/wp\/v2\/comments?post=260014"}],"version-history":[{"count":0,"href":"https:\/\/www.europesays.com\/es\/wp-json\/wp\/v2\/posts\/260014\/revisions"}],"wp:featuredmedia":[{"embeddable":true,"href":"https:\/\/www.europesays.com\/es\/wp-json\/wp\/v2\/media\/260015"}],"wp:attachment":[{"href":"https:\/\/www.europesays.com\/es\/wp-json\/wp\/v2\/media?parent=260014"}],"wp:term":[{"taxonomy":"category","embeddable":true,"href":"https:\/\/www.europesays.com\/es\/wp-json\/wp\/v2\/categories?post=260014"},{"taxonomy":"post_tag","embeddable":true,"href":"https:\/\/www.europesays.com\/es\/wp-json\/wp\/v2\/tags?post=260014"}],"curies":[{"name":"wp","href":"https:\/\/api.w.org\/{rel}","templated":true}]}}