{"id":260016,"date":"2025-11-28T09:03:07","date_gmt":"2025-11-28T09:03:07","guid":{"rendered":"https:\/\/www.europesays.com\/es\/260016\/"},"modified":"2025-11-28T09:03:07","modified_gmt":"2025-11-28T09:03:07","slug":"anticorrupcion-registra-la-vivienda-de-andri-yermak-mano-derecha-de-zelenski-y-la-segunda-persona-mas-poderosa-del-gobierno-ucraniano","status":"publish","type":"post","link":"https:\/\/www.europesays.com\/es\/260016\/","title":{"rendered":"Anticorrupci\u00f3n registra la vivienda de Andr\u00ed Yermak, mano derecha de Zelenski y la segunda persona m\u00e1s poderosa del Gobierno ucraniano"},"content":{"rendered":"<p class=\"L6-news-detail__text\">La Oficina Nacional Anticorrupci\u00f3n (NABU) y la Fiscal\u00eda Anticorrupci\u00f3n de Ucrania (SAP) est\u00e1n <b>registrando la vivienda y el despacho de Andr\u00ed Yermak<\/b>, jefe de la oficina presidencial ucraniana y mano derecha del presidente Ucraniano, Volod\u00edmir Zelenski.<\/p>\n<p class=\"L6-news-detail__text\">Los registros a la<b> segunda persona m\u00e1s poderosa <\/b>del Gobierno de Ucrania y principal negociador de paz de la guerra han sido anunciados por la propia Oficina Nacional Anticorrupci\u00f3n en el marco de sus investigaciones.<\/p>\n<p class=\"L6-news-detail__text\">\u00abLas acciones investigativas est\u00e1n autorizadas y se llevan a cabo como parte de la investigaci\u00f3n. <b>Se dar\u00e1n a conocer m\u00e1s detalles<\/b> pr\u00f3ximamente\u00bb, ha se\u00f1alado la Fiscal\u00eda Anticorrupci\u00f3n de Ucrania en Telegram.<\/p>\n<p class=\"L6-news-detail__text\">Por su parte, la mano derecha de Zelenski ha declarado que <b>est\u00e1 cooperando \u00abplenamente\u00bb<\/b> con los investigadores anticorrupci\u00f3n, a lo que ha a\u00f1adido en Telegram que \u00ablos investigadores no se est\u00e1n encontrando ning\u00fan obst\u00e1culo\u00bb.<\/p>\n<p class=\"L6-news-detail__text\">\u00abPor mi parte, coopero plenamente. No hay ning\u00fan obst\u00e1culo a los investigadores. <b>Se les ha dado pleno acceso<\/b> al apartamento\u00bb, ha manifestado Yermark, quien ha explicado que sus abogados est\u00e1n en contacto con los detectives que efect\u00faan los registros.<\/p>\n<p class=\"L6-news-detail__text\">En un comunicado conjunto, la Oficina Nacional Anticorrupci\u00f3n de Ucrania y la Fiscal\u00eda Especializada Anticorrupci\u00f3n han indicado que los registros fueron \u00abautorizados\u00bb y que est\u00e1n <b>relacionados con una investigaci\u00f3n no especificada<\/b>. \u00abNABU y SAP est\u00e1n realizando registros en la sede de la Oficina del Presidente de Ucrania\u00bb, han subrayado.<\/p>\n<p class=\"L6-news-detail__text\">A principios de este mes, ambas agencias revelaron una exhaustiva investigaci\u00f3n sobre una supuesta trama de <b>sobornos de 100 millones de d\u00f3lares<\/b> en la empresa estatal de energ\u00eda at\u00f3mica, que ha involucrado a exaltos funcionarios y al exsocio comercial de Zelenski.<\/p>\n<p class=\"L6-news-detail__text\">Hasta el momento, Yermak no ha sido nombrado como sospechoso en la investigaci\u00f3n, pero legisladores de la oposici\u00f3n y algunos miembros del propio partido de Zelenski<b> hab\u00edan pedido su destituci\u00f3n<\/b> en el marco de la peor crisis pol\u00edtica de Ucrania en tiempos de guerra.<\/p>\n<p class=\"L6-news-detail__text\">Los registros, que probablemente aumentar\u00e1n las tensiones entre el presidente ucraniano y sus oponentes pol\u00edticos, se producen en un momento en que <b>Kyiv se enfrenta a presiones<\/b> para aceptar un acuerdo de paz respaldado por Estados Unidos en su guerra con Rusia.<\/p>\n<p class=\"L6-news-detail__text\"><b><a title=\"*Sigue a laSexta en Google. Toda la actualidad y el mejor contenido aqu\u00ed.\" href=\"https:\/\/profile.google.com\/cp\/CgkvbS8wZG5xejA\" target=\"_blank\" rel=\"nofollow noopener\">*Sigue a laSexta en Google. Toda la actualidad y el mejor contenido aqu\u00ed.<\/a><\/b><\/p>\n<p class=\"L6-support-news-video__title\">CASO KOLDO<\/p>\n<p>            <a href=\"https:\/\/www.lasexta.com\/noticias\/nacional\/chandal-zapatillas-velcro-medicinas-diabetico-koldo-muestra-maleta-carcel_202511276928aa949261f37ec732fd39.html\" class=\"L6-news__link\" rel=\"nofollow noopener\" target=\"_blank\"><br \/>\n                Ch\u00e1ndal, zapatillas con velcro y medicinas de diab\u00e9tico: Koldo muestra su maleta para la c\u00e1rcel<\/p>\n<p class=\"recirculation-video-desc\">El contexto El juez Leopoldo Puente ha enviado este jueves a prisi\u00f3n provisional, comunicada y sin fianza para el que fuera asesor del ya exministro de Transportes Jos\u00e9 Luis \u00c1balos.<\/p>\n<p>            <\/a><\/p>\n","protected":false},"excerpt":{"rendered":"La Oficina Nacional Anticorrupci\u00f3n (NABU) y la Fiscal\u00eda Anticorrupci\u00f3n de Ucrania (SAP) est\u00e1n registrando la vivienda y el&hellip;\n","protected":false},"author":2,"featured_media":260017,"comment_status":"","ping_status":"","sticky":false,"template":"","format":"standard","meta":{"footnotes":""},"categories":[42],"tags":[17,18,13,14,11,61,62,63,64,19,20,9,10,15,16,12,21,22,65,66,67],"class_list":{"0":"post-260016","1":"post","2":"type-post","3":"status-publish","4":"format-standard","5":"has-post-thumbnail","7":"category-internacional","8":"tag-breaking-news","9":"tag-breakingnews","10":"tag-featured-news","11":"tag-featurednews","12":"tag-headlines","13":"tag-internacional","14":"tag-international","15":"tag-international-news","16":"tag-internationalnews","17":"tag-latest-news","18":"tag-latestnews","19":"tag-news","20":"tag-noticias","21":"tag-noticias-destacadas","22":"tag-noticiasdestacadas","23":"tag-titulares","24":"tag-ultimas-noticias","25":"tag-ultimasnoticias","26":"tag-world","27":"tag-world-news","28":"tag-worldnews"},"share_on_mastodon":{"url":"https:\/\/pubeurope.com\/@es\/115626521798041984","error":""},"_links":{"self":[{"href":"https:\/\/www.europesays.com\/es\/wp-json\/wp\/v2\/posts\/260016","targetHints":{"allow":["GET"]}}],"collection":[{"href":"https:\/\/www.europesays.com\/es\/wp-json\/wp\/v2\/posts"}],"about":[{"href":"https:\/\/www.europesays.com\/es\/wp-json\/wp\/v2\/types\/post"}],"author":[{"embeddable":true,"href":"https:\/\/www.europesays.com\/es\/wp-json\/wp\/v2\/users\/2"}],"replies":[{"embeddable":true,"href":"https:\/\/www.europesays.com\/es\/wp-json\/wp\/v2\/comments?post=260016"}],"version-history":[{"count":0,"href":"https:\/\/www.europesays.com\/es\/wp-json\/wp\/v2\/posts\/260016\/revisions"}],"wp:featuredmedia":[{"embeddable":true,"href":"https:\/\/www.europesays.com\/es\/wp-json\/wp\/v2\/media\/260017"}],"wp:attachment":[{"href":"https:\/\/www.europesays.com\/es\/wp-json\/wp\/v2\/media?parent=260016"}],"wp:term":[{"taxonomy":"category","embeddable":true,"href":"https:\/\/www.europesays.com\/es\/wp-json\/wp\/v2\/categories?post=260016"},{"taxonomy":"post_tag","embeddable":true,"href":"https:\/\/www.europesays.com\/es\/wp-json\/wp\/v2\/tags?post=260016"}],"curies":[{"name":"wp","href":"https:\/\/api.w.org\/{rel}","templated":true}]}}