{"id":260018,"date":"2025-11-28T09:04:16","date_gmt":"2025-11-28T09:04:16","guid":{"rendered":"https:\/\/www.europesays.com\/es\/260018\/"},"modified":"2025-11-28T09:04:16","modified_gmt":"2025-11-28T09:04:16","slug":"estas-son-las-zonas-mas-afectadas-4","status":"publish","type":"post","link":"https:\/\/www.europesays.com\/es\/260018\/","title":{"rendered":"estas son las zonas m\u00e1s afectadas"},"content":{"rendered":"<p style=\"\">La estabilidad vuelve a <a href=\"https:\/\/www.abc.es\/sociedad\/aemet-fecha-llegada-lluvias-fuertes-frio-invernal-20251126083935-nt.html\" title=\"www.abc.es\" data-voc-vtm-id=\"in-text-traffic\" data-mrf-link=\"www.abc.es\" rel=\"nofollow noopener\" target=\"_blank\">despedirse este fin de semana<\/a> para dar paso a un nuevo <strong>tren de frentes de lluvias<\/strong> que afectar\u00e1 a Espa\u00f1a en las pr\u00f3ximas horas. As\u00ed lo ha advertido la <strong>Agencia Estatal de Meteorolog\u00eda (Aemet)<\/strong> en su predicci\u00f3n, que  &#8230; anticipa que los pr\u00f3ximos d\u00edas estar\u00e1n marcado por <strong>las precipitaciones y por el fr\u00edo<\/strong> que vendr\u00e1 consigo, dejando en la Pen\u00ednsula una <strong>fuerte bajada de temperaturas<\/strong> para terminar noviembre. <\/p>\n<p class=\"voc-p\" style=\"\">El <a href=\"https:\/\/www.abc.es\/recreo\/mario-picazo-alerta-zonas-espana-llegada-nieve-20251126180552-nt.html\" title=\"www.abc.es\" data-voc-vtm-id=\"in-text-traffic\" data-mrf-link=\"www.abc.es\" rel=\"nofollow noopener\" target=\"_blank\">paso de este temporal fr\u00edo<\/a> en las pr\u00f3ximas horas dejar\u00e1 fuertes <strong>chubascos<\/strong> en buena parte del pa\u00eds, que ir\u00e1n pasando de oeste a este <strong>hasta llegar al Mediterr\u00e1neo<\/strong>. Aunque las altas presiones tambi\u00e9n afectar\u00e1n a algunas zonas <a href=\"https:\/\/www.abc.es\/recreo\/jorge-rey-alerta-espana-tiempo-hara-diciembre-navidad-cabanuelas-20251125161134-nt.html\" title=\"www.abc.es\" data-voc-vtm-id=\"in-text-traffic\" data-mrf-link=\"www.abc.es\" rel=\"nofollow noopener\" target=\"_blank\">durante estos d\u00edas<\/a>, el organismo ha se\u00f1alado que llover\u00e1 en muchos puntos de la Pen\u00ednsula, incluyendo tambi\u00e9n el norte, las provincias del Levante y Baleares. <\/p>\n<p class=\"voc-p\" style=\"\">Tambi\u00e9n veremos un <strong>brusco descenso t\u00e9rmico<\/strong> que permitir\u00e1 que volvamos a ver <strong>heladas d\u00e9biles<\/strong> en algunos puntos, que ser\u00e1n moderadas en Pirineos. Como en d\u00edas anteriores, este cambio en las temperaturas producir\u00e1 una <strong>bajada en las cotas de nieve<\/strong> y permitir\u00e1 que se den algunas <strong>nevadas invernales<\/strong> en sistemas monta\u00f1osos de la Pen\u00ednsula.<\/p>\n<p>\nLlega un nuevo frente de lluvias a Espa\u00f1a: estas son las zonas afectadas\n<\/p>\n<p class=\"voc-p\" style=\"\">Seg\u00fan ha anticipado la Aemet en su previsi\u00f3n para este fin de semana, se espera que este viernes <strong>se mantenga la estabilidad y el buen tiempo<\/strong> en la mayor parte de la Pen\u00ednsula. Aunque durante esta jornada tendremos cielos poco nubosos o despejados en casi todo del territorio espa\u00f1ol, este ambiente no acompa\u00f1ar\u00e1 en las pr\u00f3ximas horas: se aproxima <strong>un tren de frentes de lluvias<\/strong> que descargar\u00e1n bastantes precipitaciones tanto el s\u00e1bado como el domingo.<\/p>\n<p class=\"voc-p\" style=\"\">En el oeste de Galicia se registrar\u00e1n algunas lluvias d\u00e9biles ocasionales a lo largo de esta jornada, aunque no ser\u00e1 hasta el s\u00e1bado cuando la entrada de una <strong>nueva \u00abmasa h\u00fameda atl\u00e1ntica en la Pen\u00ednsula\u00bb<\/strong> comenzar\u00e1 a inestabilizar el ambiente. El paso de este frente ir\u00e1 dejando <strong>lluvias d\u00e9biles<\/strong> a primeras horas del d\u00eda, que ir\u00e1n extendi\u00e9ndose de oeste a este, siendo persistentes y <strong>localmente fuertes en Galicia<\/strong> y otras comunidades del oeste.<\/p>\n<p class=\"voc-p\" style=\"\">En el resto de Espa\u00f1a tardar\u00e1 m\u00e1s en llegar la lluvia. Se espera que en el <strong>centro y este de la Pen\u00ednsula<\/strong>, as\u00ed como Baleares, se mantenga la estabilidad a lo largo del s\u00e1bado, con cielos que ser\u00e1n por lo general <strong>poco nubosos<\/strong>, aunque podr\u00edan pasar a ser nubosos conforme avancen las horas. A\u00fan as\u00ed, no se descarta que puedan producirse algunas <strong>precipitaciones d\u00e9biles en el norte de la meseta Sur<\/strong> durante el d\u00eda. <\/p>\n<blockquote class=\"twitter-tweet\">\n<p lang=\"es\" dir=\"ltr\">Jueves y viernes: predominio de sol con bancos de nieblas matinales en el interior peninsular. Heladas d\u00e9biles en el interior peninsular, fuertes en Pirineos.<\/p>\n<p>S\u00e1bado y domingo: lluvias en el cuadrante noroeste peninsular.<\/p>\n<p>\ud83c\udf21\ufe0fAmbiente fr\u00edo por la ma\u00f1ana y por las noches . <a href=\"https:\/\/t.co\/VTrEZUt0Cg\" rel=\"nofollow\">pic.twitter.com\/VTrEZUt0Cg<\/a><\/p>\n<p>\u2014 AEMET (@AEMET_Esp) <a href=\"https:\/\/twitter.com\/AEMET_Esp\/status\/1993648615768945023?ref_src=twsrc%5Etfw\" rel=\"nofollow noopener\" target=\"_blank\">November 26, 2025<\/a><\/p><\/blockquote>\n<p class=\"voc-p\" style=\"\">A partir del domingo, la llegada de un nuevo frente fr\u00edo comenzar\u00e1 a desplazar estas precipitaciones hacia el este de la Pen\u00ednsula, alcanzando el Mediterr\u00e1neo a lo largo del d\u00eda. Veremos precipitaciones en la <strong>Comunidad Valenciana, Catalu\u00f1a y Regi\u00f3n de Murcia<\/strong>, as\u00ed como en <strong>Baleares<\/strong>. Aunque tender\u00e1n a remitir por la tarde del domingo, s\u00ed continuar\u00e1n \u00aben el archipi\u00e9lago y litorales catalanes, donde ser\u00e1n <strong>\u00ablocalmente fuertes con tormentas ocasionales\u00bb<\/strong>. <\/p>\n<p class=\"voc-p\" style=\"\">Menos inestabilidad habr\u00e1 en el oeste, donde se espera que vuelvan a imponerse <strong>las altas presiones<\/strong> de estos d\u00edas para dejar cielos cubiertos, pero sin apenas precipitaciones. A\u00fan as\u00ed, no se descarta que se puedan producir tampoco <strong>chubascos en el norte peninsular ni en el este de Andaluc\u00eda<\/strong>. <\/p>\n<p>\nCambios en las temperaturas: de una ligera subida de los term\u00f3metros a heladas d\u00e9biles y nieve en estas zonas\n<\/p>\n<p class=\"voc-p\" style=\"\">Ser\u00e1, seg\u00fan apunta la Aemet, un fin de semana de contraste t\u00e9rmico, con constantes subidas y bajadas de las temperaturas. Este viernes se espera que <strong>aumenten ligeramente las m\u00e1ximas en el Mediterr\u00e1neo<\/strong>, Baleares y litorales orientales cant\u00e1bricos, mientras que bajar\u00e1n en el resto de Espa\u00f1a, especialmente en las zonas de la meseta Sur y en entornos monta\u00f1osos de la meseta Norte. A\u00fan as\u00ed, seguiremos viendo <strong>heladas d\u00e9biles<\/strong> en zonas de <strong>monta\u00f1a de la mitad norte y del sureste<\/strong>, meseta Norte y moderadas en los <strong>Pirineos<\/strong>.<\/p>\n<p class=\"voc-p\" style=\"\">A partir del domingo, la llegada de un <strong>frente fr\u00edo<\/strong> afectar\u00e1 tambi\u00e9n a las temperaturas, acrecentando las heladas en muchos puntos de la Pen\u00ednsula. <strong>Las m\u00e1ximas comenzar\u00e1n a descender<\/strong> a nivel general en casi todo el territorio peninsular, as\u00ed como en Baleares. Tan solo subir\u00e1n los valores en la fachada sureste y depresiones del noreste y de la meseta sur con ascensos.<\/p>\n<p class=\"voc-p\" style=\"\">Durante el fin de semana, se producir\u00e1n <strong>heladas d\u00e9biles<\/strong> en los principales sistemas monta\u00f1osos de la <strong>mitad norte y sureste y Mallorca<\/strong>, siendo tambi\u00e9n <strong>moderadas en los Pirineos<\/strong>. Con el paso de este fr\u00edo, veremos tambi\u00e9n precipitaciones en forma de <strong>nieve<\/strong> en cotas superiores a 1000-1200 metros en el norte, mientras que en el sureste estar\u00e1n por encima de 1600-1800 metros.<\/p>\n<p><script async src=\"https:\/\/platform.twitter.com\/widgets.js\" charset=\"utf-8\"><\/script><\/p>\n","protected":false},"excerpt":{"rendered":"La estabilidad vuelve a despedirse este fin de semana para dar paso a un nuevo tren de frentes&hellip;\n","protected":false},"author":2,"featured_media":260019,"comment_status":"","ping_status":"","sticky":false,"template":"","format":"standard","meta":{"footnotes":""},"categories":[8],"tags":[2980,7994,17,18,25,24,13,14,3419,16249,11,19,20,5808,6194,9,16248,10,15,16,23,12,21,22],"class_list":{"0":"post-260018","1":"post","2":"type-post","3":"status-publish","4":"format-standard","5":"has-post-thumbnail","7":"category-espana","8":"tag-aemet","9":"tag-avisa","10":"tag-breaking-news","11":"tag-breakingnews","12":"tag-es","13":"tag-espana","14":"tag-featured-news","15":"tag-featurednews","16":"tag-frente","17":"tag-frio","18":"tag-headlines","19":"tag-latest-news","20":"tag-latestnews","21":"tag-llegada","22":"tag-lluvias","23":"tag-news","24":"tag-nieve","25":"tag-noticias","26":"tag-noticias-destacadas","27":"tag-noticiasdestacadas","28":"tag-spain","29":"tag-titulares","30":"tag-ultimas-noticias","31":"tag-ultimasnoticias"},"share_on_mastodon":{"url":"https:\/\/pubeurope.com\/@es\/115626525664054112","error":""},"_links":{"self":[{"href":"https:\/\/www.europesays.com\/es\/wp-json\/wp\/v2\/posts\/260018","targetHints":{"allow":["GET"]}}],"collection":[{"href":"https:\/\/www.europesays.com\/es\/wp-json\/wp\/v2\/posts"}],"about":[{"href":"https:\/\/www.europesays.com\/es\/wp-json\/wp\/v2\/types\/post"}],"author":[{"embeddable":true,"href":"https:\/\/www.europesays.com\/es\/wp-json\/wp\/v2\/users\/2"}],"replies":[{"embeddable":true,"href":"https:\/\/www.europesays.com\/es\/wp-json\/wp\/v2\/comments?post=260018"}],"version-history":[{"count":0,"href":"https:\/\/www.europesays.com\/es\/wp-json\/wp\/v2\/posts\/260018\/revisions"}],"wp:featuredmedia":[{"embeddable":true,"href":"https:\/\/www.europesays.com\/es\/wp-json\/wp\/v2\/media\/260019"}],"wp:attachment":[{"href":"https:\/\/www.europesays.com\/es\/wp-json\/wp\/v2\/media?parent=260018"}],"wp:term":[{"taxonomy":"category","embeddable":true,"href":"https:\/\/www.europesays.com\/es\/wp-json\/wp\/v2\/categories?post=260018"},{"taxonomy":"post_tag","embeddable":true,"href":"https:\/\/www.europesays.com\/es\/wp-json\/wp\/v2\/tags?post=260018"}],"curies":[{"name":"wp","href":"https:\/\/api.w.org\/{rel}","templated":true}]}}