{"id":260020,"date":"2025-11-28T09:05:14","date_gmt":"2025-11-28T09:05:14","guid":{"rendered":"https:\/\/www.europesays.com\/es\/260020\/"},"modified":"2025-11-28T09:05:14","modified_gmt":"2025-11-28T09:05:14","slug":"obras-en-las-calzadas-del-paseo-de-sant-antoni-distrito-de-sants-montjuic","status":"publish","type":"post","link":"https:\/\/www.europesays.com\/es\/260020\/","title":{"rendered":"Obras en las calzadas del paseo de Sant Antoni | Distrito de Sants &#8211; Montju\u00efc"},"content":{"rendered":"<p>La obra consiste en reparar la cobertura de siete juntas de dilataci\u00f3n que cruzan las calzadas del paseo de Sant Antoni, sobre el t\u00fanel ferroviario entre la plaza de Sants y la calle Autonomia, antes de llegar a la plaza de Joan Peir\u00f3. Esta reparaci\u00f3n se realiza mediante el fresado de las juntas existentes, la reconstrucci\u00f3n con mortero, la colocaci\u00f3n en algunos puntos de plancha galvanizada y la impermeabilizaci\u00f3n con malla y mezclas de bet\u00fan.<\/p>\n<p>La actuaci\u00f3n se lleva a cabo en tres d\u00edas:<\/p>\n<ul>\n<li><strong>Domingo 30 de noviembre: corte de la calzada sentido Bes\u00f2s del paseo de Sant Antoni<\/strong>, habilitando un carril de circulaci\u00f3n para el carril bici y carril de circulaci\u00f3n sentido Llobregat. Los dos sentidos del carril bici quedan inscritos en el carril de circulaci\u00f3n. Los dos sentidos de las l\u00edneas de bus D20 y V5 hacen la parada en la plaza de Sants.<br \/>Para la ejecuci\u00f3n de la primera mitad de la junta J4 en la plaza de Sants, se ocupa el carril bus, manteniendo habilitado el carril bici y un carril de circulaci\u00f3n.<br \/>El paso de peatones de la plaza de Sants se corta, a ambos lados, y los peatones se desv\u00edan a los<br \/>pasos de peatones adyacentes.<\/li>\n<li><strong>Lunes 1 de diciembre: ocupaci\u00f3n del cord\u00f3n de servicios del lado monta\u00f1a y parte del carril de circulaci\u00f3n del paseo de Sant Antoni<\/strong>, habilitando un carril de circulaci\u00f3n sobre el carril bici. Los dos sentidos del carril bici quedan inscritos en el carril de circulaci\u00f3n. Los dos sentidos del carril bici estar\u00e1n inscritos en el carril de circulaci\u00f3n. Por el sentido Llobregat, a partir de la calle Santa Catalina, y por el sentido Bes\u00f2s, a partir de la calle Galileu.<br \/>Para la ejecuci\u00f3n de la junta J8 se corta la calle Alcolea a partir de la calle Valladolid, desviando el tr\u00e1fico hacia Rajolers y Joan G\u00fcell.<br \/>Para la ejecuci\u00f3n de la junta J7, en todas las fases, el paso de peatones del lado Llobregat del cruce con la calle Alcolea est\u00e1 cortado a ambos lados, y los peatones se desv\u00edan a los pasos de peatones adyacentes.<\/li>\n<li><strong>Martes 2 de diciembre: ocupaci\u00f3n del carril bici y parte del carril de circulaci\u00f3n del lado monta\u00f1a del paseo de Sant Antoni<\/strong>. Se mantienen las afectaciones del lunes.<br \/>Para la ejecuci\u00f3n de la primera mitad de la junta J4 en la plaza de Sants, se ocupa el carril bici y el carril de circulaci\u00f3n, manteniendo habilitado el carril bus. Los ciclistas deben bajar de la bici para poder pasar.<br \/>El paso de peatones de la plaza de Sants se corta, a ambos lados, y los peatones se desv\u00edan a los<br \/>pasos de peatones adyacentes.<\/li>\n<\/ul>\n","protected":false},"excerpt":{"rendered":"La obra consiste en reparar la cobertura de siete juntas de dilataci\u00f3n que cruzan las calzadas del paseo&hellip;\n","protected":false},"author":2,"featured_media":260021,"comment_status":"","ping_status":"","sticky":false,"template":"","format":"standard","meta":{"footnotes":""},"categories":[5],"tags":[17,18,25,24,13,14,11,19,20,9,10,15,16,23,12,21,22],"class_list":{"0":"post-260020","1":"post","2":"type-post","3":"status-publish","4":"format-standard","5":"has-post-thumbnail","7":"category-titulares","8":"tag-breaking-news","9":"tag-breakingnews","10":"tag-es","11":"tag-espana","12":"tag-featured-news","13":"tag-featurednews","14":"tag-headlines","15":"tag-latest-news","16":"tag-latestnews","17":"tag-news","18":"tag-noticias","19":"tag-noticias-destacadas","20":"tag-noticiasdestacadas","21":"tag-spain","22":"tag-titulares","23":"tag-ultimas-noticias","24":"tag-ultimasnoticias"},"share_on_mastodon":{"url":"https:\/\/pubeurope.com\/@es\/115626529438564659","error":""},"_links":{"self":[{"href":"https:\/\/www.europesays.com\/es\/wp-json\/wp\/v2\/posts\/260020","targetHints":{"allow":["GET"]}}],"collection":[{"href":"https:\/\/www.europesays.com\/es\/wp-json\/wp\/v2\/posts"}],"about":[{"href":"https:\/\/www.europesays.com\/es\/wp-json\/wp\/v2\/types\/post"}],"author":[{"embeddable":true,"href":"https:\/\/www.europesays.com\/es\/wp-json\/wp\/v2\/users\/2"}],"replies":[{"embeddable":true,"href":"https:\/\/www.europesays.com\/es\/wp-json\/wp\/v2\/comments?post=260020"}],"version-history":[{"count":0,"href":"https:\/\/www.europesays.com\/es\/wp-json\/wp\/v2\/posts\/260020\/revisions"}],"wp:featuredmedia":[{"embeddable":true,"href":"https:\/\/www.europesays.com\/es\/wp-json\/wp\/v2\/media\/260021"}],"wp:attachment":[{"href":"https:\/\/www.europesays.com\/es\/wp-json\/wp\/v2\/media?parent=260020"}],"wp:term":[{"taxonomy":"category","embeddable":true,"href":"https:\/\/www.europesays.com\/es\/wp-json\/wp\/v2\/categories?post=260020"},{"taxonomy":"post_tag","embeddable":true,"href":"https:\/\/www.europesays.com\/es\/wp-json\/wp\/v2\/tags?post=260020"}],"curies":[{"name":"wp","href":"https:\/\/api.w.org\/{rel}","templated":true}]}}