{"id":260022,"date":"2025-11-28T09:11:11","date_gmt":"2025-11-28T09:11:11","guid":{"rendered":"https:\/\/www.europesays.com\/es\/260022\/"},"modified":"2025-11-28T09:11:11","modified_gmt":"2025-11-28T09:11:11","slug":"la-vida-como-deporte-de-fondo-el-viaje-de-dori-ruano-por-la-historia-del-ciclismo","status":"publish","type":"post","link":"https:\/\/www.europesays.com\/es\/260022\/","title":{"rendered":"\u00abLa vida como deporte de fondo\u00bb, el viaje de Dori Ruano por la historia del ciclismo"},"content":{"rendered":"<p>\t\t\t&#13;<br \/>\n&#13;<\/p>\n<p><img loading=\"lazy\" decoding=\"async\" src=\"https:\/\/www.europesays.com\/es\/wp-content\/uploads\/2025\/11\/la-vida-como-deporte-de-fondo-libro-2025-librosderuta-press.jpg\" width=\"556\" height=\"418\" class=\"setborder\" alt=\"&quot;La vida como deporte de fondo&quot;, el viaje de Dori Ruano por la historia del ciclismo\" title=\"&quot;La vida como deporte de fondo&quot;, el viaje de Dori Ruano por la historia del ciclismo\"\/><br \/>\n&#13;<br \/>\n&#13;<br \/>\n&#13;<br \/>\nEFE \u00b7 <a href=\"https:\/\/www.esciclismo.com\/actualidad\/material\/\" rel=\"nofollow noopener\" target=\"_blank\">Material y Bicicletas<\/a>  \u00b7 27\/11\/2025<\/p>\n<p>\u00ab\u00bfNo te cansas de luchar?\u00bb. La pregunta que un d\u00eda le hizo su madre a Dori Ruano es un buen resumen del libro \u00abLa vida como deporte de fondo\u00bb (ED.Libros de ruta), del fil\u00f3logo y maestro Jorge Matesanz (Madrid, 1986), biograf\u00eda de la exciclista salmantina de reciente publicaci\u00f3n.<\/p>\n<p>&#13;<\/p>\n<p><b id=\"P1\"\/>Un no rotundo por respuesta de la incansable ciclista espa\u00f1ola que logr\u00f3 un t\u00edtulo mundial en pista en 1998, la llev\u00f3 desde sus primeras pedaladas con una bicicleta de paseo hasta plantarle cara a la \u00e9lite del ciclismo universal.<\/p>\n<p>&#13;<\/p>\n<p>El libro es la cr\u00f3nica de ese viaje, un billete de ida hacia un sue\u00f1o imposible en una Espa\u00f1a que apenas conceb\u00eda a mujeres compitiendo sobre dos ruedas. Es la historia de c\u00f3mo la ilusi\u00f3n pudo m\u00e1s que la precariedad, de c\u00f3mo se pueden subir los puertos m\u00e1s duros sin m\u00e1s ayuda que la propia determinaci\u00f3n.<\/p>\n<p>&#13;<\/p>\n<p><b id=\"P2\"\/>\u00abLa vida como deporte de fondo\u00bb se sumerge en los or\u00edgenes del ciclismo femenino en Espa\u00f1a. Dori Ruano fue ocho veces campeona nacional (siete en crono y una en ruta) y tambi\u00e9n brill\u00f3 en la pista, consiguiendo un maillot arco\u00edris en puntuaci\u00f3n en 1998.<\/p>\n<p>&#13;<\/p>\n<p>Seg\u00fan el autor, Dori es m\u00e1s que su palmar\u00e9s: es una de las pioneras que pedale\u00f3 contra el viento de la incomprensi\u00f3n y el inmovilismo, abriendo las primeras rutas para generaciones de mujeres ciclistas que vinieron despu\u00e9s.<\/p>\n<p>&#13;<\/p>\n<p><b id=\"P3\"\/>Sus p\u00e1ginas no solo narran victorias, sino tambi\u00e9n ca\u00eddas dolorosas y la lucha incansable por la justicia y el sentido com\u00fan, hasta convertirse en la voz de muchas. Es el relato de c\u00f3mo, antes de las grandes retransmisiones y los equipos profesionales, hubo valientes que levantaron el ciclismo femenino en Espa\u00f1a.<\/p>\n<p>&#13;<\/p>\n<p>Con pr\u00f3logo de la leyenda del ciclismo Pedro Delgado, Jorge Matesanz reconstruye con detalle y emoci\u00f3n la vida de una figura imprescindible para entender la historia del ciclismo femenino en Espa\u00f1a.<\/p>\n<p>&#13;<br \/>\n&#13;<br \/>\n&#13;<br \/>\nEFE &#8211; Agencia EFE &#8211; Todos los derechos reservados. Est\u00e1 prohibido todo tipo de reproducci\u00f3n sin autorizaci\u00f3n escrita de la Agencia EFE S\/A.<br \/>&#13;<br \/>\n&#13;<\/p>\n<blockquote class=\"style-3\"><p>\ud83d\udce3<\/p>\n<p>Sigue toda la actualidad del mundo del ciclismo en nuestros canales de <a href=\"https:\/\/bit.ly\/WhatsappEsCiclismo\" target=\"_blank\" rel=\"noopener nofollow\"><b>WhatsApp<\/b><\/a> y <a href=\"https:\/\/bit.ly\/EsciclismoTelegram\" target=\"_blank\" rel=\"noopener nofollow\"><b>Telegram<\/b><\/a>, donde recibiras las noticias m\u00e1s destacadas.<\/p>\n<\/blockquote>\n","protected":false},"excerpt":{"rendered":"&#13; &#13; &#13; &#13; &#13; EFE \u00b7 Material y Bicicletas \u00b7 27\/11\/2025 \u00ab\u00bfNo te cansas de luchar?\u00bb. La&hellip;\n","protected":false},"author":2,"featured_media":260023,"comment_status":"","ping_status":"","sticky":false,"template":"","format":"standard","meta":{"footnotes":""},"categories":[273],"tags":[5436,65028,313,312,634,168,978,65029,38589,25,24,11657,9465,1496,225,25750,3354,9464,11967,65030,2236,23,167,2606],"class_list":{"0":"post-260022","1":"post","2":"type-post","3":"status-publish","4":"format-standard","5":"has-post-thumbnail","7":"category-ciclismo","8":"tag-buen","9":"tag-cansas","10":"tag-ciclismo","11":"tag-cycling","12":"tag-deporte","13":"tag-deportes","14":"tag-dia","15":"tag-dori","16":"tag-ed","17":"tag-es","18":"tag-espana","19":"tag-fondo","20":"tag-hizo","21":"tag-libro","22":"tag-libros","23":"tag-luchar","24":"tag-madre","25":"tag-pregunta","26":"tag-resumen","27":"tag-ruano","28":"tag-ruta","29":"tag-spain","30":"tag-sports","31":"tag-vida"},"share_on_mastodon":{"url":"https:\/\/pubeurope.com\/@es\/115626553417376415","error":""},"_links":{"self":[{"href":"https:\/\/www.europesays.com\/es\/wp-json\/wp\/v2\/posts\/260022","targetHints":{"allow":["GET"]}}],"collection":[{"href":"https:\/\/www.europesays.com\/es\/wp-json\/wp\/v2\/posts"}],"about":[{"href":"https:\/\/www.europesays.com\/es\/wp-json\/wp\/v2\/types\/post"}],"author":[{"embeddable":true,"href":"https:\/\/www.europesays.com\/es\/wp-json\/wp\/v2\/users\/2"}],"replies":[{"embeddable":true,"href":"https:\/\/www.europesays.com\/es\/wp-json\/wp\/v2\/comments?post=260022"}],"version-history":[{"count":0,"href":"https:\/\/www.europesays.com\/es\/wp-json\/wp\/v2\/posts\/260022\/revisions"}],"wp:featuredmedia":[{"embeddable":true,"href":"https:\/\/www.europesays.com\/es\/wp-json\/wp\/v2\/media\/260023"}],"wp:attachment":[{"href":"https:\/\/www.europesays.com\/es\/wp-json\/wp\/v2\/media?parent=260022"}],"wp:term":[{"taxonomy":"category","embeddable":true,"href":"https:\/\/www.europesays.com\/es\/wp-json\/wp\/v2\/categories?post=260022"},{"taxonomy":"post_tag","embeddable":true,"href":"https:\/\/www.europesays.com\/es\/wp-json\/wp\/v2\/tags?post=260022"}],"curies":[{"name":"wp","href":"https:\/\/api.w.org\/{rel}","templated":true}]}}