{"id":260024,"date":"2025-11-28T09:13:24","date_gmt":"2025-11-28T09:13:24","guid":{"rendered":"https:\/\/www.europesays.com\/es\/260024\/"},"modified":"2025-11-28T09:13:24","modified_gmt":"2025-11-28T09:13:24","slug":"yabusele-rompe-el-silencio-sobre-su-polemica-de-peso-en-la-nba-y-da-un-dato-inesperado","status":"publish","type":"post","link":"https:\/\/www.europesays.com\/es\/260024\/","title":{"rendered":"Yabusele rompe el silencio sobre su pol\u00e9mica de peso en la NBA y da un dato inesperado"},"content":{"rendered":"<p data-mrf-recirculation=\"Links P\u00e1rrafos\" class=\"ue-c-article__paragraph paragraph ue-c-article--first-letter-highlighted\"><a href=\"https:\/\/www.marca.com\/personajes\/yabusele.html\" rel=\"nofollow noopener\" target=\"_blank\"><strong>Guerschon Yabusele<\/strong><\/a>, ala-p\u00edvot franc\u00e9s que gan\u00f3 una Euroliga (2023) y dos ACB (2022 y 2024) con el Real Madrid, ha roto su silencio sobre la <a href=\"https:\/\/www.marca.com\/baloncesto\/nba\/2025\/11\/05\/yabusele-deja.html\" rel=\"nofollow noopener\" target=\"_blank\"><strong>pol\u00e9mica sobre su supuesto aumento de peso esta temporada<\/strong><\/a>.<\/p>\n<p data-mrf-recirculation=\"Links P\u00e1rrafos\" class=\"ue-c-article__paragraph paragraph\">El actual jugador de los New Yok Knicks declar\u00f3 en <strong>&#8216;The New York Post&#8217;<\/strong> que <strong>\u00ablo escuch\u00e9, y podr\u00eda hablar de ello si quisiera, pero simplemente decid\u00ed no hacerlo\u00bb<\/strong>.<\/p>\n<p><img decoding=\"async\" width=\"565\" height=\"847\" class=\"ue-c-article__image lazyload\" alt=\"Yabusele rompe su silencio sobre su pol\u00e9mica de peso en la NBA y da un dato inesperado\" loading=\"lazy\" src=\"https:\/\/www.europesays.com\/es\/wp-content\/uploads\/2025\/11\/69281b227f295.png\"\/><\/p>\n<p>Yabusele rompe su silencio sobre su pol\u00e9mica de peso en la NBA y da un dato inesperadoYabusele<\/p>\n<p data-mrf-recirculation=\"Links P\u00e1rrafos\" class=\"ue-c-article__paragraph paragraph\">El antiguo <a href=\"https:\/\/www.marca.com\/baloncesto\/acb\/2021\/06\/23\/60d3001e268e3e446c8b45a0.html\" rel=\"nofollow noopener\" target=\"_blank\"><strong>\u00aboso bailar\u00edn\u00bb del Real Madrid<\/strong><\/a> subray\u00f3 que \u00abla gente dice lo que quiere. Si revisan mi peso del a\u00f1o pasado, es el mismo. As\u00ed que el a\u00f1o pasado no fue un problema, \u00bfpor qu\u00e9 lo es este a\u00f1o? Y de hecho, peso menos que el a\u00f1o pasado\u00bb.<\/p>\n<p><img decoding=\"async\" width=\"610\" height=\"843\" class=\"ue-c-article__image lazyload\" alt=\"Yabusele rompe su silencio sobre su pol\u00e9mica de peso en la NBA y da un dato inesperado\" loading=\"lazy\" src=\"https:\/\/www.europesays.com\/es\/wp-content\/uploads\/2025\/11\/69281b5d4eaa6.png\"\/><\/p>\n<p>Yabusele rompe su silencio sobre su pol\u00e9mica de peso en la NBA y da un dato inesperadoYabusele<\/p>\n<p data-mrf-recirculation=\"Links P\u00e1rrafos\" class=\"ue-c-article__paragraph paragraph\">Oficialmente Yabusele, que <strong>mide 2,01 m., pesa 128 kilos<\/strong> frente a los <strong>120 kilos que publicaron algunas webs la pasada temporada<\/strong>.<\/p>\n<p data-mrf-recirculation=\"Links P\u00e1rrafos\" class=\"ue-c-article__paragraph paragraph\">El New York Post destaca que con esos kilos \u00abse colocar\u00eda entre los m\u00e1s pesados de la NBA seg\u00fan las m\u00e9tricas poco cient\u00edficas de los pesos registrados\u00bb.<\/p>\n<p>Guerschon Yabusele: \u00abMe siento bien y en excelente forma. As\u00ed son las cosas\u00bb<\/p>\n<p data-mrf-recirculation=\"Links P\u00e1rrafos\" class=\"ue-c-article__paragraph paragraph\">Guerschon Yabusele quiso desmarcarse de la pol\u00e9mica sobre su peso, y destac\u00f3 que est\u00e1 centrado en mejorar su tiro y ganar minutos de juego en los Knicks.<\/p>\n<p><img decoding=\"async\" width=\"564\" height=\"830\" class=\"ue-c-article__image lazyload\" alt=\"Yabusele rompe su silencio sobre su pol\u00e9mica de peso en la NBA y da un dato inesperado\" loading=\"lazy\" src=\"https:\/\/www.europesays.com\/es\/wp-content\/uploads\/2025\/11\/69281b824a117.png\"\/><\/p>\n<p>Yabusele rompe su silencio sobre su pol\u00e9mica de peso en la NBA y da un dato inesperadoYabusele<\/p>\n<p data-mrf-recirculation=\"Links P\u00e1rrafos\" class=\"ue-c-article__paragraph paragraph\">\u00abNo me estoy centrando en nada de eso. Simplemente estoy haciendo lo m\u00edo. Me siento bien y en excelente forma. As\u00ed son las cosas\u00bb, apunt\u00f3 el internacional franc\u00e9s.<\/p>\n<p data-mrf-recirculation=\"Links P\u00e1rrafos\" class=\"ue-c-article__paragraph paragraph\">Esta temporada Yabusele est\u00e1 promediando <strong>2,7 puntos y 2,2 rebotes en 10,5 minutos en los Knicks<\/strong>.<\/p>\n<p>R\u00e9cord anotador de Yabusele en la NBA<\/p>\n<p data-mrf-recirculation=\"Links P\u00e1rrafos\" class=\"ue-c-article__paragraph paragraph\">El pasado curso sus n\u00fameros en los Sixers fueron de <strong>11 puntos, 5,6 rebotes y 2,1 asistencias en 27,1 minutos<\/strong>.<\/p>\n","protected":false},"excerpt":{"rendered":"Guerschon Yabusele, ala-p\u00edvot franc\u00e9s que gan\u00f3 una Euroliga (2023) y dos ACB (2022 y 2024) con el Real&hellip;\n","protected":false},"author":2,"featured_media":260025,"comment_status":"","ping_status":"","sticky":false,"template":"","format":"standard","meta":{"footnotes":""},"categories":[269],"tags":[299,298,168,25,24,23,167],"class_list":{"0":"post-260024","1":"post","2":"type-post","3":"status-publish","4":"format-standard","5":"has-post-thumbnail","7":"category-baloncesto","8":"tag-baloncesto","9":"tag-basketball","10":"tag-deportes","11":"tag-es","12":"tag-espana","13":"tag-spain","14":"tag-sports"},"share_on_mastodon":{"url":"https:\/\/pubeurope.com\/@es\/115626561916178978","error":""},"_links":{"self":[{"href":"https:\/\/www.europesays.com\/es\/wp-json\/wp\/v2\/posts\/260024","targetHints":{"allow":["GET"]}}],"collection":[{"href":"https:\/\/www.europesays.com\/es\/wp-json\/wp\/v2\/posts"}],"about":[{"href":"https:\/\/www.europesays.com\/es\/wp-json\/wp\/v2\/types\/post"}],"author":[{"embeddable":true,"href":"https:\/\/www.europesays.com\/es\/wp-json\/wp\/v2\/users\/2"}],"replies":[{"embeddable":true,"href":"https:\/\/www.europesays.com\/es\/wp-json\/wp\/v2\/comments?post=260024"}],"version-history":[{"count":0,"href":"https:\/\/www.europesays.com\/es\/wp-json\/wp\/v2\/posts\/260024\/revisions"}],"wp:featuredmedia":[{"embeddable":true,"href":"https:\/\/www.europesays.com\/es\/wp-json\/wp\/v2\/media\/260025"}],"wp:attachment":[{"href":"https:\/\/www.europesays.com\/es\/wp-json\/wp\/v2\/media?parent=260024"}],"wp:term":[{"taxonomy":"category","embeddable":true,"href":"https:\/\/www.europesays.com\/es\/wp-json\/wp\/v2\/categories?post=260024"},{"taxonomy":"post_tag","embeddable":true,"href":"https:\/\/www.europesays.com\/es\/wp-json\/wp\/v2\/tags?post=260024"}],"curies":[{"name":"wp","href":"https:\/\/api.w.org\/{rel}","templated":true}]}}