{"id":260026,"date":"2025-11-28T09:14:19","date_gmt":"2025-11-28T09:14:19","guid":{"rendered":"https:\/\/www.europesays.com\/es\/260026\/"},"modified":"2025-11-28T09:14:19","modified_gmt":"2025-11-28T09:14:19","slug":"la-roma-le-para-los-pies-al-sorprendente-midtjylland","status":"publish","type":"post","link":"https:\/\/www.europesays.com\/es\/260026\/","title":{"rendered":"La Roma le para los pies al sorprendente Midtjylland"},"content":{"rendered":"<p data-mrf-recirculation=\"Links P\u00e1rrafos\" class=\"ue-c-article__paragraph paragraph ue-c-article--first-letter-highlighted\">El Midtjylland se hab\u00eda ganado el derecho a ser reconocido como la gran revelaci\u00f3n de esta Europa League. Sin embargo, la Roma aprovech\u00f3 el impulso que le otorg\u00f3 hacerse con el liderato de la Serie A para pararle los pies&#8230; poniendo fin al invicto del conjunto dan\u00e9s (2-1) en la competici\u00f3n.<\/p>\n<p data-mrf-recirculation=\"Links P\u00e1rrafos\" class=\"ue-c-article__paragraph paragraph\">Hab\u00edan transcurrido poco m\u00e1s de cinco minutos de partido cuando El Aynaoui irrumpi\u00f3 en el \u00e1rea para transformar un buen servicio lateral de Celik para abrir el marcador. Se reivindic\u00f3 el centrocampista marroqu\u00ed tras ser sustituido al descanso contra la Cremonese el pasado fin de semana&#8230; a pesar de repartir la asistencia del 0-1 en favor de Soul\u00e9.<\/p>\n<p data-mrf-recirculation=\"Links P\u00e1rrafos\" class=\"ue-c-article__paragraph paragraph\">Manu Kon\u00e9, su socio en el centro del campo, tuvo que ser sustituido a los 27&#8242; por lesi\u00f3n. Una baja preocupante teniendo en cuenta que, este fin de semana, la Roma deber\u00e1 defender su liderato en Serie A recibiendo al N\u00e1poles en el Ol\u00edmpico. Su lugar fue ocupado por Cristante.<\/p>\n<p data-mrf-recirculation=\"Links P\u00e1rrafos\" class=\"ue-c-article__paragraph paragraph\">Ya en la segunda parte, el Midtjylland subi\u00f3 revoluciones y disfrut\u00f3 de varias ocasiones para meterse en el partido. Pero, tras salir desde el banquillo, El Shaarawy duplic\u00f3 la ventaja en el 83&#8242; a pase un Leon Bailey que hab\u00eda saltado al terreno de juego cinco minutos antes en detrimento de Paulo Dybala.<\/p>\n<p data-mrf-recirculation=\"Links P\u00e1rrafos\" class=\"ue-c-article__paragraph paragraph\">Sin duda, fue un gol trascendental para una Roma que encaj\u00f3 el 2-1 nada m\u00e1s ponerse el bal\u00f3n en juego tras un servicio atr\u00e1s por parte de Simsir transformado por Paulinho. Lo intent\u00f3 el Midtjylland hasta el final&#8230; pero no pudo conservar su invicto en una Europa League donde, en cualquier caso, seguir\u00e1 siendo l\u00edder.<\/p>\n","protected":false},"excerpt":{"rendered":"El Midtjylland se hab\u00eda ganado el derecho a ser reconocido como la gran revelaci\u00f3n de esta Europa League.&hellip;\n","protected":false},"author":2,"featured_media":260027,"comment_status":"","ping_status":"","sticky":false,"template":"","format":"standard","meta":{"footnotes":""},"categories":[268],"tags":[168,25,24,280,282,281,23,167],"class_list":{"0":"post-260026","1":"post","2":"type-post","3":"status-publish","4":"format-standard","5":"has-post-thumbnail","7":"category-futbol","8":"tag-deportes","9":"tag-es","10":"tag-espana","11":"tag-football","12":"tag-futbol","13":"tag-soccer","14":"tag-spain","15":"tag-sports"},"share_on_mastodon":{"url":"https:\/\/pubeurope.com\/@es\/115626565070231188","error":""},"_links":{"self":[{"href":"https:\/\/www.europesays.com\/es\/wp-json\/wp\/v2\/posts\/260026","targetHints":{"allow":["GET"]}}],"collection":[{"href":"https:\/\/www.europesays.com\/es\/wp-json\/wp\/v2\/posts"}],"about":[{"href":"https:\/\/www.europesays.com\/es\/wp-json\/wp\/v2\/types\/post"}],"author":[{"embeddable":true,"href":"https:\/\/www.europesays.com\/es\/wp-json\/wp\/v2\/users\/2"}],"replies":[{"embeddable":true,"href":"https:\/\/www.europesays.com\/es\/wp-json\/wp\/v2\/comments?post=260026"}],"version-history":[{"count":0,"href":"https:\/\/www.europesays.com\/es\/wp-json\/wp\/v2\/posts\/260026\/revisions"}],"wp:featuredmedia":[{"embeddable":true,"href":"https:\/\/www.europesays.com\/es\/wp-json\/wp\/v2\/media\/260027"}],"wp:attachment":[{"href":"https:\/\/www.europesays.com\/es\/wp-json\/wp\/v2\/media?parent=260026"}],"wp:term":[{"taxonomy":"category","embeddable":true,"href":"https:\/\/www.europesays.com\/es\/wp-json\/wp\/v2\/categories?post=260026"},{"taxonomy":"post_tag","embeddable":true,"href":"https:\/\/www.europesays.com\/es\/wp-json\/wp\/v2\/tags?post=260026"}],"curies":[{"name":"wp","href":"https:\/\/api.w.org\/{rel}","templated":true}]}}