{"id":260028,"date":"2025-11-28T09:15:16","date_gmt":"2025-11-28T09:15:16","guid":{"rendered":"https:\/\/www.europesays.com\/es\/260028\/"},"modified":"2025-11-28T09:15:16","modified_gmt":"2025-11-28T09:15:16","slug":"el-emocionante-recorrido-de-richard-y-alejandra-gere-por-murcia-un-dia-de-pelicula","status":"publish","type":"post","link":"https:\/\/www.europesays.com\/es\/260028\/","title":{"rendered":"El emocionante recorrido de Richard y Alejandra Gere por Murcia: un d\u00eda de pel\u00edcula"},"content":{"rendered":"<p id=\"eLpBVMnNzB\" data-wc=\"124\"><strong>Richard y Alejandra Gere\u00a0<\/strong>han regresado a Espa\u00f1a tras m\u00e1s de un mes de su partida, ya que volvieron a Estados Unidos por motivos profesionales despu\u00e9s de un a\u00f1o viviendo junto a sus hijos en Madrid. Este <a class=\"hm-link ho-link\" href=\"https:\/\/www.hola.com\/actualidad\/20251124869275\/richard-alejandra-gere-entrevista-vuelta-a-espana\/\" data-mrf-recirculation=\"article-body-link\" rel=\"nofollow noopener\" target=\"_blank\">lunes 24 de noviembre, el matrimonio reapareci\u00f3 en la capital\u00a0<\/a>para presentar uno de sus proyectos m\u00e1s especiales: el cortometraje documental\u00a0Lo que nadie quiere ver, realizado junto a la organizaci\u00f3n Hogar S\u00ed, en el que visibilizan la dura realidad de las personas sin hogar y buscan generar conciencia sobre esta problem\u00e1tica social tan urgente. Durante su estancia en nuestro pa\u00eds, los actores han desarrollado una agenda repleta de actividades y compromisos, entre los que destaca su presencia hoy en Murcia, donde tienen una misi\u00f3n muy especial.<\/p>\n<p> <img src=\"https:\/\/www.europesays.com\/es\/wp-content\/uploads\/2025\/11\/0733d26e3302-742c42e1-4dd4-41a2-92b0-e89a6206502f.jpg\"   width=\"1024\" height=\"682\" loading=\"lazy\" decoding=\"async\" alt=\"Alejandra Silva y Richard Gere en el estreno en Madrid de uno de sus proyectos m\u00e1s personales, el documental 'Lo que nadie quiere ver'\" fetchpriority=\"auto\" class=\"image ho-image\"\/>\u00a9 GTRESAlejandra Silva y Richard Gere en el estreno en Madrid de uno de sus proyectos m\u00e1s personales, el documental &#8216;Lo que nadie quiere ver&#8217;<\/p>\n<p id=\"e7K2VorWA_\" data-wc=\"161\">Lo m\u00e1s importante para el reconocido matrimonio es seguir impulsando iniciativas que fomenten la inclusi\u00f3n y brinden apoyo a quienes m\u00e1s lo necesitan. Por esta raz\u00f3n, este viernes se han trasladado a Murcia para acompa\u00f1ar a los ni\u00f1os con c\u00e1ncer de la Fundaci\u00f3n Aladina en dos actos de gran relevancia. El primero de ellos dar\u00e1 inicio a las 17:00 horas, cuando el actor y la empresaria se desplacen hasta el Hospital Universitario Virgen de la Arrixaca (HUVA), un centro que ha recibido financiaci\u00f3n de la Fundaci\u00f3n Aladina por un valor de un mill\u00f3n de euros. All\u00ed protagonizar\u00e1n un gesto muy simb\u00f3lico: la colocaci\u00f3n de la primera piedra del nuevo gimnasio pedi\u00e1trico del hospital, un espacio pensado para mejorar la calidad de vida de los peque\u00f1os pacientes y ofrecerles un entorno m\u00e1s acogedor y lleno de est\u00edmulos durante su tratamiento, ya que contar\u00e1 con un gimnasio para rehabilitaci\u00f3n y deporte, boxes individuales, dos cuartos de ba\u00f1o, espacio de almacenaje y un despacho.<\/p>\n<p id=\"eGN1VZhV6r\" data-wc=\"39\">Durante el acto, Richard y Alejandra Gere estar\u00e1n acompa\u00f1ador por el presidente de la Comunidad, Fernando L\u00f3pez Miras; el alcalde de Murcia, Jos\u00e9 Ballesta; el presidente de la Fundaci\u00f3n, Paco Arango, y el directo m\u00e9dico del HUVA, Carlos P\u00e9rez-Crespo.<\/p>\n<p> <img src=\"https:\/\/www.europesays.com\/es\/wp-content\/uploads\/2025\/11\/6d8106c5a135-gettyimages-2187884159.jpg\"   width=\"744\" height=\"1024\" loading=\"lazy\" decoding=\"async\" alt=\"El actor y su esposa reaparecer\u00e1n en Madrid el 24 de noviembre\" fetchpriority=\"auto\" class=\"image ho-image\"\/>\u00a9 Getty ImagesEl actor y su esposa reaparecer\u00e1n en Madrid el 24 de noviembre<\/p>\n<p class=\"\" id=\"eW9vv5zmN0j\" data-wc=\"102\">Tras esta visita, la estrella de Hollywood y su esposa se desplazar\u00e1n a la Plaza Circular de Murcia, <a class=\"hm-link ho-link\" href=\"https:\/\/www.hola.com\/actualidad\/20251122868968\/richard-gere-se-convierte-en-el-protagonista-inesperado-de-la-navidad\/\" data-mrf-recirculation=\"article-body-link\" rel=\"nofollow noopener\" target=\"_blank\">donde tendr\u00e1 lugar el acto de encendido del Gran \u00c1rbol de Navidad de la ciudad.<\/a> El protagonista de\u00a0Pretty Woman y la activista ser\u00e1n los encargados de acompa\u00f1ar a los ni\u00f1os y ni\u00f1as con c\u00e1ncer atendidos por la Fundaci\u00f3n Aladina en el momento de inaugurar la Navidad, \u00aben un gesto desinteresado que simboliza solidaridad, esperanza y apoyo hacia los menores\u00bb, tal y como informan desde el propio Ayuntamiento, entidad que les agradece la sensibilidad y cercan\u00eda mostrada hacia los m\u00e1s peque\u00f1os y sus familias.\u00a0<\/p>\n<p> <img src=\"https:\/\/www.europesays.com\/es\/wp-content\/uploads\/2025\/11\/4b331240f1a2-gettyimages-2187923652.jpg\"   width=\"682\" height=\"1024\" loading=\"lazy\" decoding=\"async\" alt=\"Richard y Alejandra Gere: claves y motivos de su inesperada mudanza a Estados Unidos\" fetchpriority=\"auto\" class=\"image ho-image\"\/>\u00a9 Getty ImagesRichard y Alejandra Gere: claves y motivos de su inesperada mudanza a Estados Unidos<\/p>\n<p id=\"eRAR7x0uXw\" data-wc=\"162\">Durante los \u00faltimos d\u00edas se hab\u00eda especulado sobre si el matrimonio ser\u00eda el encargado de encender el \u00e1rbol, pero desde The Gere Foundation han querido aclarar la situaci\u00f3n mediante un comunicado: \u00abViajamos a Murcia para apoyar el trabajo imprescindible de la Fundaci\u00f3n Aladina y acompa\u00f1ar el inicio de un proyecto muy especial (&#8230;) Ese es \u2014y siempre ha sido\u2014 el \u00fanico motivo de nuestra presencia all\u00ed. Nuestra prioridad est\u00e1 con los ni\u00f1os, sus familias y el trabajo tan necesario que realiza Aladina. Cualquier gesto adicional que podamos tener durante la visita ser\u00e1 siempre en honor a ellos, nunca como protagonistas y de forma totalmente desinteresada. Gracias por el cari\u00f1o y por ayudarnos a compartir el verdadero sentido de este viaje\u00bb. Unas palabras con las que dejan claro que su compromiso est\u00e1 centrado en la labor social y en el bienestar de los menores, subrayando que cualquier participaci\u00f3n medi\u00e1tica es secundaria frente al objetivo principal: acompa\u00f1ar y apoyar a quienes m\u00e1s lo necesitan.<\/p>\n<p>El estreno de su documental<\/p>\n<p id=\"eDx9BySn3l\" data-wc=\"132\">El 24 de noviembre, Richard y Alejandra Gere se desplazaron a los c\u00e9ntricos Cines Callao, en plena Gran V\u00eda madrile\u00f1a, para <strong>el estreno del documental<\/strong><strong><strong>\u00a0<\/strong>Lo que nadie quiere ver,<\/strong> un proyecto solidario impulsado por la pareja en colaboraci\u00f3n con la Fundaci\u00f3n Hogar S\u00ed, entidad que desde 1998 combate la exclusi\u00f3n social de las personas m\u00e1s desfavorecidas, especialmente de quienes carecen de hogar. El matrimonio quiso estar presente durante la proyecci\u00f3n, ya que este evento fue el fruto de meses de trabajo en el que ambos han estado involucrados, ya que la empresaria es embajadora y miembro del patronato de la citada entidad. Por su parte, Richard tambi\u00e9n est\u00e1 implicado en la causa, pues nunca le han cegado los focos de Hollywood y ha impulsado su activismo social por encima de todo.<\/p>\n<p> <img src=\"https:\/\/www.europesays.com\/es\/wp-content\/uploads\/2025\/11\/79e28fcb4421-gettyimages-2248277529.jpg\"   width=\"1024\" height=\"682\" loading=\"lazy\" decoding=\"async\" alt=\"Richard Gere y Alejandra Gere en la premiere de &quot;Lo Que Nadie Quiere Ver&quot; en Madrid.\" fetchpriority=\"auto\" class=\"image ho-image\"\/>\u00a9 Getty ImagesAlejandra Silva y Richard Gere en el estreno en Madrid de uno de sus proyectos m\u00e1s personales, el documental &#8216;Lo que nadie quiere ver&#8217;<\/p>\n<p id=\"eEa7ek4vRS_\" data-wc=\"107\">Durante su paso por el photocall de dicho acto, la estrella de la interpretaci\u00f3n protagoniz\u00f3 un momento muy divertido. Tras desfilar por la alfombra roja colocada para la ocasi\u00f3n, contestaron a las preguntas de la prensa. Fue en ese momento cuando reportero le dijo a Richard Gere que lo consideran como un espa\u00f1ol y que su esposa, Alejandra, hab\u00eda comentado en alguna ocasi\u00f3n que le gustar\u00eda que jurara bandera. <strong>\u00abEso es maravilloso, yo soy de Galicia\u00bb<\/strong>, respondi\u00f3 entre risas el protagonista de Pretty Woman. Antes de marcharse, la empresaria destac\u00f3 la importancia de concienciar a todos, afirmando que \u00abdesde peque\u00f1itos educamos a nuestros hijos en la compasi\u00f3n\u00bb.\u00a0<\/p>\n<p> <img src=\"https:\/\/www.europesays.com\/es\/wp-content\/uploads\/2025\/11\/fa3aa6423d99-gettyimages-2248273590.jpg\"   width=\"682\" height=\"1024\" loading=\"lazy\" decoding=\"async\" alt=\"Richard Gere y Alejandra Gere en la premiere de &quot;Lo Que Nadie Quiere Ver&quot; en Madrid.\" fetchpriority=\"auto\" class=\"image ho-image\"\/>\u00a9 Getty ImagesAlejandra Silva y Richard Gere en el estreno en Madrid de uno de sus proyectos m\u00e1s personales, el documental &#8216;Lo que nadie quiere ver&#8217;<br \/>\nRichard y Alejandra Gere cierran su etapa en Espa\u00f1a: \u00abHa sido fabuloso\u00bb<\/p>\n","protected":false},"excerpt":{"rendered":"Richard y Alejandra Gere\u00a0han regresado a Espa\u00f1a tras m\u00e1s de un mes de su partida, ya que volvieron&hellip;\n","protected":false},"author":2,"featured_media":260029,"comment_status":"","ping_status":"","sticky":false,"template":"","format":"standard","meta":{"footnotes":""},"categories":[174],"tags":[517,26872,255,146,147,25,24,256,20279,23],"class_list":{"0":"post-260028","1":"post","2":"type-post","3":"status-publish","4":"format-standard","5":"has-post-thumbnail","7":"category-famosos","8":"tag-actualidad","9":"tag-alejandra-gere","10":"tag-celebrities","11":"tag-entertainment","12":"tag-entretenimiento","13":"tag-es","14":"tag-espana","15":"tag-famosos","16":"tag-richard-gere","17":"tag-spain"},"share_on_mastodon":{"url":"https:\/\/pubeurope.com\/@es\/115626570015011897","error":""},"_links":{"self":[{"href":"https:\/\/www.europesays.com\/es\/wp-json\/wp\/v2\/posts\/260028","targetHints":{"allow":["GET"]}}],"collection":[{"href":"https:\/\/www.europesays.com\/es\/wp-json\/wp\/v2\/posts"}],"about":[{"href":"https:\/\/www.europesays.com\/es\/wp-json\/wp\/v2\/types\/post"}],"author":[{"embeddable":true,"href":"https:\/\/www.europesays.com\/es\/wp-json\/wp\/v2\/users\/2"}],"replies":[{"embeddable":true,"href":"https:\/\/www.europesays.com\/es\/wp-json\/wp\/v2\/comments?post=260028"}],"version-history":[{"count":0,"href":"https:\/\/www.europesays.com\/es\/wp-json\/wp\/v2\/posts\/260028\/revisions"}],"wp:featuredmedia":[{"embeddable":true,"href":"https:\/\/www.europesays.com\/es\/wp-json\/wp\/v2\/media\/260029"}],"wp:attachment":[{"href":"https:\/\/www.europesays.com\/es\/wp-json\/wp\/v2\/media?parent=260028"}],"wp:term":[{"taxonomy":"category","embeddable":true,"href":"https:\/\/www.europesays.com\/es\/wp-json\/wp\/v2\/categories?post=260028"},{"taxonomy":"post_tag","embeddable":true,"href":"https:\/\/www.europesays.com\/es\/wp-json\/wp\/v2\/tags?post=260028"}],"curies":[{"name":"wp","href":"https:\/\/api.w.org\/{rel}","templated":true}]}}