{"id":260030,"date":"2025-11-28T09:16:12","date_gmt":"2025-11-28T09:16:12","guid":{"rendered":"https:\/\/www.europesays.com\/es\/260030\/"},"modified":"2025-11-28T09:16:12","modified_gmt":"2025-11-28T09:16:12","slug":"como-visitar-el-museu-dart-contemporani-de-barcelona-este-viernes-sabado-y-domingo-para-celebrar-sus-30-anos-y-horarios","status":"publish","type":"post","link":"https:\/\/www.europesays.com\/es\/260030\/","title":{"rendered":"c\u00f3mo visitar el Museu d&#8217;Art Contemporani de Barcelona este viernes, s\u00e1bado y domingo para celebrar sus 30 a\u00f1os y horarios"},"content":{"rendered":"<p class=\"ft-text ft-helper-closenews\">El <strong>Museu d&#8217;Art Contemporani de Barcelona (<\/strong><a class=\"ft-link ft-link--decoration\" href=\"https:\/\/www.macba.cat\/es\/\" rel=\"nofollow noopener\" target=\"_blank\"><strong>Macba<\/strong><\/a><strong>)<\/strong> cumple este viernes 28 de noviembre su 30\u00ba aniversario y, para celebrarlo, el museo ofrecer\u00e1 <strong>tres jornadas de puertas abiertas<\/strong> hasta el pr\u00f3ximo domingo, 30 de noviembre. Durante esos d\u00edas los visitantes podr\u00e1n disfrutar de las nuevas exposiciones <a class=\"ft-link ft-link--decoration\" href=\"https:\/\/www.elperiodico.com\/es\/ocio-y-cultura\/20251105\/macba-pone-orbita-planeta-negro-123387114\" rel=\"nofollow noopener\" target=\"_blank\">\u2018Proyectar un planeta negro. El arte y la cultura de Pan\u00e1frica\u2019,<\/a> que supone la primera gran exhibici\u00f3n sobre arte contempor\u00e1neo panafricano en Barcelona, y \u2018Como una danza de estorninos. Colecci\u00f3n MACBA: 30 a\u00f1os e infinitas formas de ser\u2019, que rinde homenaje a tres d\u00e9cadas de trabajo colectivo entre artistas, p\u00fablicos e instituciones, adem\u00e1s de visitas guiadas y otras actividades.<\/p>\n<p>Horario de las visitas<\/p>\n<p class=\"ft-text\">El Macba se podr\u00e1 visitar de manera gratuita durante el horario del museo, y no hay que hacer una reserva previa. Tambi\u00e9n se podr\u00e1n hacer visitas guiadas gratuitas, pero con reserva previa, que son el s\u00e1bado a las seis de la tarde con la exposici\u00f3n<strong> \u2018Como una danza de estorninos. Colecci\u00f3n Macba: treinta a\u00f1os e infinitas formas de ser\u2019, <\/strong>el domingo a las once de la ma\u00f1ana con \u2018Proyectar un planeta negro. El arte y la cultura de Pan\u00e1frica\u2019, y el domingo a las 12:30 horas con la muestra \u2018Coco Fusco. He aprendido a nadar en seco\u2019, que trata sobre el activismo y el silencio en la Cuba postrevolucionaria.<\/p>\n<p class=\"ft-text\">Ubicado en la <strong>plaza de los \u00c0ngels, 1<\/strong> de Barcelona &#8211;en metro L1 (Catalunya o Universitat), L2 (Universitat), L3 (Catalunya o Liceu)&#8211;, los horarios del MACBA para estos tres pr\u00f3ximos d\u00edas son:<\/p>\n<p class=\"ft-text\">\u25baViernes, de 11.00 a 19.30 horas.<\/p>\n<p class=\"ft-text\">\u25baS\u00e1bado, de 10.00 a 20.00 horas.<\/p>\n<p class=\"ft-text\">\u25baDomingo, de 10.00 a 15.00 horas.<\/p>\n<p class=\"ft-text\"><strong>La inauguraci\u00f3n de estas jornadas de puertas abiertas se hizo este jueves con una fiesta colectiva en el Edificio Meier. <\/strong>A las 19.00 horas se empezar\u00e1 con la performance de \u2018Murmullos I. C\u00e9r\u00e9monials\u2019 con Jorge Dutor y Guillem Mont de Palol, donde revisan los rituales colectivos un grupo de j\u00f3venes artistas instalados en Par\u00eds organiz\u00f3 entre 1969 y 1973, y que abre un programa de artes en vivo y m\u00fasica. La fiesta de inauguraci\u00f3n empezar\u00e1 a las 20:30h y seguir\u00e1 hasta la medianoche, con la apertura al p\u00fablico de todas las exposiciones y la presentaci\u00f3n de \u2018Como una danza de estorninos. Colecci\u00f3n Macba: treinta a\u00f1os e infinitas formas de ser\u2019.<\/p>\n<p class=\"ft-text\">Los visitantes tambi\u00e9n podr\u00e1n observar <strong>el nuevo mural \u2018Cronolog\u00eda Macba Trenta\u2019, creado por la artista Clara Nubiola, que se encuentra en la entrada del museo y que, en casi 600 im\u00e1genes, recoge los momentos clave de los treinta a\u00f1os de historia del Macba desde una mirada m\u00e1s humana<\/strong>. El mural estar\u00e1 expuesto hasta noviembre de 2026 y supone una conmemoraci\u00f3n del 30\u00ba aniversario del museo.<\/p>\n<p data-close=\"closedContent\" class=\"subscribeHideForDisplay\">Suscr\u00edbete para seguir leyendo<\/p>\n","protected":false},"excerpt":{"rendered":"El Museu d&#8217;Art Contemporani de Barcelona (Macba) cumple este viernes 28 de noviembre su 30\u00ba aniversario y, para&hellip;\n","protected":false},"author":2,"featured_media":260031,"comment_status":"","ping_status":"","sticky":false,"template":"","format":"standard","meta":{"footnotes":""},"categories":[173],"tags":[9807,229,233,231,230,210,13776,232,234,146,65031,147,25,24,4400,126,4074,62153,52372,23],"class_list":{"0":"post-260030","1":"post","2":"type-post","3":"status-publish","4":"format-standard","5":"has-post-thumbnail","7":"category-arte-y-diseno","8":"tag-aniversario","9":"tag-arte","10":"tag-arte-y-diseno","11":"tag-arts","12":"tag-arts-and-design","13":"tag-barcelona","14":"tag-danza","15":"tag-design","16":"tag-diseno","17":"tag-entertainment","18":"tag-entrada-gratis","19":"tag-entretenimiento","20":"tag-es","21":"tag-espana","22":"tag-fechas","23":"tag-gratis","24":"tag-horarios","25":"tag-macba","26":"tag-puertas-abiertas","27":"tag-spain"},"share_on_mastodon":{"url":"https:\/\/pubeurope.com\/@es\/115626572730014419","error":""},"_links":{"self":[{"href":"https:\/\/www.europesays.com\/es\/wp-json\/wp\/v2\/posts\/260030","targetHints":{"allow":["GET"]}}],"collection":[{"href":"https:\/\/www.europesays.com\/es\/wp-json\/wp\/v2\/posts"}],"about":[{"href":"https:\/\/www.europesays.com\/es\/wp-json\/wp\/v2\/types\/post"}],"author":[{"embeddable":true,"href":"https:\/\/www.europesays.com\/es\/wp-json\/wp\/v2\/users\/2"}],"replies":[{"embeddable":true,"href":"https:\/\/www.europesays.com\/es\/wp-json\/wp\/v2\/comments?post=260030"}],"version-history":[{"count":0,"href":"https:\/\/www.europesays.com\/es\/wp-json\/wp\/v2\/posts\/260030\/revisions"}],"wp:featuredmedia":[{"embeddable":true,"href":"https:\/\/www.europesays.com\/es\/wp-json\/wp\/v2\/media\/260031"}],"wp:attachment":[{"href":"https:\/\/www.europesays.com\/es\/wp-json\/wp\/v2\/media?parent=260030"}],"wp:term":[{"taxonomy":"category","embeddable":true,"href":"https:\/\/www.europesays.com\/es\/wp-json\/wp\/v2\/categories?post=260030"},{"taxonomy":"post_tag","embeddable":true,"href":"https:\/\/www.europesays.com\/es\/wp-json\/wp\/v2\/tags?post=260030"}],"curies":[{"name":"wp","href":"https:\/\/api.w.org\/{rel}","templated":true}]}}