{"id":260032,"date":"2025-11-28T09:18:10","date_gmt":"2025-11-28T09:18:10","guid":{"rendered":"https:\/\/www.europesays.com\/es\/260032\/"},"modified":"2025-11-28T09:18:10","modified_gmt":"2025-11-28T09:18:10","slug":"si-bertin-no-cumple-habra-demanda-gabriela-guillen-rompe-su-silencio","status":"publish","type":"post","link":"https:\/\/www.europesays.com\/es\/260032\/","title":{"rendered":"si Bert\u00edn no cumple, habr\u00e1 demanda\u201d, Gabriela Guill\u00e9n rompe su silencio"},"content":{"rendered":"<p>En junio de 2024, Bert\u00edn Osborne pronunci\u00f3 una frase que entonces pareci\u00f3 marcar un punto de inflexi\u00f3n en una de las historias m\u00e1s medi\u00e1ticas del a\u00f1o: <b>\u00abMe equivoqu\u00e9, Gabriela se merece mi respeto y asumo toda responsabilidad\u00bb<\/b>. Con estas palabras, el cantante reconoc\u00eda oficialmente la paternidad de su s\u00e9ptimo hijo, el primero junto a <a title=\"Gabriela Guill\u00e9n\" href=\"https:\/\/www.larazon.es\/gente\/famosos\/gabriela-guillen-mujer-que-niega-pasar-desapercibida_20251120691ecc7c360d0840bcec5c11.html\" target=\"_blank\" rel=\"nofollow noopener\">Gabriela Guill\u00e9n<\/a>, nacido el \u00faltimo d\u00eda de 2023. Era un gesto que pretend\u00eda cerrar heridas y zanjar especulaciones.<\/p>\n<p>Pese al prop\u00f3sito de Bert\u00edn de que el peque\u00f1o crezca <b>\u00aben armon\u00eda, alejado de cualquier pol\u00e9mica\u00bb<\/b>, las circunstancias parecen haber tomado un rumbo distinto. <a title=\"Gabriela Guill\u00e9n\" href=\"https:\/\/www.larazon.es\/gente\/famosos\/desvelamos-duros-reproches-gabriela-guillen-bertin-osborne_202511126914c7aa7d206113bd979f0d.html\" target=\"_blank\" rel=\"nofollow noopener\">Gabriela Guill\u00e9n<\/a>, visiblemente cansada de lo que califica como<b> una ausencia prolongada del cantante<\/b> en la vida del ni\u00f1o, ha anunciado su intenci\u00f3n de emprender acciones legales. <b>\u00abCuando le escribo no contesta. Le he mandado el convenio regulador hace tiempo y no lo ha firmado. Ya no puedo m\u00e1s, lo siguiente ser\u00e1 una demanda\u00bb<\/b>, afirma en el adelanto de \u00a1De Viernes!, donde este viernes ocupar\u00e1 el centro del plat\u00f3 de Santi Acosta y Beatriz Archidona.<\/p>\n<p>Debate<\/p>\n<p>Lejos del silencio discreto que ella habr\u00eda deseado, la situaci\u00f3n se ha convertido en un nuevo cap\u00edtulo de tensi\u00f3n p\u00fablica para la pareja. Gabriela, profesional de la est\u00e9tica, mostrar\u00e1 su versi\u00f3n sin medias tintas y responder\u00e1 tambi\u00e9n a las recientes declaraciones de <a title=\"Eugenia Osborne\" href=\"https:\/\/www.larazon.es\/gente\/famosos\/gabriela-guillen-reacciona-entrevista-eugenia-osborne-voy-defender-hijo_2025102768ff5df4c7155f09f1af2f17.html\" target=\"_blank\" rel=\"nofollow noopener\">Eugenia Osborne<\/a>. La hija mediana del artista, siempre ponderada en sus apariciones televisivas, sorprendi\u00f3 en octubre asegurando que su padre jam\u00e1s hab\u00eda insinuado que fuera a desentenderse del menor.<b> \u00abLo que dijo es que no ten\u00eda la edad para ejercer de padre, pero que era su responsabilidad y a ese ni\u00f1o no le iba a faltar nunca de nada\u00bb<\/b>, se\u00f1al\u00f3 entonces.<\/p>\n<p><img decoding=\"async\" loading=\"lazy\" src=\"https:\/\/www.europesays.com\/es\/wp-content\/uploads\/2025\/11\/eugenia-osborne-padre-bertin-osborne_58.jpg\" alt=\"Eugenia Osborne con su padre, Bert\u00edn Osborne\" width=\"1776\" height=\"1196\"\/><b>Eugenia Osborne con su padre, Bert\u00edn Osborne<\/b>Gtres<\/p>\n<p>En este tablero emocional y medi\u00e1tico, las palabras de Eugenia han reabierto un debate que parec\u00eda adormecido: \u00bfqu\u00e9 papel juega realmente Bert\u00edn en la vida de su hijo peque\u00f1o? \u00bfHay una voluntad real por parte del cantante de establecer un acuerdo estable, o se ha impuesto la distancia que Gabriela denuncia?<\/p>\n<p>Conviene recordar que el v\u00ednculo entre ambos protagoniz\u00f3 uno de los momentos m\u00e1s comentados del verano anterior. En agosto, antes de oficializarse la paternidad por v\u00eda legal,<b> Bert\u00edn y Gabriela posaron juntos para una portada de \u00a1Hola! en la que presentaban al peque\u00f1o David, una instant\u00e1nea destinada a proyectar unidad que hoy contrasta con el escenario actual.<\/b><\/p>\n<p>Ahora, con un posible procedimiento judicial asomando en el horizonte y un menor en el centro de la controversia, la historia vuelve a ocupar titulares. La expectaci\u00f3n es m\u00e1xima: \u00bfhabr\u00e1 un entendimiento tard\u00edo, un acuerdo que devuelva esa ansiada \u201carmon\u00eda\u201d a la que alud\u00eda el cantante? \u00bfO estamos ante el inicio de un litigio que prolongar\u00e1 la tensi\u00f3n m\u00e1s de lo necesario?<\/p>\n","protected":false},"excerpt":{"rendered":"En junio de 2024, Bert\u00edn Osborne pronunci\u00f3 una frase que entonces pareci\u00f3 marcar un punto de inflexi\u00f3n en&hellip;\n","protected":false},"author":2,"featured_media":260033,"comment_status":"","ping_status":"","sticky":false,"template":"","format":"standard","meta":{"footnotes":""},"categories":[171],"tags":[146,147,25,24,23,214],"class_list":{"0":"post-260032","1":"post","2":"type-post","3":"status-publish","4":"format-standard","5":"has-post-thumbnail","7":"category-tv","8":"tag-entertainment","9":"tag-entretenimiento","10":"tag-es","11":"tag-espana","12":"tag-spain","13":"tag-tv"},"share_on_mastodon":{"url":"https:\/\/pubeurope.com\/@es\/115626581369936312","error":""},"_links":{"self":[{"href":"https:\/\/www.europesays.com\/es\/wp-json\/wp\/v2\/posts\/260032","targetHints":{"allow":["GET"]}}],"collection":[{"href":"https:\/\/www.europesays.com\/es\/wp-json\/wp\/v2\/posts"}],"about":[{"href":"https:\/\/www.europesays.com\/es\/wp-json\/wp\/v2\/types\/post"}],"author":[{"embeddable":true,"href":"https:\/\/www.europesays.com\/es\/wp-json\/wp\/v2\/users\/2"}],"replies":[{"embeddable":true,"href":"https:\/\/www.europesays.com\/es\/wp-json\/wp\/v2\/comments?post=260032"}],"version-history":[{"count":0,"href":"https:\/\/www.europesays.com\/es\/wp-json\/wp\/v2\/posts\/260032\/revisions"}],"wp:featuredmedia":[{"embeddable":true,"href":"https:\/\/www.europesays.com\/es\/wp-json\/wp\/v2\/media\/260033"}],"wp:attachment":[{"href":"https:\/\/www.europesays.com\/es\/wp-json\/wp\/v2\/media?parent=260032"}],"wp:term":[{"taxonomy":"category","embeddable":true,"href":"https:\/\/www.europesays.com\/es\/wp-json\/wp\/v2\/categories?post=260032"},{"taxonomy":"post_tag","embeddable":true,"href":"https:\/\/www.europesays.com\/es\/wp-json\/wp\/v2\/tags?post=260032"}],"curies":[{"name":"wp","href":"https:\/\/api.w.org\/{rel}","templated":true}]}}