{"id":260034,"date":"2025-11-28T09:19:15","date_gmt":"2025-11-28T09:19:15","guid":{"rendered":"https:\/\/www.europesays.com\/es\/260034\/"},"modified":"2025-11-28T09:19:15","modified_gmt":"2025-11-28T09:19:15","slug":"10-canciones-de-rock-donde-destaca-el-acordeon","status":"publish","type":"post","link":"https:\/\/www.europesays.com\/es\/260034\/","title":{"rendered":"10 canciones de rock donde destaca el acorde\u00f3n"},"content":{"rendered":"<p>Aunque el rock and roll es conocido por sus guitarras poderosas, bajos potentes y bater\u00edas arrasadoras, a lo largo de los a\u00f1os se han podido escuchar muchos otros instrumentos en canciones del g\u00e9nero. Uno de ellos es <strong>el acorde\u00f3n<\/strong>, que <strong>supo colarse en temas memorables, aportando sonidos tanto nost\u00e1lgicos como festivos<\/strong>.<\/p>\n<p>Lejos de ser un simple adorno, el acorde\u00f3n siempre fue ideal a la hora de resaltar emociones, embellecer paisajes sonoros y explorar identidades culturales diferentes. Por eso, hoy queremos contarte sobre <strong>10 de las mejores canciones de rock en las que el instrumento es uno de los grandes protagonistas<\/strong>.<\/p>\n<p>10. Almendra \u2013 \u201cLaura va\u201d<\/p>\n<p>Grabada en 1969 e incluida en el disco Almendra I, esta obra de <strong><a href=\"https:\/\/indiehoy.com\/noticias\/eduardo-marti-presenta-un-libro-de-fotografias-de-luis-alberto-spinetta\/\" target=\"_blank\" rel=\"noreferrer noopener nofollow\">Luis Alberto Spinetta<\/a><\/strong> cuenta con la presencia del bandone\u00f3n de <strong>Rodolfo Mederos<\/strong> y arreglos de cuerdas de <strong>Rodolfo<\/strong> <strong>Alchourr\u00f3n<\/strong>. Producida por la propia banda, esta balada melanc\u00f3lica representa un hito en la historia del rock argentino. Fue reversionada en vivo en 1997 para un MTV Unplugged con arreglos orquestales.<\/p>\n<p>9. R.E.M. \u2013 \u201cYou Are the Everything\u201d<\/p>\n<p>Publicada en 1988 como parte del disco Green, esta balada folk-pop se destaca por el uso de acorde\u00f3n a cargo de <strong>Mike<\/strong> <strong>Mills<\/strong>, que aporta una calidez nost\u00e1lgica. Producida por <strong>Scott<\/strong> <strong>Litt<\/strong>, marc\u00f3 un quiebre en la est\u00e9tica sonora del grupo, abri\u00e9ndose hacia otros sonidos.<\/p>\n<p>8. Jethro Tull \u2013 \u201cSkating Away (On the Thin Ice of the New Day)\u201d<\/p>\n<p>En 1974, la banda lanz\u00f3 esta canci\u00f3n en el \u00e1lbum War Child, donde el acorde\u00f3n interpretado por <strong>John Evan<\/strong> acompa\u00f1a el relato reflexivo de <strong><a href=\"https:\/\/indiehoy.com\/historias\/mejor-tenor-del-rock-segun-ian-anderson\/\" target=\"_blank\" rel=\"noreferrer noopener nofollow\">Ian Anderson<\/a><\/strong>. Producida por <strong>Jethro Tull<\/strong> junto a <strong>Terry<\/strong> <strong>Ellis<\/strong>, es una obra adelantada a su tiempo que ya reflexionaba sobre el cambio clim\u00e1tico.<\/p>\n<p>7. The Young Rascals \u2013 \u201cHow Can I Be Sure\u201d<\/p>\n<p>Lanzada en 1967 como parte del \u00e1lbum Groovin\u2019, esta pista mezcla soul y chanson francesa, destac\u00e1ndose por un delicado acorde\u00f3n que completa su atm\u00f3sfera rom\u00e1ntica. <\/p>\n<p>6. Andr\u00e9s Calamaro \u2013 \u201cCr\u00edmenes perfectos\u201d<\/p>\n<p>Incluida en el disco Honestidad brutal, lanzado en 1997, esta balada \u00edntima combina el rock con sonido tanguero, gracias al bandone\u00f3n de <strong>N\u00e9stor Marconi<\/strong>. Producida por Calamaro y <strong>Joe<\/strong> <strong>Blaney<\/strong>, fue grabada en distintas ciudades y momentos, reflejando un estado emocional ca\u00f3tico que le da al tema su intensidad caracter\u00edstica.<\/p>\n<p>5. Paul Simon \u2013 \u201cThe Boy in the Bubble\u201d<\/p>\n<p>Abri\u00f3 el c\u00e9lebre \u00e1lbum Graceland de 1986 y fusiona pop con sonidos africanos y el acorde\u00f3n interpretado por el sudafricano <strong>Forere Motloheloa<\/strong>. Producida por <strong><a href=\"https:\/\/indiehoy.com\/historias\/no-se-puede-ni-cantar-paul-simon-elige-la-mejor-cancion-de-the-beatles\/\" target=\"_blank\" rel=\"noreferrer noopener nofollow\">Paul Simon<\/a><\/strong>, el track fue parte fundamental del \u00e9xito global del disco y su revoluci\u00f3n estil\u00edstica.<\/p>\n<p>4. The Rolling Stones \u2013 \u201cBack Street Girl\u201d<\/p>\n<p>Parte del disco Between the Buttons, publicado en 1967, esta canci\u00f3n es una rareza en la discograf\u00eda de la banda ya que fue adornada con acorde\u00f3n por <strong>Nick<\/strong> <strong>DeCaro<\/strong>. Producida por <strong>Andrew Loog Oldham<\/strong>, marca un contraste llamativo con el tono agresivo habitual del grupo.<\/p>\n<p>3. Patricio Rey y sus Redonditos de Ricota \u2013 \u201cEl ojo blindado\u201d<\/p>\n<p>En 1986, la banda incluy\u00f3 este tema en el disco Oktubre, una obra clave del rock argentino. El acorde\u00f3n de <strong>Sergio Dawi<\/strong> se acopla perfectamente a la l\u00edrica del <strong><a href=\"https:\/\/indiehoy.com\/historias\/el-indio-solari-cumple-76-anos-5-frases-memorables\/\" target=\"_blank\" rel=\"noreferrer noopener nofollow\">Indio Solari<\/a><\/strong>. Producida por los Redondos junto a <strong>Hern\u00e1n<\/strong> <strong>Aramberri<\/strong>, suena como una marcha de barricada.<\/p>\n<p>2. The Who \u2013 \u201cSqueeze Box\u201d<\/p>\n<p>Lanzada en 1975 dentro del \u00e1lbum The Who By Numbers, esta pista desenfadada incluye un pegadizo acorde\u00f3n interpretado por <a href=\"https:\/\/indiehoy.com\/historias\/pete-townshend-banda-llamo-tan-graciosa-como-un-funeral\/\" target=\"_blank\" rel=\"noreferrer noopener nofollow\"><strong>Pete<\/strong> <strong>Townshend<\/strong><\/a>. Producida por <strong>Glyn<\/strong> <strong>Johns<\/strong>, fue un \u00e9xito radial y destaca por su tono humor\u00edstico y su doble sentido.<\/p>\n<p>1. Bruce Springsteen \u2013 \u201c4th of July, Asbury Park (Sandy)\u201d<\/p>\n<p>En 1973, <strong><a href=\"https:\/\/indiehoy.com\/historias\/la-cancion-que-unio-a-los-estados-unidos-segun-bruce-springsteen\/\" target=\"_blank\" rel=\"noreferrer noopener nofollow\">Bruce Springsteen<\/a><\/strong> lanz\u00f3 The Wild, the Innocent &amp; the E Street Shuffle, incluyendo esta joya nost\u00e1lgica protagonizada por el acorde\u00f3n de <strong>Danny<\/strong> <strong>Federici<\/strong>. Producida por <strong>Mike Appel<\/strong> y <strong>Jim<\/strong> <strong>Cretecos<\/strong>, la canci\u00f3n se transform\u00f3 en un cl\u00e1sico regional y fue el tema que Federici eligi\u00f3 tocar en su \u00faltima presentaci\u00f3n antes de fallecer.<\/p>\n","protected":false},"excerpt":{"rendered":"Aunque el rock and roll es conocido por sus guitarras poderosas, bajos potentes y bater\u00edas arrasadoras, a lo&hellip;\n","protected":false},"author":2,"featured_media":260035,"comment_status":"","ping_status":"","sticky":false,"template":"","format":"standard","meta":{"footnotes":""},"categories":[170],"tags":[15525,21286,22714,146,147,25,24,38831,184,185,15527,65032,65033,23,6962,28344],"class_list":{"0":"post-260034","1":"post","2":"type-post","3":"status-publish","4":"format-standard","5":"has-post-thumbnail","7":"category-musica","8":"tag-almendra","9":"tag-andres-calamaro","10":"tag-bruce-springsteen","11":"tag-entertainment","12":"tag-entretenimiento","13":"tag-es","14":"tag-espana","15":"tag-jethro-tull","16":"tag-music","17":"tag-musica","18":"tag-patricio-rey-y-sus-redonditos-de-ricota","19":"tag-paul-simon","20":"tag-r-e-m","21":"tag-spain","22":"tag-the-rolling-stones","23":"tag-the-who"},"share_on_mastodon":{"url":"https:\/\/pubeurope.com\/@es\/115626584581568060","error":""},"_links":{"self":[{"href":"https:\/\/www.europesays.com\/es\/wp-json\/wp\/v2\/posts\/260034","targetHints":{"allow":["GET"]}}],"collection":[{"href":"https:\/\/www.europesays.com\/es\/wp-json\/wp\/v2\/posts"}],"about":[{"href":"https:\/\/www.europesays.com\/es\/wp-json\/wp\/v2\/types\/post"}],"author":[{"embeddable":true,"href":"https:\/\/www.europesays.com\/es\/wp-json\/wp\/v2\/users\/2"}],"replies":[{"embeddable":true,"href":"https:\/\/www.europesays.com\/es\/wp-json\/wp\/v2\/comments?post=260034"}],"version-history":[{"count":0,"href":"https:\/\/www.europesays.com\/es\/wp-json\/wp\/v2\/posts\/260034\/revisions"}],"wp:featuredmedia":[{"embeddable":true,"href":"https:\/\/www.europesays.com\/es\/wp-json\/wp\/v2\/media\/260035"}],"wp:attachment":[{"href":"https:\/\/www.europesays.com\/es\/wp-json\/wp\/v2\/media?parent=260034"}],"wp:term":[{"taxonomy":"category","embeddable":true,"href":"https:\/\/www.europesays.com\/es\/wp-json\/wp\/v2\/categories?post=260034"},{"taxonomy":"post_tag","embeddable":true,"href":"https:\/\/www.europesays.com\/es\/wp-json\/wp\/v2\/tags?post=260034"}],"curies":[{"name":"wp","href":"https:\/\/api.w.org\/{rel}","templated":true}]}}