{"id":260036,"date":"2025-11-28T09:20:20","date_gmt":"2025-11-28T09:20:20","guid":{"rendered":"https:\/\/www.europesays.com\/es\/260036\/"},"modified":"2025-11-28T09:20:20","modified_gmt":"2025-11-28T09:20:20","slug":"el-documental-de-dv-sobre-gregorio-ordonez-se-proyectara-en-los-colegios-donostiarras","status":"publish","type":"post","link":"https:\/\/www.europesays.com\/es\/260036\/","title":{"rendered":"El documental de DV sobre Gregorio Ord\u00f3\u00f1ez se proyectar\u00e1 en los colegios donostiarras"},"content":{"rendered":"<p><a class=\"v-mdl-ath__fig-a\" href=\"https:\/\/www.diariovasco.com\/autor\/aingeru-munguia-1480.html\" title=\"Aingeru Mungu\u00eda\" rel=\"nofollow noopener\" target=\"_blank\"><br \/>\n<img decoding=\"async\" class=\"v-mdl-ath__img\" src=\"https:\/\/www.europesays.com\/es\/wp-content\/uploads\/2025\/11\/autor-1480-foto-4.jpeg\" alt=\"Aingeru Mungu\u00eda\"\/><br \/>\n<\/a><\/p>\n<p class=\"v-mdl-ath__p v-mdl-ath__p--6\">\nViernes, 28 de noviembre 2025, 00:11<\/p>\n<p>| Actualizado 10:06h.<\/p>\n<p class=\"v-p\">Los colegios donostiarras visualizar\u00e1n el documental producido por el El Diario Vasco sobre Gregorio Ord\u00f3\u00f1ez, el concejal del PP de San Sebasti\u00e1n asesinado por ETA en 1995, gracias a una enmienda incluida ayer en los Presupuestos Municipales. El gobierno municipal que lidera el peneuvista Jon Insausti acept\u00f3 una enmienda sin contenido econ\u00f3mico presentada por el grupo municipal del PP para que los escolares donostiarras visualizaran el documental &#8216;Gregorio Ord\u00f3\u00f1ez, el asesinato que despert\u00f3 la rebeli\u00f3n&#8217;. <\/p>\n<p class=\"v-p\">En la justificaci\u00f3n de la enmienda, el PP recogi\u00f3 que \u00abcon motivo del aniversario del asesinato a manos de ETA del edil Gregorio Ord\u00f3\u00f1ez se puso en valor la importancia de que nuestros j\u00f3venes tuvieran conocimiento de la realidad vivida en nuestra ciudad\u00bb. As\u00ed lo entendi\u00f3 el gobierno municipal de PNV-PSE desde las primeras reuniones de la negociaci\u00f3n presupuestaria con el PP y se vio que esta enmienda era una de las m\u00e1s f\u00e1cil inclusi\u00f3n en las cuentas p\u00fablicas. Finalmente tanto socialistas como jeltzales votaron a favor de ella lo que significa que el Ayuntamiento de la capital guipuzcoana har\u00e1 gestiones con los centros escolares para llevar a cabo esta iniciativa.<\/p>\n<p>\nEl Gobierno municipal y los populares pretenden que los j\u00f3venes conozcan \u00abla realidad vivida en nuestra ciudad\u00bb\n<\/p>\n<p class=\"v-p\">Adem\u00e1s de esta enmienda, tambi\u00e9n se aprob\u00f3 una segunda propuesta sin contenido econ\u00f3mico del PP que, con un sentido parecido, facilitar\u00e1 que los institutos y colegios de la ESO visiten el Memorial de las V\u00edctimas del Terrorismo, con sede en Vitoria. La justificaci\u00f3n de esta enmienda indica que \u00abcon motivo del aniversario de Miguel \u00c1ngel Blanco (edil del PP de Ermua secuestrado y asesinado por ETA en 1997) qued\u00f3 patente el nivel de desconocimiento de los j\u00f3venes de la realidad sufrida por la acci\u00f3n de la banda terrorista. Por ello, creemos indispensable facilitar desde las instituciones publicas la veracidad del relato de lo ocurrido\u00bb.<\/p>\n<p>Colaboraci\u00f3n institucional<\/p>\n<p class=\"v-p\">Producida por DV, en colaboraci\u00f3n con Gogora, la Diputaci\u00f3n de Gipuzkoa y el Ayuntamiento de Donostia, la cinta, estrenada el pasado 23 de enero, coincidiendo con el 30 aniversario del asesinato, tambi\u00e9n fue proyectada hace dos meses en el Festival de Cine de San Sebasti\u00e1n, con gran \u00e9xito de p\u00fablico y amplia presencia institucional. <\/p>\n<p class=\"v-p\">La cinta, de 40 minutos de metraje, est\u00e1 dirigida por el director del peri\u00f3dico, David Taberna; la jefa de Informaci\u00f3n, Arantxa Aldaz; y el adjunto a la Direcci\u00f3n del peri\u00f3dico, Javier Rold\u00e1n. La pel\u00edcula devuelve al espectador a aquella convulsa Donostia de hace 30 a\u00f1os. &#8216;Gregorio Ord\u00f3\u00f1ez, el asesinato que despert\u00f3 la rebeli\u00f3n contra ETA&#8217; recupera el erizado clima pol\u00edtico de 1995 para analizar las circunstancias que desembocaron el crimen y las consecuencias que alumbr\u00f3.<\/p>\n<p class=\"v-p\">El filme cuenta con varios testimonios, entre ellos los de la propia viuda de Ord\u00f3\u00f1ez, Ana Ir\u00edbar, y Javier Ord\u00f3\u00f1ez, que apenas ten\u00eda 14 meses de vida cuando ETA le arrebat\u00f3 a su padre. Otro testimonio impactante es el de la hemana del edil, Consuelo.<\/p>\n<p>Reporta un error<\/p>\n","protected":false},"excerpt":{"rendered":"Viernes, 28 de noviembre 2025, 00:11 | Actualizado 10:06h. Los colegios donostiarras visualizar\u00e1n el documental producido por el&hellip;\n","protected":false},"author":2,"featured_media":260037,"comment_status":"","ping_status":"","sticky":false,"template":"","format":"standard","meta":{"footnotes":""},"categories":[169],"tags":[177,2027,6084,53743,146,147,25,24,176,8727,175,36013,15371,57,23],"class_list":{"0":"post-260036","1":"post","2":"type-post","3":"status-publish","4":"format-standard","5":"has-post-thumbnail","7":"category-cine","8":"tag-cine","9":"tag-colegios","10":"tag-documental","11":"tag-donostiarras","12":"tag-entertainment","13":"tag-entretenimiento","14":"tag-es","15":"tag-espana","16":"tag-film","17":"tag-gregorio","18":"tag-movies","19":"tag-ordonez","20":"tag-proyectara","21":"tag-sobre","22":"tag-spain"},"share_on_mastodon":{"url":"https:\/\/pubeurope.com\/@es\/115626589069300326","error":""},"_links":{"self":[{"href":"https:\/\/www.europesays.com\/es\/wp-json\/wp\/v2\/posts\/260036","targetHints":{"allow":["GET"]}}],"collection":[{"href":"https:\/\/www.europesays.com\/es\/wp-json\/wp\/v2\/posts"}],"about":[{"href":"https:\/\/www.europesays.com\/es\/wp-json\/wp\/v2\/types\/post"}],"author":[{"embeddable":true,"href":"https:\/\/www.europesays.com\/es\/wp-json\/wp\/v2\/users\/2"}],"replies":[{"embeddable":true,"href":"https:\/\/www.europesays.com\/es\/wp-json\/wp\/v2\/comments?post=260036"}],"version-history":[{"count":0,"href":"https:\/\/www.europesays.com\/es\/wp-json\/wp\/v2\/posts\/260036\/revisions"}],"wp:featuredmedia":[{"embeddable":true,"href":"https:\/\/www.europesays.com\/es\/wp-json\/wp\/v2\/media\/260037"}],"wp:attachment":[{"href":"https:\/\/www.europesays.com\/es\/wp-json\/wp\/v2\/media?parent=260036"}],"wp:term":[{"taxonomy":"category","embeddable":true,"href":"https:\/\/www.europesays.com\/es\/wp-json\/wp\/v2\/categories?post=260036"},{"taxonomy":"post_tag","embeddable":true,"href":"https:\/\/www.europesays.com\/es\/wp-json\/wp\/v2\/tags?post=260036"}],"curies":[{"name":"wp","href":"https:\/\/api.w.org\/{rel}","templated":true}]}}