{"id":260038,"date":"2025-11-28T09:21:09","date_gmt":"2025-11-28T09:21:09","guid":{"rendered":"https:\/\/www.europesays.com\/es\/260038\/"},"modified":"2025-11-28T09:21:09","modified_gmt":"2025-11-28T09:21:09","slug":"la-nueva-espana-de-chus-mateo-se-estrena-con-victoria","status":"publish","type":"post","link":"https:\/\/www.europesays.com\/es\/260038\/","title":{"rendered":"La nueva Espa\u00f1a de Chus Mateo se estrena con victoria"},"content":{"rendered":"<p>clasificaci\u00f3n mundial de baloncesto<\/p>\n<p>La era Chus Mateo en la selecci\u00f3n espa\u00f1ola comenz\u00f3 en Dinamarca con una victoria m\u00e1s funcionarial que brillante (64-74), en un partido que Espa\u00f1a control\u00f3, sobre todo bajo los aros y en el que se sobrepuso a su desacierto en los triples (27%).<\/p>\n<p class=\"articleSignature-name\"> EFE <\/p>\n<p class=\"articleSignature-datecontent\">Madrid | <strong>28.11.2025 10:11 <\/strong><\/p>\n<p><img loading=\"lazy\" decoding=\"async\" title=\"La nueva Espa\u00f1a de Chus Mateo se estrena con victoria \" alt=\"La nueva Espa\u00f1a de Chus Mateo se estrena con victoria \" width=\"480\" height=\"270\" src=\"https:\/\/www.europesays.com\/es\/wp-content\/uploads\/2025\/11\/nueva-espana-chus-mateo-estrena-victoria_70.jpg\"\/>La nueva Espa\u00f1a de Chus Mateo se estrena con victoria | Agencia EFE<\/p>\n","protected":false},"excerpt":{"rendered":"clasificaci\u00f3n mundial de baloncesto La era Chus Mateo en la selecci\u00f3n espa\u00f1ola comenz\u00f3 en Dinamarca con una victoria&hellip;\n","protected":false},"author":2,"featured_media":260039,"comment_status":"","ping_status":"","sticky":false,"template":"","format":"standard","meta":{"footnotes":""},"categories":[93],"tags":[168,25,24,23,167],"class_list":{"0":"post-260038","1":"post","2":"type-post","3":"status-publish","4":"format-standard","5":"has-post-thumbnail","7":"category-deportes","8":"tag-deportes","9":"tag-es","10":"tag-espana","11":"tag-spain","12":"tag-sports"},"share_on_mastodon":{"url":"https:\/\/pubeurope.com\/@es\/115626592650424022","error":""},"_links":{"self":[{"href":"https:\/\/www.europesays.com\/es\/wp-json\/wp\/v2\/posts\/260038","targetHints":{"allow":["GET"]}}],"collection":[{"href":"https:\/\/www.europesays.com\/es\/wp-json\/wp\/v2\/posts"}],"about":[{"href":"https:\/\/www.europesays.com\/es\/wp-json\/wp\/v2\/types\/post"}],"author":[{"embeddable":true,"href":"https:\/\/www.europesays.com\/es\/wp-json\/wp\/v2\/users\/2"}],"replies":[{"embeddable":true,"href":"https:\/\/www.europesays.com\/es\/wp-json\/wp\/v2\/comments?post=260038"}],"version-history":[{"count":0,"href":"https:\/\/www.europesays.com\/es\/wp-json\/wp\/v2\/posts\/260038\/revisions"}],"wp:featuredmedia":[{"embeddable":true,"href":"https:\/\/www.europesays.com\/es\/wp-json\/wp\/v2\/media\/260039"}],"wp:attachment":[{"href":"https:\/\/www.europesays.com\/es\/wp-json\/wp\/v2\/media?parent=260038"}],"wp:term":[{"taxonomy":"category","embeddable":true,"href":"https:\/\/www.europesays.com\/es\/wp-json\/wp\/v2\/categories?post=260038"},{"taxonomy":"post_tag","embeddable":true,"href":"https:\/\/www.europesays.com\/es\/wp-json\/wp\/v2\/tags?post=260038"}],"curies":[{"name":"wp","href":"https:\/\/api.w.org\/{rel}","templated":true}]}}