{"id":260040,"date":"2025-11-28T09:23:08","date_gmt":"2025-11-28T09:23:08","guid":{"rendered":"https:\/\/www.europesays.com\/es\/260040\/"},"modified":"2025-11-28T09:23:08","modified_gmt":"2025-11-28T09:23:08","slug":"los-duros-testimonios-de-rocio-flores-y-rocio-carrasco-que-explican-la-condena-de-dos-anos-de-prision-a-los-productores-de-salvame-por-revelacion-de-secretos-el-mundo","status":"publish","type":"post","link":"https:\/\/www.europesays.com\/es\/260040\/","title":{"rendered":"Los duros testimonios de Roc\u00edo Flores y Roc\u00edo Carrasco que explican la condena de dos a\u00f1os de prisi\u00f3n a los productores de S\u00e1lvame por &quot;revelaci\u00f3n de secretos&quot; &#8211; El Mundo"},"content":{"rendered":"<ol>\n<li><a href=\"https:\/\/news.google.com\/rss\/articles\/CBMif0FVX3lxTE5oU2FfMmFkd0VfaTR2ZTlmd1JVU3RYVWNxWm45MEFuTGlEUW04MVpNLWlEX0k5YTVDVnIzU0lCLXFkNlZXNlJXZ1RCOFRVX3pGTkZhajFobnEzbk5xaTZMWlYxM0xRMm9wXzBDLUlPSFR3MzdxU0d6aVBjc0YtTkXSAX9BVV95cUxOYUhVOUVkMmtSc1RBUDRWRUtlRGd1OXFjVkliaGxTNlFMeEZPSlItYmxrZTU2RzFUdnY0SktNR1RGblh4TlEwbERqTllpYWFTdDJ0RzFFNWdXT2xrVUtzM2dIeGZtRmgxRzdrVGdvN0JyZTIxdHZzLXJ1alBQYk1j?oc=5\" target=\"_blank\" rel=\"nofollow noopener\">Los duros testimonios de Roc\u00edo Flores y Roc\u00edo Carrasco que explican la condena de dos a\u00f1os de prisi\u00f3n a los productores de S\u00e1lvame por \u00abrevelaci\u00f3n de secretos\u00bb<\/a>&nbsp;&nbsp;El Mundo<\/li>\n<li><a href=\"https:\/\/news.google.com\/rss\/articles\/CBMirgJBVV95cUxNd2dhZkNFSlB1c29nekNOMW9VRVBZZmdraXFZZldldWpNUUcyN2dtY0M1MWhWTExWQlY4Y3dkVWRzMzN4NDBuSk9YRjFsMWZ2WmdNUHFqMHZuYkdHNXJ1STdBdll6dmgzdFgwRGVPNVhfUDdRVGo2WFRSeFB2cF9TV2RudHhzYzlYRXpuRzByN1oxQ1NhN1g3SzlpTnU5NTFveUFoTGFjSDl5aFE2Y3JNZlduM0dhWnpZeHRpRi1aVTZyN3FDVnlST1ZfWDlwRkY2d0JIeXU0azNGa085cVJFLXJRcll6X29melg4Q1ZvNG85NGR4alZ4ZXk3dVRoVG1NODB3MDc3T3F5RmJKcDdIalFudEl2OXZ2ckQxOXZTUFVrQ1RKanVJaS1peFUxQQ?oc=5\" target=\"_blank\" rel=\"nofollow noopener\">\u00d3scar Cornejo y Adri\u00e1n Madrid, productores de \u2018S\u00e1lvame\u2019 y \u2018Malas lenguas\u2019, condenados a dos a\u00f1os de prisi\u00f3n por difundir un episodio de Roc\u00edo Flores cuando era menor<\/a>&nbsp;&nbsp;EL PA\u00cdS<\/li>\n<li><a href=\"https:\/\/news.google.com\/rss\/articles\/CBMiwAFBVV95cUxQSW1iUGRCbndmQTFDYVJvZm84SnotVEs2TlRoek1LQ1ZfR2x1aEJ6cVU4SThTQ2ZaVTJpZ25XcmEwdjA1Q0RKeEREUHE0RXFGaV9jS3FicmJMT3NtSXpSTmxIbDNEb21wVlB0Y2laRHNyYkRDUzNnRW8yVmEtYTVrVDdCd1dBakxQMDlkM3VFRDdnYW52WU04N1ctb2RUZjdTUlExVWdnT0NpME90X3MwWUwxZVhnbjVQRUNMbmVpbkM?oc=5\" target=\"_blank\" rel=\"nofollow noopener\">Condenan a los dos m\u00e1ximos responsables de la productora de &#8216;S\u00e1lvame&#8217; por la docuserie de Roc\u00edo Carrasco<\/a>&nbsp;&nbsp;El Correo<\/li>\n<li><a href=\"https:\/\/news.google.com\/rss\/articles\/CBMiuwJBVV95cUxNYkN0c1dDVlRxZDhQTnZDMTZoTUpTdE5wRzFCcTFrUmhXQkpzaldGQ0tua08wbDB3dV96d3FkTzVXRnpDcUFoRk1pcmw0MnF1cHRER1ZKR0VNNlF6U3ZDTjJINEFBOUZicU1mSEQyZXlOSWdzRTkwcEc5R0N4UmpMMFlEeTZhdEpnUzBQcFRSY2J5b09OY05tOWw5UHlXektWMmVTMlNVakhFeVl1ZVlpbnN1WGRfS1ZVQ3pVY1R6TkROLUl6ZkpGTHkyLXZMRk1QN0FrMG05VWY5MjE3SzJmSHRxNkFPZUxOdVhFMlhvd2FLRHI2UUYzbE1YcEhxRTJyY0VLc1F3TTVHeWp2TU13NDlKZkdwSFZRMnhJZGhBeUk1b3J1d1FmZWZmcWhRSVlDcFZCLWgzdWtiNWPSAaYCQVVfeXFMTXBnNW96RS1NcDdjRlYyNHFjMmtCc01jUFJKOFQxY2R1MXBiT1llTzg1YTNTYmR0MnlfMzg0NGdZRVVGTUh0dl9TYTNIcENwNXNXYnRXOUhuZ2FXZTU5OVZ1RXlQd2JSRndpR0RRYUIzMTJCeWFlWDFWX3g0V08yM1J1X0wxYUUwVlJMTG1kSVQ2bWJNMDBiU2ZhVUcwb1VmTmw1RzN0Rk1JWkxmTUVoUTh6UHk4NUkwYTFqcHNSRnhPRUtxZUdDOTItYnVsYklLRzlZYjlGTmt3TlBidUdBdkwwVWhFUlNPRkhZaFQxQm1wZl9MUlE5UnN0YTdLQS0wUU5YbkdRN1VvM2RKc2F6YkN2SV9oQUpxUk56cnRXaWtLTlBNTEFB?oc=5\" target=\"_blank\" rel=\"nofollow noopener\">C\u00e1rcel para los productores de &#8216;Directo al Grano&#8217;: claves de la sentencia contra Cornejo y Madrid que compromete a RTVE<\/a>&nbsp;&nbsp;El Economista<\/li>\n<li><a href=\"https:\/\/news.google.com\/rss\/articles\/CBMi6gFBVV95cUxNclhVd011cFljLW92bXRpYm5KZ0tvdjM5ZENTcC1JdDdmZXJEYUtPOXF5eHdFeUtMSUoyTE93bENodWlJVlh1RVJYd3pKQm9ydkFMWnpqSWkydERGU0xjZy1RcVRuSVlHSDBIZzkxOUhDcjdPT0l0bWFyWmlyTEZLdTlLWGF0eVNkMnlXaW5uMVgzSm9lWm4ycldPUlgzdjhVcUtzUmdlN0hKaTg1R3hqZjRJQWRLYmVkdHZPekc3bzRhR2J2TEs4bERLNlNZdjdvSTk5Z1lfaWFNNS1rZWVOUnFUMVdLYXAzckHSAe8BQVVfeXFMTUNsTm5mX1FWNExoMmQ4cVdIYmo2VjV4Njlsd1dsaGU2SWZmYlRUUmJvX3p1emQ5UkhBM1BTSGRITWl5NUhUSUhMVXBFaFozUWxzY3RwYmpmU25LSzFfTHkwYWxLX3BJY2hLeHNBMFhVdFRjSjZsWXY2T1NqVkJzanUzbGhBVTBtR2dobDhRRW9Wek1XVGtvX0p3RmdOQ3VnZDB6NVZuWUx2YmdXZVRDdnRHSlVJR08zSnJCNGo0NXRVMnN4b2FSTXJjQ2NiU1FmaWYzSzVTcll4Uzh0cmQ1MVFnTG9mVE9UUnFUZndJeWM?oc=5\" target=\"_blank\" rel=\"nofollow noopener\">La Audiencia de Madrid condena a \u00d3scar Cornejo y Adri\u00e1n Madrid por revelar datos protegidos de Roc\u00edo Flores cuando era menor<\/a>&nbsp;&nbsp;La Vanguardia<\/li>\n<\/ol>\n","protected":false},"excerpt":{"rendered":"Los duros testimonios de Roc\u00edo Flores y Roc\u00edo Carrasco que explican la condena de dos a\u00f1os de prisi\u00f3n&hellip;\n","protected":false},"author":2,"featured_media":260041,"comment_status":"","ping_status":"","sticky":false,"template":"","format":"standard","meta":{"footnotes":""},"categories":[91],"tags":[146,147,25,24,3157,27816,23,692,807],"class_list":{"0":"post-260040","1":"post","2":"type-post","3":"status-publish","4":"format-standard","5":"has-post-thumbnail","7":"category-entretenimiento","8":"tag-entertainment","9":"tag-entretenimiento","10":"tag-es","11":"tag-espana","12":"tag-rocio-carrasco","13":"tag-rocio-flores","14":"tag-spain","15":"tag-telecinco","16":"tag-television"},"share_on_mastodon":{"url":"https:\/\/pubeurope.com\/@es\/115626600292567497","error":""},"_links":{"self":[{"href":"https:\/\/www.europesays.com\/es\/wp-json\/wp\/v2\/posts\/260040","targetHints":{"allow":["GET"]}}],"collection":[{"href":"https:\/\/www.europesays.com\/es\/wp-json\/wp\/v2\/posts"}],"about":[{"href":"https:\/\/www.europesays.com\/es\/wp-json\/wp\/v2\/types\/post"}],"author":[{"embeddable":true,"href":"https:\/\/www.europesays.com\/es\/wp-json\/wp\/v2\/users\/2"}],"replies":[{"embeddable":true,"href":"https:\/\/www.europesays.com\/es\/wp-json\/wp\/v2\/comments?post=260040"}],"version-history":[{"count":0,"href":"https:\/\/www.europesays.com\/es\/wp-json\/wp\/v2\/posts\/260040\/revisions"}],"wp:featuredmedia":[{"embeddable":true,"href":"https:\/\/www.europesays.com\/es\/wp-json\/wp\/v2\/media\/260041"}],"wp:attachment":[{"href":"https:\/\/www.europesays.com\/es\/wp-json\/wp\/v2\/media?parent=260040"}],"wp:term":[{"taxonomy":"category","embeddable":true,"href":"https:\/\/www.europesays.com\/es\/wp-json\/wp\/v2\/categories?post=260040"},{"taxonomy":"post_tag","embeddable":true,"href":"https:\/\/www.europesays.com\/es\/wp-json\/wp\/v2\/tags?post=260040"}],"curies":[{"name":"wp","href":"https:\/\/api.w.org\/{rel}","templated":true}]}}