{"id":260042,"date":"2025-11-28T09:24:08","date_gmt":"2025-11-28T09:24:08","guid":{"rendered":"https:\/\/www.europesays.com\/es\/260042\/"},"modified":"2025-11-28T09:24:08","modified_gmt":"2025-11-28T09:24:08","slug":"la-noche-internacional-de-observacion-de-la-luna-se-celebra-en-guadalajara-este-viernes-en-el-parque-vina-plana","status":"publish","type":"post","link":"https:\/\/www.europesays.com\/es\/260042\/","title":{"rendered":"La Noche Internacional de Observaci\u00f3n de la Luna se celebra en Guadalajara este viernes en el Parque Vi\u00f1a Plana"},"content":{"rendered":"<p><strong>El Ayuntamiento de Guadalajara, junto a la Asociaci\u00f3n AstroGuada, invita a los vecinos de Guadalajara a participar este viernes en una experiencia \u00fanica<\/strong><\/p>\n<p>El Ayuntamiento de Guadalajara invita a todos los vecinos a participar ma\u00f1ana, viernes 28 de noviembre, en la Noche Internacional de Observaci\u00f3n de la Luna, una cita global impulsada por la NASA y respaldada por instituciones cient\u00edficas de todo el mundo. El objetivo: mirar juntos hacia nuestro sat\u00e9lite y redescubrir su importancia en la vida cotidiana.<\/p>\n<p>La concejal de Educaci\u00f3n, Bego\u00f1a Garc\u00eda, ha explicado que, aunque la fecha oficial se celebr\u00f3 el pasado 31 de octubre, en Guadalajara se ha decidido trasladar el evento para garantizar la m\u00e1xima participaci\u00f3n y evitar coincidencias con otras actividades culturales. \u201cQueremos que esta experiencia la disfrute todo el mundo\u201d, ha se\u00f1alado.<\/p>\n<p>La actividad, organizada en colaboraci\u00f3n con la Asociaci\u00f3n AstroGuada, tendr\u00e1 lugar a partir de las 19:00 horas en el Parque Vi\u00f1a Plana, junto a la Ciudad de la Raqueta. Durante la jornada, los asistentes podr\u00e1n observar la Luna en su fase de cuarto creciente, considerada ideal para apreciar cr\u00e1teres y monta\u00f1as gracias al contraste de sombras. Adem\u00e1s, se ofrecer\u00e1n explicaciones divulgativas sobre la influencia de la Luna en fen\u00f3menos como las mareas y la estabilidad del eje terrestre.<\/p>\n<p>El evento contar\u00e1 con telescopios y material especializado cedido por AstroGuada, cuyos miembros guiar\u00e1n la observaci\u00f3n y compartir\u00e1n curiosidades astron\u00f3micas. \u201cVamos a observar la Luna en uno de los mejores momentos para hacerlo: estar\u00e1 en fase de cuarto creciente, aproximadamente al 50%. Esta fase es ideal porque se ve al inicio de la noche, lo que facilita la participaci\u00f3n del p\u00fablico. Adem\u00e1s, en cuarto creciente el Sol incide de forma oblicua sobre la superficie lunar, creando sombras que resaltan los cr\u00e1teres y las monta\u00f1as, ofreciendo una visi\u00f3n mucho m\u00e1s detallada y fascinante.\u201d, ha explicado Miguel Acebr\u00f3n, miembro fundador de la asociaci\u00f3n de Astroguada.<\/p>\n<p>\u201cSer\u00e1 tambi\u00e9n una oportunidad \u00fanica para ver Saturno con sus anillos en una posici\u00f3n excepcional, algo que ocurre cada 28 a\u00f1os, y tambi\u00e9n J\u00fapiter y otros objetos del cielo profundo\u201d, ha a\u00f1adido.<\/p>\n<p>Acebr\u00f3n ha subrayado que esta iniciativa busca fomentar la ciencia, despertar la curiosidad y disfrutar del cielo en familia. \u201cInvitamos a j\u00f3venes, mayores y especialmente a las familias con ni\u00f1os, porque la primera vez que se ve Saturno no se olvida nunca\u201d, ha afirmado Acebr\u00f3n.<\/p>\n<p>Aunque la previsi\u00f3n meteorol\u00f3gica apunta a posibles nubes, se espera que haya claros suficientes para disfrutar de la observaci\u00f3n. La actividad se prolongar\u00e1 hasta las 22:00 horas, con posibilidad de extenderse para quienes deseen seguir explorando el firmamento.<\/p>\n<p>\u201cOs esperamos para mirar la Luna con nuevos ojos y compartir una experiencia que une a miles de personas en todo el planeta\u201d, ha concluido la concejal de Educaci\u00f3n.<\/p>\n","protected":false},"excerpt":{"rendered":"El Ayuntamiento de Guadalajara, junto a la Asociaci\u00f3n AstroGuada, invita a los vecinos de Guadalajara a participar este&hellip;\n","protected":false},"author":2,"featured_media":260043,"comment_status":"","ping_status":"","sticky":false,"template":"","format":"standard","meta":{"footnotes":""},"categories":[81],"tags":[10605,7554,65034,1250,119,123,124,3008,158,420,25,24,7179,8009,439,8287,2326,1783,4417,1420,117,121,122,23,118,120,20877,3001,3096,381],"class_list":{"0":"post-260042","1":"post","2":"type-post","3":"status-publish","4":"format-standard","5":"has-post-thumbnail","7":"category-ciencia-y-tecnologia","8":"tag-a","9":"tag-asociacion","10":"tag-astroguada","11":"tag-ayuntamiento","12":"tag-ciencia","13":"tag-ciencia-y-tecnologia","14":"tag-cienciaytecnologia","15":"tag-de","16":"tag-el","17":"tag-en","18":"tag-es","19":"tag-espana","20":"tag-este","21":"tag-experiencia","22":"tag-guadalajara","23":"tag-invita","24":"tag-junto","25":"tag-la","26":"tag-los","27":"tag-participar","28":"tag-science","29":"tag-science-and-technology","30":"tag-scienceandtechnology","31":"tag-spain","32":"tag-technology","33":"tag-tecnologia","34":"tag-una","35":"tag-unica","36":"tag-vecinos","37":"tag-viernes"},"share_on_mastodon":{"url":"https:\/\/pubeurope.com\/@es\/115626604368679171","error":""},"_links":{"self":[{"href":"https:\/\/www.europesays.com\/es\/wp-json\/wp\/v2\/posts\/260042","targetHints":{"allow":["GET"]}}],"collection":[{"href":"https:\/\/www.europesays.com\/es\/wp-json\/wp\/v2\/posts"}],"about":[{"href":"https:\/\/www.europesays.com\/es\/wp-json\/wp\/v2\/types\/post"}],"author":[{"embeddable":true,"href":"https:\/\/www.europesays.com\/es\/wp-json\/wp\/v2\/users\/2"}],"replies":[{"embeddable":true,"href":"https:\/\/www.europesays.com\/es\/wp-json\/wp\/v2\/comments?post=260042"}],"version-history":[{"count":0,"href":"https:\/\/www.europesays.com\/es\/wp-json\/wp\/v2\/posts\/260042\/revisions"}],"wp:featuredmedia":[{"embeddable":true,"href":"https:\/\/www.europesays.com\/es\/wp-json\/wp\/v2\/media\/260043"}],"wp:attachment":[{"href":"https:\/\/www.europesays.com\/es\/wp-json\/wp\/v2\/media?parent=260042"}],"wp:term":[{"taxonomy":"category","embeddable":true,"href":"https:\/\/www.europesays.com\/es\/wp-json\/wp\/v2\/categories?post=260042"},{"taxonomy":"post_tag","embeddable":true,"href":"https:\/\/www.europesays.com\/es\/wp-json\/wp\/v2\/tags?post=260042"}],"curies":[{"name":"wp","href":"https:\/\/api.w.org\/{rel}","templated":true}]}}