{"id":260044,"date":"2025-11-28T09:25:08","date_gmt":"2025-11-28T09:25:08","guid":{"rendered":"https:\/\/www.europesays.com\/es\/260044\/"},"modified":"2025-11-28T09:25:08","modified_gmt":"2025-11-28T09:25:08","slug":"el-black-friday-marca-este-viernes-el-inicio-de-la-temporada-de-compras-navidenas","status":"publish","type":"post","link":"https:\/\/www.europesays.com\/es\/260044\/","title":{"rendered":"El Black Friday marca este viernes el inicio de la temporada de compras navide\u00f1as"},"content":{"rendered":"<p>El Black Friday marca este viernes el inicio de la Navidad desde el punto de vista comercial. El viernes negro, tradici\u00f3n americana importada hace ya  &#8230; bastantes a\u00f1os, se presenta en la provincia con descuentos de hasta el 50 por ciento en multitud de peque\u00f1os comercios y grandes cadenas. La celebraci\u00f3n coincidir\u00e1 en la capital con la inauguraci\u00f3n del alumbrado navide\u00f1o, lo que crear\u00e1 un gran ambiente festivo desde primeras horas en el Centro. <\/p>\n<p class=\"v-p\">Los malague\u00f1os esperan desde hace semanas la llegada de esta jornada de descuentos para realizar los primeros encargos navide\u00f1os a Pap\u00e1 Noel y a los Reyes Magos. Tanto es as\u00ed que ser\u00e1n los terceros que m\u00e1s gastar\u00e1n de toda Espa\u00f1a. Seg\u00fan un estudio elaborado por la Sociedad Espa\u00f1ola de Consumidores, los consumidores gastar\u00e1n alrededor de 245 euros en compras, cifra s\u00f3lo superada en Madrid y Barcelona. El estudio tambi\u00e9n indica que el 88% de las personas tiene previsto realizar alguna compra durante esta fecha.<\/p>\n<p class=\"v-p\">En la provincia se sumar\u00e1n a esta jornada pr\u00e1cticamente todas los centros comerciales, grandes cadenas y peque\u00f1os comercios de diferentes sectores. Los escaparates de las tiendas del Centro, de hecho, ya muestran desde hace d\u00edas r\u00f3tulos anunciando descuentos de hasta el 50 por ciento en art\u00edculos seleccionados. Y es que una de las realidades de esta jornada es que cada vez se prolonga m\u00e1s d\u00edas y muchos incluso hablan ya de una &#8216;black week&#8217;.<\/p>\n<p>Una jornada de descuentos agridulce<\/p>\n<p class=\"v-p\">Mientras los consumidores celebran esta jornada de descuentos para poder comprar a bajo precio, a muchos comercios no termina de resultarles atractiva al celebrarse en plena temporada alta. Tanto que un 30 por ciento de los peque\u00f1os comercios de la provincia han decidido no sumarse este a\u00f1o. <\/p>\n<p>\nLa federaci\u00f3n M\u00e1laga Comercio prev\u00e9 que las ventas aumenten un tres por ciento durante la campa\u00f1a de Navidad\n<\/p>\n<p class=\"v-p\">La presidenta de la federaci\u00f3n M\u00e1laga Comercio, Lorena Garc\u00eda, reconoce que el Black Friday lo ven \u00abcon cierto escepticismo porque se est\u00e1n anunciando campa\u00f1as muy agresivas contra las que los peque\u00f1os comercios no podemos competir\u00bb. En este sentido, considera que \u00abexiste una cierta competencia desleal\u00bb porque ellos no disponen de m\u00e1rgenes tan grandes como las cadenas.<\/p>\n<p class=\"v-p\">En esta misma l\u00ednea tambi\u00e9n se ha expresado el presidente de la Confederaci\u00f3n Comercio Andaluc\u00eda, Rafael Bados, quien ha advertido de que se trata de una campa\u00f1a que \u00abno est\u00e1 pensada para el peque\u00f1o y mediano comercio\u00bb, al considerar que obliga a competir con ofertas que no puede asumir y adelanta compras que suelen concentrarse en diciembre.<\/p>\n<p>Previsi\u00f3n para la Navidad<\/p>\n<p class=\"v-p\">Pese a todo, el sector comercial de M\u00e1laga afronta la campa\u00f1a de Navidad con optimismo y deseos de superaci\u00f3n. A nivel provincial, Lorena Garc\u00eda vaticina un aumento de la facturaci\u00f3n en torno al tres por ciento durante todo el periodo. \u00abTenemos confianza porque cada vez hay m\u00e1s personas concienciadas sobre el valor que les aportamos\u00bb. <\/p>\n<p class=\"v-p\">Pese a ese dato gen\u00e9rico, a\u00f1ade que no todos los sectores est\u00e1n funcionando al mismo ritmo. Dice que a la tecnolog\u00eda le va actualmente mucho mejor que a la ropa y al calzado, a los que les est\u00e1 costando algo m\u00e1s cuadrar las cuentas. \u00abEsperemos que se reactive un poco a partir de ahora porque estas ventas dependen mucho del clima\u00bb. <\/p>\n<p class=\"v-p\">Recuperando el estudio anterior, los malague\u00f1os ser\u00e1n los cuartos que m\u00e1s gasten de toda Espa\u00f1a durante las fiestas navide\u00f1as. La sociedad de consumidores apunta que estas ser\u00e1n las navidades m\u00e1s caras de la historia y que los malague\u00f1os gastar\u00e1n una media de 1.527 euros. Seg\u00fan las previsiones, s\u00f3lo ser\u00e1n superados por Madrid, Zaragoza y Vizcaya. <\/p>\n<p class=\"v-p\">Por apartados, los malague\u00f1os gastar\u00e1n 80 euros en loter\u00eda, 360 en alimentaci\u00f3n, 366 en regalos, 322 en juguetes, 265 en ocio y 134 en otros conceptos.<\/p>\n","protected":false},"excerpt":{"rendered":"El Black Friday marca este viernes el inicio de la Navidad desde el punto de vista comercial. El&hellip;\n","protected":false},"author":2,"featured_media":260045,"comment_status":"","ping_status":"","sticky":false,"template":"","format":"standard","meta":{"footnotes":""},"categories":[80],"tags":[1057,82,4593,95,94,25,24,58844,315,4712,3841,65035,23,1152],"class_list":{"0":"post-260044","1":"post","2":"type-post","3":"status-publish","4":"format-standard","5":"has-post-thumbnail","7":"category-economia","8":"tag-black","9":"tag-business","10":"tag-compras","11":"tag-economia","12":"tag-economy","13":"tag-es","14":"tag-espana","15":"tag-friday","16":"tag-hoy","17":"tag-inicio","18":"tag-marca","19":"tag-navidenas","20":"tag-spain","21":"tag-temporada"},"share_on_mastodon":{"url":"https:\/\/pubeurope.com\/@es\/115626608427624120","error":""},"_links":{"self":[{"href":"https:\/\/www.europesays.com\/es\/wp-json\/wp\/v2\/posts\/260044","targetHints":{"allow":["GET"]}}],"collection":[{"href":"https:\/\/www.europesays.com\/es\/wp-json\/wp\/v2\/posts"}],"about":[{"href":"https:\/\/www.europesays.com\/es\/wp-json\/wp\/v2\/types\/post"}],"author":[{"embeddable":true,"href":"https:\/\/www.europesays.com\/es\/wp-json\/wp\/v2\/users\/2"}],"replies":[{"embeddable":true,"href":"https:\/\/www.europesays.com\/es\/wp-json\/wp\/v2\/comments?post=260044"}],"version-history":[{"count":0,"href":"https:\/\/www.europesays.com\/es\/wp-json\/wp\/v2\/posts\/260044\/revisions"}],"wp:featuredmedia":[{"embeddable":true,"href":"https:\/\/www.europesays.com\/es\/wp-json\/wp\/v2\/media\/260045"}],"wp:attachment":[{"href":"https:\/\/www.europesays.com\/es\/wp-json\/wp\/v2\/media?parent=260044"}],"wp:term":[{"taxonomy":"category","embeddable":true,"href":"https:\/\/www.europesays.com\/es\/wp-json\/wp\/v2\/categories?post=260044"},{"taxonomy":"post_tag","embeddable":true,"href":"https:\/\/www.europesays.com\/es\/wp-json\/wp\/v2\/tags?post=260044"}],"curies":[{"name":"wp","href":"https:\/\/api.w.org\/{rel}","templated":true}]}}