{"id":260046,"date":"2025-11-28T09:26:09","date_gmt":"2025-11-28T09:26:09","guid":{"rendered":"https:\/\/www.europesays.com\/es\/260046\/"},"modified":"2025-11-28T09:26:09","modified_gmt":"2025-11-28T09:26:09","slug":"anticorrupcion-efectua-registros-en-la-oficina-y-el-apartamento-del-jefe-de-gabinete-presidencial-de-ucrania","status":"publish","type":"post","link":"https:\/\/www.europesays.com\/es\/260046\/","title":{"rendered":"Anticorrupci\u00f3n efect\u00faa registros en la oficina y el apartamento del jefe de gabinete presidencial de Ucrania"},"content":{"rendered":"<p>La Oficina Nacional Anticorrupci\u00f3n (NABU) y la Fiscal\u00eda Anticorrupci\u00f3n de Ucrania (SAP) est\u00e1 llevando a cabo este viernes registros al jefe de la oficina presidencial ucraniana, Andr\u00ed Yermak, en el marco de una de sus investigaciones, seg\u00fan ha anunciado la propia NABU en un breve comunicado. <\/p>\n<p>\u00abLa NABU y la SAP llevan a cabo medidas de investigaci\u00f3n, registros, al jefe de la oficina del presidente de Ucrania. Las medidas est\u00e1n autorizadas y se llevan a cabo en el marco de una investigaci\u00f3n\u00bb, se lee en la nota de la NABU, que a\u00f1ade que ofrecer\u00e1 m\u00e1s detalles en breve.<\/p>\n<p>Seg\u00fan la publicaci\u00f3n Dzerkalo Tyzhnia, los registros se han llevado a cabo en la oficina de Yermak y en el apartamento de la sede presidencial donde vive el <strong>principal consejero del presidente ucraniano, Volod\u00edmir Zelenski, desde el comienzo de la guerra<\/strong>.<\/p>\n<p>Supuesta trama de sobornos<\/p>\n<p>Los medios ucranianos relacionan estas medidas de la NABU contra la persona de m\u00e1s confianza del presidente con el caso abierto recientemente por la agencia contra una <strong>supuesta trama que cobraba en tiempos de guerra sobornos a contratistas <\/strong>de la empresa p\u00fablica de energ\u00eda at\u00f3mica.<\/p>\n<p>La trama, que estar\u00eda liderada por el exempresario y antiguo socio empresarial de Zelenski Timur Mindich, estar\u00eda integrada por el exministro de Energ\u00eda Herman Galushchenko y otros antiguos integrantes del gobierno. El jefe de la NABU, Sem\u00e9n Krivonos, dijo esta semana que las investigaciones sobre la trama continuar\u00edan y que <strong>la agencia preparaba nuevas imputaciones<\/strong>.<\/p>\n<p>Krivonos dijo tambi\u00e9n -en referencia a las delicadas negociaciones en que EE.UU. plante\u00f3 a Ucrania la posibilidad de ceder territorio a Rusia para poner fin a la guerra- que <strong>la investigaci\u00f3n no se ver\u00eda influenciada por cuestiones de \u00abgeopol\u00edtica\u00bb<\/strong>.<\/p>\n<p>En uno de sus discursos sobre el plan de paz alineado con las demandas rusas que present\u00f3 EE.UU. a Kiev,<strong> Zelenski hizo un llamamiento para enterrar las guerras internas y hacer frente com\u00fan <\/strong>para reforzar la posici\u00f3n ucraniana en las negociaciones. <\/p>\n<p>El presidente ucraniano intent\u00f3 en julio subordinar a la NABU al fiscal general, una figura nombrada por el poder ejecutivo sobre la que tiene control la presidencia. <\/p>\n<p>Esta maniobra finalmente frustrada por las protestas ciudadanas y la presi\u00f3n de los socios europeos de Kiev fue interpretada por muchos en Ucrania como un intento de Zelenski de parar investigaciones de la NABU que pod\u00edan afectar a su entorno inmediato.<\/p>\n","protected":false},"excerpt":{"rendered":"La Oficina Nacional Anticorrupci\u00f3n (NABU) y la Fiscal\u00eda Anticorrupci\u00f3n de Ucrania (SAP) est\u00e1 llevando a cabo este viernes&hellip;\n","protected":false},"author":2,"featured_media":260047,"comment_status":"","ping_status":"","sticky":false,"template":"","format":"standard","meta":{"footnotes":""},"categories":[42],"tags":[17,18,13,14,11,61,62,63,64,19,20,9,10,15,16,12,21,22,65,66,67],"class_list":{"0":"post-260046","1":"post","2":"type-post","3":"status-publish","4":"format-standard","5":"has-post-thumbnail","7":"category-internacional","8":"tag-breaking-news","9":"tag-breakingnews","10":"tag-featured-news","11":"tag-featurednews","12":"tag-headlines","13":"tag-internacional","14":"tag-international","15":"tag-international-news","16":"tag-internationalnews","17":"tag-latest-news","18":"tag-latestnews","19":"tag-news","20":"tag-noticias","21":"tag-noticias-destacadas","22":"tag-noticiasdestacadas","23":"tag-titulares","24":"tag-ultimas-noticias","25":"tag-ultimasnoticias","26":"tag-world","27":"tag-world-news","28":"tag-worldnews"},"share_on_mastodon":{"url":"https:\/\/pubeurope.com\/@es\/115626612557674558","error":""},"_links":{"self":[{"href":"https:\/\/www.europesays.com\/es\/wp-json\/wp\/v2\/posts\/260046","targetHints":{"allow":["GET"]}}],"collection":[{"href":"https:\/\/www.europesays.com\/es\/wp-json\/wp\/v2\/posts"}],"about":[{"href":"https:\/\/www.europesays.com\/es\/wp-json\/wp\/v2\/types\/post"}],"author":[{"embeddable":true,"href":"https:\/\/www.europesays.com\/es\/wp-json\/wp\/v2\/users\/2"}],"replies":[{"embeddable":true,"href":"https:\/\/www.europesays.com\/es\/wp-json\/wp\/v2\/comments?post=260046"}],"version-history":[{"count":0,"href":"https:\/\/www.europesays.com\/es\/wp-json\/wp\/v2\/posts\/260046\/revisions"}],"wp:featuredmedia":[{"embeddable":true,"href":"https:\/\/www.europesays.com\/es\/wp-json\/wp\/v2\/media\/260047"}],"wp:attachment":[{"href":"https:\/\/www.europesays.com\/es\/wp-json\/wp\/v2\/media?parent=260046"}],"wp:term":[{"taxonomy":"category","embeddable":true,"href":"https:\/\/www.europesays.com\/es\/wp-json\/wp\/v2\/categories?post=260046"},{"taxonomy":"post_tag","embeddable":true,"href":"https:\/\/www.europesays.com\/es\/wp-json\/wp\/v2\/tags?post=260046"}],"curies":[{"name":"wp","href":"https:\/\/api.w.org\/{rel}","templated":true}]}}