{"id":260048,"date":"2025-11-28T09:27:14","date_gmt":"2025-11-28T09:27:14","guid":{"rendered":"https:\/\/www.europesays.com\/es\/260048\/"},"modified":"2025-11-28T09:27:14","modified_gmt":"2025-11-28T09:27:14","slug":"el-presidente-aleman-pide-perdon-por-el-bombardeo-de-gernika-88-anos-despues-espana","status":"publish","type":"post","link":"https:\/\/www.europesays.com\/es\/260048\/","title":{"rendered":"El presidente alem\u00e1n pide perd\u00f3n por el bombardeo de Gernika 88 a\u00f1os despu\u00e9s | Espa\u00f1a"},"content":{"rendered":"<p class=\"\">El jefe del Estado alem\u00e1n, <a href=\"https:\/\/elpais.com\/noticias\/frank-walter-steinmeier\/\" target=\"_self\" rel=\"nofollow noopener\" title=\"https:\/\/elpais.com\/noticias\/frank-walter-steinmeier\/\">Frank-Walter Steinmeier,<\/a> protagonizar\u00e1 este viernes en Gernika un acto de profunda significaci\u00f3n hist\u00f3rica: la petici\u00f3n de perd\u00f3n a las v\u00edctimas del <a href=\"https:\/\/elpais.com\/espana\/2022-04-26\/el-bombardeo-de-gernika-el-principio-de-una-era-de-terror-que-culmina-en-mariupol.html\" target=\"_self\" rel=\"nofollow noopener\" title=\"https:\/\/elpais.com\/espana\/2022-04-26\/el-bombardeo-de-gernika-el-principio-de-una-era-de-terror-que-culmina-en-mariupol.html\">bombardeo de la villa vasca el 26 de abril de 1937<\/a> por parte de la Legi\u00f3n C\u00f3ndor, enviada por Hitler en apoyo de Franco. Gernika se convirti\u00f3 en un campo de pruebas de la Fuerza A\u00e9rea nazi de cara a la inminente Segunda Guerra Mundial y su destrucci\u00f3n qued\u00f3 inmortalizada en el hom\u00f3nimo cuadro de Pablo Picasso, que Steinmeier contempl\u00f3 el pasado mi\u00e9rcoles en el Museo Nacional Reina Sof\u00eda.<\/p>\n<p class=\"\">Alemania ya pidi\u00f3 perd\u00f3n en 1997, cuando el entonces presidente federal, Roman Herzog, remiti\u00f3 una carta en la que asum\u00eda la responsabilidad de su pa\u00eds en la matanza y ped\u00eda disculpas, pero Steinmeier ser\u00e1 el primero que lo haga personalmente, en el cementerio de Zallo, donde reposan los restos de las v\u00edctimas que fueron recuperadas tras el bombardeo, y en el Museo de la Paz de Gernika. El viaje al Pa\u00eds Vasco ser\u00e1 la culminaci\u00f3n de la visita de Estado de tres d\u00edas del presidente federal y su esposa, Elke B\u00fcdenbender. Durante su estancia en Espa\u00f1a, Steinmeier ha reconocido que la aviaci\u00f3n germana cometi\u00f3 \u201cgraves cr\u00edmenes\u201d en Gernika y que \u201cel horror y el duelo siguen vivos en muchas familias vascas\u201d.<\/p>\n<p class=\"\">El jefe del Estado alem\u00e1n viajar\u00e1 al Pa\u00eds Vasco acompa\u00f1ado por Felipe VI, que har\u00e1 su primera visita a Gernika. El \u00faltimo rey que estuvo all\u00ed fue su padre, Juan Carlos I, en 1991. Diez a\u00f1os antes, el 4 de febrero de 1981, <a href=\"https:\/\/elpais.com\/diario\/1981\/02\/05\/espana\/350175602_850215.html\" target=\"_self\" rel=\"nofollow noopener\" title=\"https:\/\/elpais.com\/diario\/1981\/02\/05\/espana\/350175602_850215.html\">el discurso del Monarca en la Casa de Juntas de Gernika fue abruptamente interrumpido<\/a> por los diputados abertzales, lo que gener\u00f3 un clima de fuerte tensi\u00f3n a menos de tres semanas del intento de golpe Estado del 23-F. Ahora, el partido de la izquierda nacionalista vasca, Bildu, ha anunciado que no acudir\u00e1 a los actos por considerar \u201chiriente\u201d la presencia de Felipe VI. <\/p>\n<p class=\"\">S\u00ed que estar\u00e1n presentes los dirigentes del Partido Socialista, el PNV, el PP y Sumar y el lehendakari vasco, <a href=\"https:\/\/elpais.com\/noticias\/imanol-pradales-gil\/\" target=\"_self\" rel=\"nofollow noopener\" title=\"https:\/\/elpais.com\/noticias\/imanol-pradales-gil\/\">Imanol Pradales<\/a>, quien ofrecer\u00e1 una recepci\u00f3n al presidente alem\u00e1n en el Palacio de Ajuria Enea y participar\u00e1 en el homenaje a las v\u00edctimas de la Guerra Civil en el cementerio de Zallo y en el Museo de la Paz de Gernika. Est\u00e1 previsto que Steinmeier y Felipe VI se re\u00fanan con dos nonagenarias supervivientes del bombardeo, Crucita Etxabe y Mari Carmen Aguirre. El mi\u00e9rcoles, en la cena que ofreci\u00f3 al presidente germano en el Palacio Real, el Rey le expres\u00f3 su reconocimiento y gratitud por el \u201cgesto de profundo calado simb\u00f3lico y de concordia\u201d que supone su visita a Gernika, \u201cun recordatorio del horror al que conducen los totalitarismos\u201d, apostill\u00f3. <\/p>\n<p class=\"\">El pasado d\u00eda 21, Pradales pidi\u00f3 desde la tribuna del Parlamento vasco que el Estado espa\u00f1ol tambi\u00e9n haga un acto de reparaci\u00f3n y reconocimiento por el agravio cometido por la dictadura franquista y \u201clas injusticias sufridas por Euskadi\u201d en el pasado.<\/p>\n<p class=\"\">Este jueves el presidente del Gobierno, Pedro S\u00e1nchez, ha recibido a Steinmeier en La Moncloa, donde le ha agradecido su visita a Gernika. S\u00e1nchez ha reconocido \u201cel compromiso de Alemania con la cultura de la memoria [\u2026] que Espa\u00f1a tambi\u00e9n est\u00e1 profundizando en el 50\u00ba aniversario de la muerte del dictador Franco\u201d, seg\u00fan fuentes de La Moncloa. \u201cAmbos han compartido su preocupaci\u00f3n por el auge de los extremismos en Europa y han subrayado la importancia de que las fuerzas democr\u00e1ticas act\u00faen con unidad y con soluciones constructivas para proteger los valores europeos\u201d, agregaron las mismas fuentes. <\/p>\n<p class=\"\">Tras su visita a Gernika, el jefe del Estado alem\u00e1n acudir\u00e1 este viernes al <a href=\"https:\/\/elpais.com\/noticias\/museo-guggenheim-bilbao\/\" target=\"_self\" rel=\"nofollow noopener\" title=\"https:\/\/elpais.com\/noticias\/museo-guggenheim-bilbao\/\">Museo Guggengheim de Bilbao<\/a> antes de regresar a su pa\u00eds. <\/p>\n","protected":false},"excerpt":{"rendered":"El jefe del Estado alem\u00e1n, Frank-Walter Steinmeier, protagonizar\u00e1 este viernes en Gernika un acto de profunda significaci\u00f3n hist\u00f3rica:&hellip;\n","protected":false},"author":2,"featured_media":260049,"comment_status":"","ping_status":"","sticky":false,"template":"","format":"standard","meta":{"footnotes":""},"categories":[8],"tags":[1660,17,18,25,24,13,14,11439,64754,65036,11,19,20,1472,9,10,15,16,264,15488,23,12,21,22],"class_list":{"0":"post-260048","1":"post","2":"type-post","3":"status-publish","4":"format-standard","5":"has-post-thumbnail","7":"category-espana","8":"tag-alemania","9":"tag-breaking-news","10":"tag-breakingnews","11":"tag-es","12":"tag-espana","13":"tag-featured-news","14":"tag-featurednews","15":"tag-felipe-vi","16":"tag-frank-walter-steinmeier","17":"tag-guernica-y-luno","18":"tag-headlines","19":"tag-latest-news","20":"tag-latestnews","21":"tag-memoria-historica","22":"tag-news","23":"tag-noticias","24":"tag-noticias-destacadas","25":"tag-noticiasdestacadas","26":"tag-pais-vasco","27":"tag-politica-exterior","28":"tag-spain","29":"tag-titulares","30":"tag-ultimas-noticias","31":"tag-ultimasnoticias"},"share_on_mastodon":{"url":"https:\/\/pubeurope.com\/@es\/115626616154939298","error":""},"_links":{"self":[{"href":"https:\/\/www.europesays.com\/es\/wp-json\/wp\/v2\/posts\/260048","targetHints":{"allow":["GET"]}}],"collection":[{"href":"https:\/\/www.europesays.com\/es\/wp-json\/wp\/v2\/posts"}],"about":[{"href":"https:\/\/www.europesays.com\/es\/wp-json\/wp\/v2\/types\/post"}],"author":[{"embeddable":true,"href":"https:\/\/www.europesays.com\/es\/wp-json\/wp\/v2\/users\/2"}],"replies":[{"embeddable":true,"href":"https:\/\/www.europesays.com\/es\/wp-json\/wp\/v2\/comments?post=260048"}],"version-history":[{"count":0,"href":"https:\/\/www.europesays.com\/es\/wp-json\/wp\/v2\/posts\/260048\/revisions"}],"wp:featuredmedia":[{"embeddable":true,"href":"https:\/\/www.europesays.com\/es\/wp-json\/wp\/v2\/media\/260049"}],"wp:attachment":[{"href":"https:\/\/www.europesays.com\/es\/wp-json\/wp\/v2\/media?parent=260048"}],"wp:term":[{"taxonomy":"category","embeddable":true,"href":"https:\/\/www.europesays.com\/es\/wp-json\/wp\/v2\/categories?post=260048"},{"taxonomy":"post_tag","embeddable":true,"href":"https:\/\/www.europesays.com\/es\/wp-json\/wp\/v2\/tags?post=260048"}],"curies":[{"name":"wp","href":"https:\/\/api.w.org\/{rel}","templated":true}]}}