{"id":260050,"date":"2025-11-28T09:28:12","date_gmt":"2025-11-28T09:28:12","guid":{"rendered":"https:\/\/www.europesays.com\/es\/260050\/"},"modified":"2025-11-28T09:28:12","modified_gmt":"2025-11-28T09:28:12","slug":"las-stellar-girls-y-lola-martinez-encienden-la-navidad-en-rivas","status":"publish","type":"post","link":"https:\/\/www.europesays.com\/es\/260050\/","title":{"rendered":"Las Stellar Girls y Lola Mart\u00ednez encienden la Navidad en Rivas"},"content":{"rendered":"<p>M\u00e1s informaci\u00f3n<\/p>\n<p> <a href=\"https:\/\/www.rivasciudad.es\/noticias\/ciudad\/2021\/02\/05\/el-tractor-de-pepe-la-pala-contra-la-nieve\/862600153140\/\" rel=\"nofollow noopener\" target=\"_blank\"> <img loading=\"lazy\" decoding=\"async\" src=\"https:\/\/www.europesays.com\/es\/wp-content\/uploads\/2025\/11\/Pepe-y-su-tractor-600x400.jpg\" width=\"600\" height=\"400\" alt=\"El tractor de Pepe: la pala contra la nieve de Filomena\"\/> <\/a> <a href=\"https:\/\/www.rivasciudad.es\/noticias\/ciudad\/2021\/02\/04\/la-nevada-historica-que-cubrio-rivas\/862600153250\/\" rel=\"nofollow noopener\" target=\"_blank\"> <img loading=\"lazy\" decoding=\"async\" src=\"https:\/\/www.europesays.com\/es\/wp-content\/uploads\/2025\/11\/Nevada-palmera-600x400.jpg\" width=\"600\" height=\"400\" alt=\"La nevada hist\u00f3rica que cubri\u00f3 Rivas\"\/> <\/a><\/p>\n<p><strong>S\u00c1BADO 29 NOVIEMBRE \/ 16.00.<\/strong><br \/><strong>Encendido de luces: 18.00.<\/strong><br \/><strong>Plaza de la Constituci\u00f3n. <\/strong><\/p>\n<p>La Navidad, en Rivas, se enciende el s\u00e1bado 29 de noviembre. Y lo har\u00e1n las <a href=\"https:\/\/www.rivasciudad.es\/noticias\/educacion\/2025\/05\/26\/las-tecnochicas-de-rivas-a-la-semifinal-mundial-con-su-app-de-lufa\/862600252056\/\" rel=\"nofollow noopener\" target=\"_blank\">Stellar Girls<\/a> -el grupo de tres estudiantes que quedaron finalistas mundiales en el concurso internacional Technovation Girls- y la breaker Lola Mart\u00ednez, la <a href=\"https:\/\/www.rivasciudad.es\/noticias\/deporte\/2024\/12\/13\/lola-martinez-primera-espanola-en-bailar-en-una-final-de-la-red-bull-bc-one\/862600241700\/\" rel=\"nofollow noopener\" target=\"_blank\">primera espa\u00f1ola en bailar en una final mundial<\/a> de la Red Bull BC One, la competici\u00f3n de break m\u00e1s prestigiosa del planeta. La juventud ripense encendiendo la Navidad en su ciudad.<\/p>\n<p>Como viene siendo tradici\u00f3n, la plaza de la Constituci\u00f3n acoge actividades culturales y l\u00fadicas desde las 16.00, congregando a centenares de familias que disfrutan de una jornada festiva. La tarde contar\u00e1 con actividades de animaci\u00f3n y circo, talleres infantiles, chocolatada, peque\u00f1os fuegos artificiales y actuaci\u00f3n musical de la Escuela Municipal de M\u00fasica, con su coro infantil-juvenil y el aula de Educaci\u00f3n Vocal y Auditiva, a cargo de Catalina Rivada, y el conjunto de violines, dirigido por Manuel Donoso.<\/p>\n<p>A las 18.00, cuando se accione el bot\u00f3n, se encender\u00e1 el alumbrado de la plaza, sus edificios municipales y los elementos singulares decorativos que se instalan en el espacio p\u00fablico. Y tambi\u00e9n las luces de toda la ciudad y centros comerciales colaboradores.<\/p>\n<p>Esta campa\u00f1a realza, adem\u00e1s, la importancia del comercio de proximidad en la ciudad, promoviendo el consumo en los negocios ripenses. \u201cEn Rivas tenemos de todo y para todas y todos, tambi\u00e9n en Navidad\u201d, se\u00f1alan desde la Concejal\u00eda Desarrollo Econ\u00f3mico y Empleo.<\/p>\n<p>Entre los eventos navide\u00f1os municipales m\u00e1s destacados, adem\u00e1s de los espect\u00e1culos familiares y el concierto de A\u00f1o Nuevo que se suceden en el auditorio Pilar Bardem, destacan la yincana Rivas Jones (s\u00e1bado 13 diciembre, con la novedad que los cinco centros de educaci\u00f3n primaria que tengan m\u00e1s participantes recibir\u00e1n un cheque regalo de 100euros cada uno) o el mercado n\u00f3mada (domingos 14 y 21 de diciembre, en el barrio de La Luna, frente a la ciudad educativa municipal Hipatia, y el barrio Centro, en la calle de Clara S\u00e1nchez esquina de la avenida de Pablo Iglesias) o el concurso de escaparates del comercio local.<\/p>\n<p>Adem\u00e1s se organiza un sorteo digital que reparte 7.000 euros en premios en forma de vales de 100 euros para comprar en el comercio local. Y por segundo a\u00f1o consecutivo vuelve Rivas Noel, un juego de preguntas en los\u00a0\u00a0centros comerciales y establecimientos adheridos a la campa\u00f1a \u2018Vivir Rivas, vivir la Navidad, comprando cerca\u2019 con 25 sorteos diarios. En total, se pondr\u00e1n en circulaci\u00f3n 20.000 euros en premios, cheques y bonos para canjear en los comercios que participan en la Campa\u00f1a de Navidad de Rivas.<\/p>\n","protected":false},"excerpt":{"rendered":"M\u00e1s informaci\u00f3n S\u00c1BADO 29 NOVIEMBRE \/ 16.00.Encendido de luces: 18.00.Plaza de la Constituci\u00f3n. La Navidad, en Rivas, se&hellip;\n","protected":false},"author":2,"featured_media":231662,"comment_status":"","ping_status":"","sticky":false,"template":"","format":"standard","meta":{"footnotes":""},"categories":[5],"tags":[17,18,25,24,13,14,11,19,20,9,10,15,16,23,12,21,22],"class_list":{"0":"post-260050","1":"post","2":"type-post","3":"status-publish","4":"format-standard","5":"has-post-thumbnail","7":"category-titulares","8":"tag-breaking-news","9":"tag-breakingnews","10":"tag-es","11":"tag-espana","12":"tag-featured-news","13":"tag-featurednews","14":"tag-headlines","15":"tag-latest-news","16":"tag-latestnews","17":"tag-news","18":"tag-noticias","19":"tag-noticias-destacadas","20":"tag-noticiasdestacadas","21":"tag-spain","22":"tag-titulares","23":"tag-ultimas-noticias","24":"tag-ultimasnoticias"},"share_on_mastodon":{"url":"https:\/\/pubeurope.com\/@es\/115626620868399459","error":""},"_links":{"self":[{"href":"https:\/\/www.europesays.com\/es\/wp-json\/wp\/v2\/posts\/260050","targetHints":{"allow":["GET"]}}],"collection":[{"href":"https:\/\/www.europesays.com\/es\/wp-json\/wp\/v2\/posts"}],"about":[{"href":"https:\/\/www.europesays.com\/es\/wp-json\/wp\/v2\/types\/post"}],"author":[{"embeddable":true,"href":"https:\/\/www.europesays.com\/es\/wp-json\/wp\/v2\/users\/2"}],"replies":[{"embeddable":true,"href":"https:\/\/www.europesays.com\/es\/wp-json\/wp\/v2\/comments?post=260050"}],"version-history":[{"count":0,"href":"https:\/\/www.europesays.com\/es\/wp-json\/wp\/v2\/posts\/260050\/revisions"}],"wp:featuredmedia":[{"embeddable":true,"href":"https:\/\/www.europesays.com\/es\/wp-json\/wp\/v2\/media\/231662"}],"wp:attachment":[{"href":"https:\/\/www.europesays.com\/es\/wp-json\/wp\/v2\/media?parent=260050"}],"wp:term":[{"taxonomy":"category","embeddable":true,"href":"https:\/\/www.europesays.com\/es\/wp-json\/wp\/v2\/categories?post=260050"},{"taxonomy":"post_tag","embeddable":true,"href":"https:\/\/www.europesays.com\/es\/wp-json\/wp\/v2\/tags?post=260050"}],"curies":[{"name":"wp","href":"https:\/\/api.w.org\/{rel}","templated":true}]}}