{"id":260053,"date":"2025-11-28T09:36:09","date_gmt":"2025-11-28T09:36:09","guid":{"rendered":"https:\/\/www.europesays.com\/es\/260053\/"},"modified":"2025-11-28T09:36:09","modified_gmt":"2025-11-28T09:36:09","slug":"que-no-le-caiga-una-cabeza-de-cerdo-como-a-figo","status":"publish","type":"post","link":"https:\/\/www.europesays.com\/es\/260053\/","title":{"rendered":"\u201cQue no le caiga una cabeza de cerdo como a Figo\u2026\u201d"},"content":{"rendered":"<p data-gtm-element-container=\"modulo-texto-link\" class=\"paragraph\">Falta ya justo una semana para que la NBA sea testigo del cap\u00edtulo m\u00e1s morboso de una historia de traici\u00f3n de la que es c\u00f3mplice<strong> Luka Doncic:<\/strong> el viernes que viene el ex de los Celtics <strong>Marcus Smart<\/strong> comparecer\u00e1 en el Garden de Boston vestido con el p\u00farpura y oro de los Lakers por primera vez. Como si un jugador del <strong>Real Madrid<\/strong> se presentara al Camp Nou a jugar contra el <strong>Bar\u00e7a<\/strong> despu\u00e9s de haber sido azulgrana ahora que las tornas han cambiado y el Real Madrid de la NBA haya pasado a ser el conjunto angelino \u2018por culpa\u2019 de Doncic.\u00a0<\/p>\n<p data-gtm-element-container=\"modulo-texto-link\" class=\"paragraph\">Smart era un Celtic de pura cepa, drafteado por el conjunto de Massachusetts el 6 en 2014 y un base que, con su noble car\u00e1cter pele\u00f3n, sent\u00eda la camiseta de Boston y parec\u00eda predestinado a ser un one-club man de los que ya no quedan de verde. Hasta el bueno de Marcus se lleg\u00f3 a te\u00f1ir su pelo del color del equipo de sus amores. Verde que te quiero verde.\u00a0<\/p>\n<p>            <img loading=\"lazy\" decoding=\"async\" data-full-src=\"https:\/\/www.mundodeportivo.com\/uploads\/2018\/10\/27\/60e7e6f22a998.jpeg\" alt=\"Horizontal\" width=\"449\" height=\"220\" src=\"https:\/\/www.europesays.com\/es\/wp-content\/uploads\/2025\/11\/60e7e6f22a998.r_d.703-258-6726.jpeg\" class=\"lazy\"\/><\/p>\n<p>            \ud83d\udca5<\/p>\n<p>    S\u00edmbolo de una traici\u00f3n<br \/>\nEl c\u00e9lebre cochinillo a Figo<\/p>\n<p data-gtm-element-container=\"modulo-texto-link\" class=\"paragraph\">Sin embargo, la historia de idilio entre Smart y los Celtics padeci\u00f3 un giro abrupto en 2023 y despu\u00e9s de que el base hubiera jugado en el Garden durante casi una d\u00e9cada. En pos de mejorar el roster para ganar el anillo, la franquicia de Massachusetts sacrific\u00f3 a una de sus vacas sagradas al utilizar a Marcus Smart como moneda de cambio para obtener a <strong>Kristaps Porzingis<\/strong> en el traspaso a tres bandas entre Celtics, Memphis Grizzlies y Washington Wizards.\u00a0<\/p>\n<p data-gtm-element-container=\"modulo-texto-link\" class=\"paragraph\">Boston, donde ahora juega el tambi\u00e9n ex del Real Madrid <strong>Hugo Gonz\u00e1lez,<\/strong> acab\u00f3 ganando el anillo en 2024 para dolor para los ojos de Smart, que se qued\u00f3 sin formar parte de la culminaci\u00f3n de la misi\u00f3n para la que hab\u00eda estado trabajando durante a\u00f1os. Meses despu\u00e9s, en febrero de 2025, acababa en un cementerio de estrellas como Washington, por donde han pasado otros astros venidos a menos como <strong>Kyle Kuzma<\/strong> y <strong>Jordan Poole.\u00a0<\/strong><\/p>\n<p>            <img loading=\"lazy\" decoding=\"async\" data-full-src=\"https:\/\/www.mundodeportivo.com\/uploads\/2023\/05\/26\/64703906d4963.jpeg\" alt=\"Horizontal\" width=\"449\" height=\"220\" src=\"https:\/\/www.europesays.com\/es\/wp-content\/uploads\/2025\/11\/64703906d4963.r_d.3003-1885.jpeg\" class=\"lazy\"\/><\/p>\n<p>            \u2618\ufe0f<\/p>\n<p>    Marcus Smart, llamado a ser Celtic de por vida<\/p>\n<p data-gtm-element-container=\"modulo-texto-link\" class=\"paragraph\">Sin embargo, lo de los Wizards se qued\u00f3 por fortuna para Smart en un purgatorio del que le sac\u00f3 Luka Doncic: el ex del Real Madrid pidi\u00f3 personalmente a los Lakers que le trajeran al base estadounidense para reforzar el roster con todo un <strong>Defensor del A\u00f1o.<\/strong> Dos d\u00edas despu\u00e9s de que Marcus Smart rescindiera su contrato con Washington, los de p\u00farpura y oro le firmaban en julio por dos a\u00f1os y 11 millones.\u00a0<\/p>\n<blockquote class=\"twitter-tweet\" data-lang=\"es\"><p>\n<a href=\"https:\/\/twitter.com\/habemusfutbol10\/status\/1985360724915597554?s=46\" rel=\"nofollow noopener\" target=\"_blank\">\n<\/p><\/blockquote>\n<p data-gtm-element-container=\"modulo-texto-link\" class=\"paragraph\">Doncic instigaba la salvaci\u00f3n de Smart como jugador -en pleno auge a sus <strong>31 a\u00f1os<\/strong>-, pero tambi\u00e9n una traici\u00f3n al estilo Bar\u00e7a &#8211; Real Madrid al pasar el base de jugar de los Celtics a los Lakers aunque con el paso intermedio por Grizzlies y Wizards. Pero, si bien su fichaje por los de p\u00farpura y oro pudo ser un acto vengativo, Smart se fue de Boston porque le obligaron al contrario que lo que hizo un <strong>Luis Figo <\/strong>que traicion\u00f3 al FC Barcelona por voluntad propia.\u00a0<\/p>\n<blockquote class=\"twitter-tweet\" data-lang=\"es\"><p>\n<a href=\"https:\/\/twitter.com\/manoloburgos72\/status\/1947040317623914574?s=46\" rel=\"nofollow noopener\" target=\"_blank\">\n<\/p><\/blockquote>\n<p data-gtm-element-container=\"modulo-texto-link\" class=\"paragraph\">Bromeando con la comparaci\u00f3n de MD de las mayores rivalidades de la Liga y la NBA, el usuario de X Manolo Burgos recordaba lo que le pas\u00f3 con Figo en el<strong> Camp Nou<\/strong> en 2002 despu\u00e9s de traicionar al FC Barcelona de la peor manera: \u201cComparable a lo de Figo, esp\u00e9rate que no caiga una cabeza de cerdo en el TD Garden cuando juegue Smart\u201d, dijo el mencionado usuario.<\/p>\n<p data-gtm-element-container=\"modulo-texto-link\" class=\"paragraph\">Cuentan que la historia de aquella cabeza de cochinillo tuvo su origen en una comida que los <strong>Boixos Nois<\/strong> hicieron en casa de un miembro el d\u00eda del partido. La madre del miembro en cuesti\u00f3n hizo cochinillo y alguien tuvo la idea de llevarse la cabeza al Cl\u00e1sico.\u00a0<\/p>\n<p>    Lee tambi\u00e9n<\/p>\n<p data-gtm-element-container=\"modulo-texto-link\" class=\"paragraph\">Pero, historias aparte, y siendo poco probable que el ambiente hostil de Boston llegue al punto de arrojar una cabeza de cerdo a Smart, el base de los Lakers acabar\u00e1 de perpetrar su grave acto de infidelidad a sus ex Celtics. <strong>\u00bfCrees que es una traici\u00f3n comparable a la de Figo?<\/strong><\/p>\n<p><script async src=\"https:\/\/platform.twitter.com\/widgets.js\" charset=\"utf-8\"><\/script><\/p>\n","protected":false},"excerpt":{"rendered":"Falta ya justo una semana para que la NBA sea testigo del cap\u00edtulo m\u00e1s morboso de una historia&hellip;\n","protected":false},"author":2,"featured_media":260054,"comment_status":"","ping_status":"","sticky":false,"template":"","format":"standard","meta":{"footnotes":""},"categories":[269],"tags":[299,298,168,25,24,23,167],"class_list":{"0":"post-260053","1":"post","2":"type-post","3":"status-publish","4":"format-standard","5":"has-post-thumbnail","7":"category-baloncesto","8":"tag-baloncesto","9":"tag-basketball","10":"tag-deportes","11":"tag-es","12":"tag-espana","13":"tag-spain","14":"tag-sports"},"share_on_mastodon":{"url":"https:\/\/pubeurope.com\/@es\/115626651875719863","error":""},"_links":{"self":[{"href":"https:\/\/www.europesays.com\/es\/wp-json\/wp\/v2\/posts\/260053","targetHints":{"allow":["GET"]}}],"collection":[{"href":"https:\/\/www.europesays.com\/es\/wp-json\/wp\/v2\/posts"}],"about":[{"href":"https:\/\/www.europesays.com\/es\/wp-json\/wp\/v2\/types\/post"}],"author":[{"embeddable":true,"href":"https:\/\/www.europesays.com\/es\/wp-json\/wp\/v2\/users\/2"}],"replies":[{"embeddable":true,"href":"https:\/\/www.europesays.com\/es\/wp-json\/wp\/v2\/comments?post=260053"}],"version-history":[{"count":0,"href":"https:\/\/www.europesays.com\/es\/wp-json\/wp\/v2\/posts\/260053\/revisions"}],"wp:featuredmedia":[{"embeddable":true,"href":"https:\/\/www.europesays.com\/es\/wp-json\/wp\/v2\/media\/260054"}],"wp:attachment":[{"href":"https:\/\/www.europesays.com\/es\/wp-json\/wp\/v2\/media?parent=260053"}],"wp:term":[{"taxonomy":"category","embeddable":true,"href":"https:\/\/www.europesays.com\/es\/wp-json\/wp\/v2\/categories?post=260053"},{"taxonomy":"post_tag","embeddable":true,"href":"https:\/\/www.europesays.com\/es\/wp-json\/wp\/v2\/tags?post=260053"}],"curies":[{"name":"wp","href":"https:\/\/api.w.org\/{rel}","templated":true}]}}