{"id":260059,"date":"2025-11-28T09:39:14","date_gmt":"2025-11-28T09:39:14","guid":{"rendered":"https:\/\/www.europesays.com\/es\/260059\/"},"modified":"2025-11-28T09:39:14","modified_gmt":"2025-11-28T09:39:14","slug":"amanece-con-pintadas-el-mural-del-guernica-de-picasso-en-el-dia-del-perdon-de-alemania-por-el-bombardeo-nazi","status":"publish","type":"post","link":"https:\/\/www.europesays.com\/es\/260059\/","title":{"rendered":"Amanece con pintadas el mural del &#8216;Guernica&#8217; de Picasso en el d\u00eda del perd\u00f3n de Alemania por el bombardeo nazi"},"content":{"rendered":"<p class=\"article-text\">\n        El mural con el &#8216;Guernica&#8217; de Pablo Picasso emplazado en las calles de Gernika como reclamaci\u00f3n para que sea exhibido en Bizkaia y como un recuerdo m\u00e1s al bombardeo nazi de 1937 ha amanecido este viernes con pintadas contra la presencia del rey de Espa\u00f1a en el acto de petici\u00f3n de perd\u00f3n por la masacre que realizar\u00e1 el presidente de Alemania, Frank-Walter Steinmeier. \u201cErregea kanpora. Pedirnos perd\u00f3n. Queremos libertad\u201d, figura con pintura verde sobre la pieza.\n    <\/p>\n<p>    <a href=\"https:\/\/www.eldiario.es\/euskadi\/bombardeo-gernika-huellas-paso-nazi-vitoria-urbina-bilbao-donostia-e-irun_1_12801423.html\" data-mrf-recirculation=\"saber-mas\" data-dl-event=\"saber-mas\" rel=\"nofollow noopener\" target=\"_blank\"><\/p>\n<p class=\"know-more__title\">M\u00e1s all\u00e1 del bombardeo de Gernika: las otras huellas del paso nazi por Vitoria, Urbina, Bilbao, Donostia e Ir\u00fan<\/p>\n<p>            <img decoding=\"async\" class=\"lazy\" loading=\"lazy\" data-src=\"https:\/\/static.eldiario.es\/clip\/c1398d70-9c90-422b-a191-a22b2c20fc6f_16-9-aspect-ratio_default_0.jpg\" src=\"data:image\/svg+xml,%3Csvg xmlns=\" http:=\"\" viewbox=\"0 0 880 495\" alt=\"M\u00e1s all\u00e1 del bombardeo de Gernika: las otras huellas del paso nazi por Vitoria, Urbina, Bilbao, Donostia e Ir\u00fan\"\/><\/p>\n<p>                        <\/a><\/p>\n<p class=\"article-text\">\n        Los hechos han sido denunciados por el presidente del PNV en Bizkaia, I\u00f1igo Ansola. \u201cEducar en el odio e impulsar la cultura de la violencia acarrea este tipo de cosas. Se insulta nuestra memoria\u201d, ha escrito en euskera en X. Y ha a\u00f1adido, ya en castellano, que \u201cutilizar un s\u00edmbolo de paz como es Gernika es inaceptable\u201d.\n    <\/p>\n<p>                    elDiario.es\/Euskadi<\/p>\n<p class=\"article-text\">\n        \u00bfNos sigues en redes sociales? elDiario.es\/Euskadi est\u00e1 en\u00a0<a href=\"https:\/\/bsky.app\/profile\/eldiarioeus.bsky.social\" target=\"_blank\" data-mrf-recirculation=\"links-noticia\" class=\"link\" rel=\"nofollow noopener\">Bluesky<\/a>,\u00a0<a href=\"https:\/\/twitter.com\/eldiarioeus\" target=\"_blank\" data-mrf-recirculation=\"links-noticia\" class=\"link\" rel=\"nofollow noopener\">X<\/a>\u00a0e\u00a0<a href=\"https:\/\/www.instagram.com\/eldiarioeus\/\" target=\"_blank\" data-mrf-recirculation=\"links-noticia\" class=\"link\" rel=\"nofollow noopener\">Instagram<\/a>. Y te enviamos alertas informativas por\u00a0<a href=\"https:\/\/telegram.me\/eldiarioeus\" target=\"_blank\" data-mrf-recirculation=\"links-noticia\" class=\"link\" rel=\"nofollow noopener\">Telegram<\/a>\u00a0y\u00a0<a href=\"https:\/\/www.whatsapp.com\/channel\/0029Va9Dx2MLNSZzLvNjNr3P\" target=\"_blank\" data-mrf-recirculation=\"links-noticia\" class=\"link\" rel=\"nofollow noopener\">WhatsApp<\/a>. Cada semana, te enviamos un bolet\u00edn a tu correo electr\u00f3nico. \u00a1<a href=\"https:\/\/usuarios.eldiario.es\/boletines?_gl=1*pa2ll6*_gcl_au*MTk0OTg1OTU2Mi4xNzMwMTk3MDYx*_ga*Njk1MjI5NDQyLjE3Mjk1MjAxNjg.*_ga_4RZPWREGF3*MTczNDE3ODQ5Ny4xMTYuMS4xNzM0MTc5OTEyLjEzLjAuMA..\" target=\"_blank\" data-mrf-recirculation=\"links-noticia\" class=\"link\" rel=\"nofollow noopener\">Ap\u00fantate<\/a>! Recuerda que puedes ser socio o socia de elDiario.es clicando en\u00a0<a href=\"https:\/\/usuarios.eldiario.es\/hazte_socio\/?utm_source=euskadi&amp;utm_campaign=eell&amp;utm_medium=all&amp;mc_cid=f16fc896fb&amp;mc_eid=05624d2e2d\" target=\"_blank\" data-mrf-recirculation=\"links-noticia\" class=\"link\" rel=\"nofollow noopener\">este enlace<\/a>. Y, para m\u00e1s informaci\u00f3n, puedes llamar o escribirnos al\u00a0625 88 87 80.\n    <\/p>\n<p>                                <script async src=\"https:\/\/platform.twitter.com\/widgets.js\" charset=\"utf-8\"><\/script><script async src=\"\/\/www.instagram.com\/embed.js\"><\/script><\/p>\n","protected":false},"excerpt":{"rendered":"El mural con el &#8216;Guernica&#8217; de Pablo Picasso emplazado en las calles de Gernika como reclamaci\u00f3n para que&hellip;\n","protected":false},"author":2,"featured_media":260060,"comment_status":"","ping_status":"","sticky":false,"template":"","format":"standard","meta":{"footnotes":""},"categories":[173],"tags":[517,3935,14300,229,233,231,230,14314,3285,14302,2601,4144,14316,14313,767,232,234,1349,2026,13451,14315,1813,3854,14299,14298,14307,12226,146,147,14318,6246,25,24,5691,14308,4910,3705,3978,6927,12252,1982,2178,14297,14317,7600,11701,14311,14312,14305,14303,6115,264,14304,952,14310,14309,14306,14301,3905,492,23,7192,2177],"class_list":{"0":"post-260059","1":"post","2":"type-post","3":"status-publish","4":"format-standard","5":"has-post-thumbnail","7":"category-arte-y-diseno","8":"tag-actualidad","9":"tag-alava","10":"tag-andar-en-bici","11":"tag-arte","12":"tag-arte-y-diseno","13":"tag-arts","14":"tag-arts-and-design","15":"tag-barakaldo","16":"tag-bbva","17":"tag-belen-ferreras","18":"tag-bilbao","19":"tag-bizkaia","20":"tag-brands","21":"tag-caso-de-miguel","22":"tag-corrupcion","23":"tag-design","24":"tag-diseno","25":"tag-donostia","26":"tag-educacion","27":"tag-eh-bildu","28":"tag-eibar","29":"tag-ela","30":"tag-eldiario-es","31":"tag-eldiario-es-euskadi","32":"tag-eldiario-eus","33":"tag-eldiarionorte-es","34":"tag-emergencia-climatica","35":"tag-entertainment","36":"tag-entretenimiento","37":"tag-eroski","38":"tag-ertzaintza","39":"tag-es","40":"tag-espana","41":"tag-euskadi","42":"tag-euskal-herria","43":"tag-feminismo","44":"tag-gernika","45":"tag-getxo","46":"tag-gipuzkoa","47":"tag-hondarribia","48":"tag-ignacio-escolar","49":"tag-igualdad","50":"tag-iker-rioja-andueza","51":"tag-imanol-pradales","52":"tag-irun","53":"tag-kutxabank","54":"tag-lab","55":"tag-lanbide","56":"tag-maialen-ferreira","57":"tag-montai","58":"tag-osakidetza","59":"tag-pais-vasco","60":"tag-pnv","61":"tag-politica","62":"tag-pp-vasco","63":"tag-pse-ee","64":"tag-rodrigo-saiz","65":"tag-ruben-pereda","66":"tag-sindicatos","67":"tag-sociedad","68":"tag-spain","69":"tag-upv-ehu","70":"tag-vitoria"},"share_on_mastodon":{"url":"","error":"Validation failed: Text character limit of 500 exceeded"},"_links":{"self":[{"href":"https:\/\/www.europesays.com\/es\/wp-json\/wp\/v2\/posts\/260059","targetHints":{"allow":["GET"]}}],"collection":[{"href":"https:\/\/www.europesays.com\/es\/wp-json\/wp\/v2\/posts"}],"about":[{"href":"https:\/\/www.europesays.com\/es\/wp-json\/wp\/v2\/types\/post"}],"author":[{"embeddable":true,"href":"https:\/\/www.europesays.com\/es\/wp-json\/wp\/v2\/users\/2"}],"replies":[{"embeddable":true,"href":"https:\/\/www.europesays.com\/es\/wp-json\/wp\/v2\/comments?post=260059"}],"version-history":[{"count":0,"href":"https:\/\/www.europesays.com\/es\/wp-json\/wp\/v2\/posts\/260059\/revisions"}],"wp:featuredmedia":[{"embeddable":true,"href":"https:\/\/www.europesays.com\/es\/wp-json\/wp\/v2\/media\/260060"}],"wp:attachment":[{"href":"https:\/\/www.europesays.com\/es\/wp-json\/wp\/v2\/media?parent=260059"}],"wp:term":[{"taxonomy":"category","embeddable":true,"href":"https:\/\/www.europesays.com\/es\/wp-json\/wp\/v2\/categories?post=260059"},{"taxonomy":"post_tag","embeddable":true,"href":"https:\/\/www.europesays.com\/es\/wp-json\/wp\/v2\/tags?post=260059"}],"curies":[{"name":"wp","href":"https:\/\/api.w.org\/{rel}","templated":true}]}}