{"id":260061,"date":"2025-11-28T09:41:09","date_gmt":"2025-11-28T09:41:09","guid":{"rendered":"https:\/\/www.europesays.com\/es\/260061\/"},"modified":"2025-11-28T09:41:09","modified_gmt":"2025-11-28T09:41:09","slug":"david-broncano-y-jorge-ponce-se-vuelcan-con-buenafuente","status":"publish","type":"post","link":"https:\/\/www.europesays.com\/es\/260061\/","title":{"rendered":"David Broncano y Jorge Ponce se vuelcan con Buenafuente"},"content":{"rendered":"<p>\n        El pasado viernes, 21 de noviembre, RTVE compart\u00eda un<strong> comunicado para informar del\u00a0par\u00f3n <\/strong>al que se iba a enfrentar el presentador de\u00a0&#8216;Futuro Imperfecto&#8217;, <a href=\"https:\/\/www.noticiasdenavarra.com\/tags\/andreu-buenafuente\/\" title=\"Andreu Buenafuente\" target=\"_blank\" class=\"link copy\" rel=\"nofollow noopener\"><strong>Andreu Buenafuente<\/strong><\/a>.\n<\/p>\n<p>  Buenafuente <strong>interrumpe temporalmente su actividad profesional \u00abpor prescripci\u00f3n m\u00e9dica y exceso de carga laboral\u00bb<\/strong><\/p>\n<p class=\"article-body__text \">\n        Un comunicado, emitido por su productora, El Terral, en que se anunciaba que <strong>interrumpe temporalmente su actividad profesional \u00abpor prescripci\u00f3n m\u00e9dica y exceso de carga laboral\u00bb.\u00a0<\/strong>Un escrito en el que <a href=\"https:\/\/www.noticiasdenavarra.com\/tags\/rtve\/\" title=\"RTVE\" target=\"_blank\" class=\"link copy\" rel=\"nofollow noopener\"><strong>RTVE <\/strong><\/a>confirmaba que el presentador<strong>\u00a0\u00abse ve obligado\u00bb a hacer un par\u00f3n para \u00abdescansar y recuperarse\u00bb. <\/strong>Una decisi\u00f3n que implica la suspensi\u00f3n eventual del programa\u00a0&#8216;Futuro Imperfecto&#8217;, su proyecto en la cadena p\u00fablica.\n<\/p>\n<p class=\"article-body__text \">\n        <strong>\u00abTengo que parar un poco para recuperarme y volver con la energ\u00eda que se merece todo lo que hago. Gracias por la comprensi\u00f3n, el apoyo y el cari\u00f1o\u00bb<\/strong>, expresaba Buenafuente en un comunicado emitido por la productora.\n<\/p>\n<blockquote class=\"twitter-tweet\" data-lang=\"es\">\n<p lang=\"es\" dir=\"ltr\">Comunicado RTVE<\/p>\n<p>Por motivos de exceso de carga laboral y por prescripci\u00f3n m\u00e9dica, Andreu Buenafuente se ve obligado a hacer un par\u00f3n temporal en su agenda profesional para descansar y recuperarse. <\/p>\n<p>\u00abTengo que parar un poco para recuperarme y volver con la energ\u00eda que se merece\u2026 <a href=\"https:\/\/t.co\/hsIdIYtrmS\" rel=\"nofollow\">pic.twitter.com\/hsIdIYtrmS<\/a><\/p>\n<p>\u2014 RTVE Comunicaci\u00f3n y Participaci\u00f3n (@RTVE_Com) <a href=\"https:\/\/twitter.com\/RTVE_Com\/status\/1991864415143043104?ref_src=twsrc%5Etfw\" rel=\"nofollow noopener\" target=\"_blank\">21 de noviembre de 2025<\/a><\/p><\/blockquote>\n<p>  <strong>Andreu Buenafuente\u00a0y Silvia Abril dar\u00e1n las <\/strong>campanadas<strong> <\/strong>en TVE<\/p>\n<p class=\"article-body__text \">\n        Un comunicado que llegaba unos d\u00edas despu\u00e9s de que la cadena hiciese p\u00fabico que <strong>Andreu Buenafuente\u00a0y Silvia Abril  dar\u00e1n las <\/strong><a href=\"https:\/\/www.noticiasdenavarra.com\/tags\/campanadas\/\" title=\"campanadas\" target=\"_blank\" class=\"link copy\" rel=\"nofollow noopener\"><strong>campanadas<\/strong><\/a><strong> <\/strong>en TVE.\n<\/p>\n<p class=\"article-body__text \">\n        Desde la televisi\u00f3n p\u00fablica relataban lo siguiente: \u00abSi la semana pasada <a href=\"https:\/\/www.noticiasdenavarra.com\/tags\/silvia-abril\/\" title=\"Silvia\" target=\"_blank\" class=\"link copy\" rel=\"nofollow noopener\"><strong>Silvia<\/strong><\/a><strong> sorprend\u00eda transform\u00e1ndose en Mariah Carey<\/strong>, esta vez la humorista ha sorprendido a su pareja al grito de &#8216;\u00a1Feliz a\u00f1o nuevo!&#8217;. Los dos ser\u00e1n los encargados de <strong>darle la bienvenida al a\u00f1o 2026<\/strong> desde la Puerta del Sol de Madrid y juntos han querido comentar la noticia en el programa en el que participan semana tras semana. Andreu ha anunciado que estaba muy sorprendido porque Silvia hab\u00eda llevado todo en secreto, pero su pareja se ha disculpado dici\u00e9ndole que ya estaba avisado. &#8216;<strong>Te pregunt\u00e9 si hac\u00edamos las campanadas y me dijiste que s\u00ed&#8217;<\/strong>, le ha dicho Silvia a Andreu. &#8216;Me pareci\u00f3 una pregunta rara teniendo en cuenta que es lo que hemos hecho estos \u00faltimos 17 a\u00f1os. <strong>Pens\u00e9 que te refer\u00edas a otra cosa<\/strong>&#8216;, ha dicho Andreu. Abril ha tranquilizado a su marido dici\u00e9ndole que ella &#8216;se encargar\u00e1 de todo, como en casa y con la familia. Yo tirar\u00e9 de todo&#8217;, ha ironizado la humorista cuando Andreu le ha explicado su preocupaci\u00f3n por no saber cu\u00e1les son exactamente los protocolos a seguir. <strong>Quiz\u00e1s se equivoquen con los cuartos el 31 de diciembre, pero desde luego lo pasaremos bien<\/strong>\u00ab.\n<\/p>\n<p>  David Broncano y Jorge Ponce se vuelcan con Andreu Buenafuente y<\/p>\n<p class=\"article-body__text \">\n        Este jueves, 27 de noviembre, el presentador de &#8216;La Revuelta&#8217;, <a href=\"https:\/\/www.noticiasdenavarra.com\/tags\/david-broncano\/\" title=\"David Broncano\" target=\"_blank\" class=\"link copy\" rel=\"nofollow noopener\"><strong>David Broncano<\/strong><\/a>, y el humorista, uno de los directores, productores y caras visibles del programa,<strong> Jorge Ponce<\/strong>, enviaron un mensaje de \u00e1nimo al presentador, quien en su momento fue uno de los mentores para ambos.\n<\/p>\n<p class=\"article-body__text \">\n        Un mensaje que tuvo lugar en la secci\u00f3n de Jorge Ponce, cuando empezaron un debate sobre si Broncano era m\u00e1s famoso que Berto o viceversa, que el colaborador se dirigi\u00f3 a c\u00e1mara y dedic\u00f3 unas palabras a Andreu: \u00ab<strong>Le mandamos un beso a Andreu que est\u00e1 parando unos d\u00edas\u00bb. <\/strong>\n<\/p>\n<p class=\"article-body__text \">\n        David Broncano tambi\u00e9n mand\u00f3 un mensaje al presentador de\u00a0&#8216;Futuro Imperfecto&#8217;: \u00ab<strong>Est\u00e1 en &#8216;la recuperasi\u00f3'\u00bb.<\/strong>\u00a0A lo que Ponce a\u00f1adi\u00f3:\u00a0\u00ab<strong>Ha parado un ratito y que se venga ya mismo\u00bb.<\/strong>\u00a0El p\u00fablico aplaudi\u00f3 el mensaje, en se\u00f1al de \u00e1nimo para el presentador catal\u00e1n.\n<\/p>\n<p>            <script async src=\"https:\/\/platform.twitter.com\/widgets.js\" charset=\"utf-8\"><\/script><\/p>\n","protected":false},"excerpt":{"rendered":"El pasado viernes, 21 de noviembre, RTVE compart\u00eda un comunicado para informar del\u00a0par\u00f3n al que se iba a&hellip;\n","protected":false},"author":2,"featured_media":260062,"comment_status":"","ping_status":"","sticky":false,"template":"","format":"standard","meta":{"footnotes":""},"categories":[171],"tags":[2058,13289,2429,146,147,25,24,2224,1783,65037,14791,528,23,214,55610],"class_list":{"0":"post-260061","1":"post","2":"type-post","3":"status-publish","4":"format-standard","5":"has-post-thumbnail","7":"category-tv","8":"tag-andreu-buenafuente","9":"tag-broncano","10":"tag-david","11":"tag-entertainment","12":"tag-entretenimiento","13":"tag-es","14":"tag-espana","15":"tag-jorge","16":"tag-la","17":"tag-mandan-emotivo-mensaje","18":"tag-ponce","19":"tag-revuelta","20":"tag-spain","21":"tag-tv","22":"tag-vuelcan"},"share_on_mastodon":{"url":"https:\/\/pubeurope.com\/@es\/115626671244783816","error":""},"_links":{"self":[{"href":"https:\/\/www.europesays.com\/es\/wp-json\/wp\/v2\/posts\/260061","targetHints":{"allow":["GET"]}}],"collection":[{"href":"https:\/\/www.europesays.com\/es\/wp-json\/wp\/v2\/posts"}],"about":[{"href":"https:\/\/www.europesays.com\/es\/wp-json\/wp\/v2\/types\/post"}],"author":[{"embeddable":true,"href":"https:\/\/www.europesays.com\/es\/wp-json\/wp\/v2\/users\/2"}],"replies":[{"embeddable":true,"href":"https:\/\/www.europesays.com\/es\/wp-json\/wp\/v2\/comments?post=260061"}],"version-history":[{"count":0,"href":"https:\/\/www.europesays.com\/es\/wp-json\/wp\/v2\/posts\/260061\/revisions"}],"wp:featuredmedia":[{"embeddable":true,"href":"https:\/\/www.europesays.com\/es\/wp-json\/wp\/v2\/media\/260062"}],"wp:attachment":[{"href":"https:\/\/www.europesays.com\/es\/wp-json\/wp\/v2\/media?parent=260061"}],"wp:term":[{"taxonomy":"category","embeddable":true,"href":"https:\/\/www.europesays.com\/es\/wp-json\/wp\/v2\/categories?post=260061"},{"taxonomy":"post_tag","embeddable":true,"href":"https:\/\/www.europesays.com\/es\/wp-json\/wp\/v2\/tags?post=260061"}],"curies":[{"name":"wp","href":"https:\/\/api.w.org\/{rel}","templated":true}]}}