{"id":260077,"date":"2025-11-28T09:49:09","date_gmt":"2025-11-28T09:49:09","guid":{"rendered":"https:\/\/www.europesays.com\/es\/260077\/"},"modified":"2025-11-28T09:49:09","modified_gmt":"2025-11-28T09:49:09","slug":"trump-dice-que-suspendera-permanentemente-la-migracion-desde-el-tercer-mundo","status":"publish","type":"post","link":"https:\/\/www.europesays.com\/es\/260077\/","title":{"rendered":"Trump dice que suspender\u00e1 \u00abpermanentemente\u00bb la migraci\u00f3n desde el \u00abtercer mundo\u00bb"},"content":{"rendered":"<p>    <img src=\"https:\/\/www.europesays.com\/es\/wp-content\/uploads\/2025\/11\/2025-11-28T083A183A24Z-90541773.jpg\" width=\"1024\" height=\"682\" alt=\"\" loading=\"eager\" decoding=\"sync\" fetchpriority=\"high\"\/><\/p>\n<p>            afp_tickers        <\/p>\n<p>        Este contenido fue publicado en    <\/p>\n<p>        28 noviembre 2025 &#8211; 09:18\n<\/p>\n<p>El presidente Donald Trump afirm\u00f3 el jueves que planea suspender la migraci\u00f3n hacia Estados Unidos de personas provenientes de \u00abpa\u00edses del tercer mundo\u00bb, al d\u00eda siguiente de que un afgano disparara presuntamente contra dos guardias nacionales en Washington, uno de los cuales muri\u00f3.<\/p>\n<p>\u00abSuspender\u00e9 permanentemente la migraci\u00f3n desde todos los pa\u00edses del tercer mundo para permitir que el sistema estadounidense se recupere por completo\u00bb, escribi\u00f3 el magnate republicano en redes sociales.<\/p>\n<p>Tambi\u00e9n amenaz\u00f3 con revocar \u00abmillones\u00bb de visados concedidos durante el gobierno de su predecesor, Joe Biden, y con \u00abexpulsar a cualquiera que no sea un activo neto para Estados Unidos\u00bb.<\/p>\n<p>Su airada publicaci\u00f3n, que terminaba deseando a los estadounidenses un feliz D\u00eda de Acci\u00f3n de Gracias, marca una nueva escalada en las pol\u00edticas antimigratorias de su segundo mandato, caracterizado por una campa\u00f1a de deportaciones masivas.<\/p>\n<p>El presidente estadounidense hab\u00eda anunciado previamente la muerte de Sarah Beckstrom, de 20 a\u00f1os y miembro de la Guardia Nacional de Virginia Occidental, atacada la v\u00edspera en un tiroteo cerca de la Casa Blanca.<\/p>\n<p>El ataque, descrito por las autoridades como una \u00abemboscada\u00bb, se perpetu\u00f3 contra dos soldados de este cuerpo militar, desplegado en Washington y otras ciudades dem\u00f3cratas como parte del controvertido dispositivo de Trump para combatir lo que considera una delincuencia violenta y desenfrenada.\u00a0<\/p>\n<p>Trump, de hecho, vincul\u00f3 el tiroteo con su decisi\u00f3n de enviar a cientos de efectivos de la Guardia Nacional a la ciudad. \u00abQuiz\u00e1s este hombre estaba molesto porque no pod\u00eda cometer delitos\u00bb, sugiri\u00f3.<\/p>\n<p>Las autoridades identificaron al presunto autor de los disparos como un afgano de 29 a\u00f1os que trabaj\u00f3 con las fuerzas estadounidenses en su pa\u00eds durante la guerra contra los talibanes y se radic\u00f3 en Estados Unidos en 2021, cuando Washington retir\u00f3 a sus tropas de Afganist\u00e1n.\u00a0<\/p>\n<p>El FBI, por su parte, inici\u00f3 una investigaci\u00f3n por terrorismo.<\/p>\n<p>\u2013 \u00abCivilizaci\u00f3n occidental\u00bb \u2013<\/p>\n<p>En sus redes sociales, Trump a\u00f1adi\u00f3 que pondr\u00e1 fin a todas las prestaciones y subsidios federales para quienes no sean ciudadanos estadounidenses, y que deportar\u00e1 a cualquier extranjero que represente un riesgo para la seguridad o que \u00abno sea compatible con la civilizaci\u00f3n occidental\u00bb.<\/p>\n<p>\u00abEstos objetivos se perseguir\u00e1n con el fin de lograr una reducci\u00f3n significativa de las poblaciones ilegales y problem\u00e1ticas\u00bb, a\u00f1adi\u00f3 el mandatario.<\/p>\n<p>\u00abSolo la MIGRACI\u00d3N INVERSA puede resolver completamente esta situaci\u00f3n\u00bb, clam\u00f3.<\/p>\n<p>Joseph Edlow, director de los Servicios de Ciudadan\u00eda e Inmigraci\u00f3n de Estados Unidos (USCIS), anunci\u00f3 el jueves que revisar\u00e1 el estado migratorio de cada residente permanente o titular de una \u00abgreen card\u00bb de 19 pa\u00edses.<\/p>\n<p>Afganist\u00e1n, as\u00ed como Cuba, Hait\u00ed, Venezuela, Ir\u00e1n y Birmania figuran en la lista.<\/p>\n<p>La administraci\u00f3n Trump tambi\u00e9n orden\u00f3 la suspensi\u00f3n inmediata de la tramitaci\u00f3n de solicitudes de inmigraci\u00f3n procedentes de Afganist\u00e1n.<\/p>\n<p>El otro soldado herido en el ataque del mi\u00e9rcoles, Andrew Wolfe, de 24 a\u00f1os, \u00ablucha por su vida\u00bb, inform\u00f3 Trump el jueves. El presunto autor de los disparos tambi\u00e9n se encuentra en un estado cr\u00edtico.\u00a0<\/p>\n<p>La fiscal de la capital estadounidense, Jeanine Pirro, inform\u00f3 que el presunto atacante, Rahmanullah Lakanwal, viv\u00eda en el estado de Washington, al otro extremo del pa\u00eds, y que lleg\u00f3 en auto al lugar del tiroteo.<\/p>\n<p>Abri\u00f3 fuego con un rev\u00f3lver Smith and Wesson .357 contra un grupo de Guardias Nacionales que patrullaban a unas cuadras de la Casa Blanca.\u00a0<\/p>\n<p>Las autoridades siguen sin tener indicios de los motivos del ataque.\u00a0<\/p>\n<p>El director de la CIA, John Ratcliffe, dijo que el sospechoso hab\u00eda formado parte de un comando respaldado por Washington que combati\u00f3 contra los talibanes en Afganist\u00e1n, y que lleg\u00f3 a Estados Unidos gracias a un programa de evacuaci\u00f3n de afganos que colaboraron con el organismo.<\/p>\n<p>Los jefes del FBI, la CIA y el Departamento de Seguridad Nacional, adem\u00e1s de otros altos cargos nombrados por Trump, insistieron en que Lakanwal lleg\u00f3 a Estados Unidos sin supervisi\u00f3n debido a pol\u00edticas de asilo laxas tras la retirada militar de Afganist\u00e1n ordenada por el expresidente Joe Biden. \u00a0<\/p>\n<p>Pero AfghanEvac, una oeneg\u00e9 que ayud\u00f3 a asentar afganos en Estados Unidos, afirm\u00f3 que estos pasan por \u00abalgunos de los procesos de verificaci\u00f3n de seguridad m\u00e1s exhaustivos\u00bb de todo el mundo.\u00a0<\/p>\n<p>Lakanwal solicit\u00f3 asilo en Estados Unidos durante el mandato de Biden, pero su petici\u00f3n fue aprobada con Trump en la Casa Blanca, seg\u00fan el grupo.\u00a0<\/p>\n<p>\u00abEl acto aislado y violento de este individuo no deber\u00eda ser usado como excusa para definir o menospreciar a toda una comunidad\u00bb, dijo el presidente del grupo, Shawn VanDiver.<\/p>\n<p>bjt\/tc\/cr\/arm-sag\/avl<\/p>\n","protected":false},"excerpt":{"rendered":"afp_tickers Este contenido fue publicado en 28 noviembre 2025 &#8211; 09:18 El presidente Donald Trump afirm\u00f3 el jueves&hellip;\n","protected":false},"author":2,"featured_media":260078,"comment_status":"","ping_status":"","sticky":false,"template":"","format":"standard","meta":{"footnotes":""},"categories":[42],"tags":[17,18,13,14,11,61,62,63,64,19,20,9,10,15,16,88,90,12,21,22,65,66,67],"class_list":{"0":"post-260077","1":"post","2":"type-post","3":"status-publish","4":"format-standard","5":"has-post-thumbnail","7":"category-internacional","8":"tag-breaking-news","9":"tag-breakingnews","10":"tag-featured-news","11":"tag-featurednews","12":"tag-headlines","13":"tag-internacional","14":"tag-international","15":"tag-international-news","16":"tag-internationalnews","17":"tag-latest-news","18":"tag-latestnews","19":"tag-news","20":"tag-noticias","21":"tag-noticias-destacadas","22":"tag-noticiasdestacadas","23":"tag-politics","24":"tag-ticker","25":"tag-titulares","26":"tag-ultimas-noticias","27":"tag-ultimasnoticias","28":"tag-world","29":"tag-world-news","30":"tag-worldnews"},"share_on_mastodon":{"url":"https:\/\/pubeurope.com\/@es\/115626702643328392","error":""},"_links":{"self":[{"href":"https:\/\/www.europesays.com\/es\/wp-json\/wp\/v2\/posts\/260077","targetHints":{"allow":["GET"]}}],"collection":[{"href":"https:\/\/www.europesays.com\/es\/wp-json\/wp\/v2\/posts"}],"about":[{"href":"https:\/\/www.europesays.com\/es\/wp-json\/wp\/v2\/types\/post"}],"author":[{"embeddable":true,"href":"https:\/\/www.europesays.com\/es\/wp-json\/wp\/v2\/users\/2"}],"replies":[{"embeddable":true,"href":"https:\/\/www.europesays.com\/es\/wp-json\/wp\/v2\/comments?post=260077"}],"version-history":[{"count":0,"href":"https:\/\/www.europesays.com\/es\/wp-json\/wp\/v2\/posts\/260077\/revisions"}],"wp:featuredmedia":[{"embeddable":true,"href":"https:\/\/www.europesays.com\/es\/wp-json\/wp\/v2\/media\/260078"}],"wp:attachment":[{"href":"https:\/\/www.europesays.com\/es\/wp-json\/wp\/v2\/media?parent=260077"}],"wp:term":[{"taxonomy":"category","embeddable":true,"href":"https:\/\/www.europesays.com\/es\/wp-json\/wp\/v2\/categories?post=260077"},{"taxonomy":"post_tag","embeddable":true,"href":"https:\/\/www.europesays.com\/es\/wp-json\/wp\/v2\/tags?post=260077"}],"curies":[{"name":"wp","href":"https:\/\/api.w.org\/{rel}","templated":true}]}}