{"id":260079,"date":"2025-11-28T09:50:10","date_gmt":"2025-11-28T09:50:10","guid":{"rendered":"https:\/\/www.europesays.com\/es\/260079\/"},"modified":"2025-11-28T09:50:10","modified_gmt":"2025-11-28T09:50:10","slug":"sanchez-debe-reaccionar-con-responsabilidad","status":"publish","type":"post","link":"https:\/\/www.europesays.com\/es\/260079\/","title":{"rendered":"S\u00e1nchez debe reaccionar con responsabilidad"},"content":{"rendered":"<p>El <strong>Tribunal Supremo<\/strong> opt\u00f3 este jueves por el<strong> env\u00edo provisional y sin fianza <\/strong>del exministro socialista <strong>Jos\u00e9 Luis \u00c1balos y de Koldo Garc\u00eda<\/strong> al considerar aumentado el riesgo de fuga de ambos. Sobre ello, en Las Ma\u00f1anas de RNE hemos querido conocer la postura del Partido Popular con <strong>el vicesecretario general de Pol\u00edtica Auton\u00f3mica y Municipal del PP, El\u00edas Bendodo<\/strong>, quien ha incidido en que todo esto es una etapa que debe llegar a su fin: \u00ab<strong>Son m\u00e1s de ocho a\u00f1os de triste historia que han culminado con la mano derecha y la mano izquierda del presidente del Gobierno en la c\u00e1rcel<\/strong>\u00ab. A\u00f1ade que \u00ab<strong>uno sali\u00f3 la semana pasada y el otro acaba de entrar<\/strong>\u00ab.<\/p>\n<p>En lo que respecta a la posici\u00f3n que ha mantenido Pedro S\u00e1nchez, desde el PP se\u00f1alan que <strong>el presidente del Gobierno debe reaccionar<\/strong> ante la decisi\u00f3n del juez Leopoldo Puente y hacerlo<strong> \u00abcon responsabilidad, como no lo hizo hace tiempo y tendr\u00eda que haber hecho\u00bb,<\/strong> o de lo contrario \u00abse va a atrincherar\u00bb.<\/p>\n<p>El vicesecretario general de Pol\u00edtica Auton\u00f3mica del Partido Popular ha manifestado que los socialistas, \u00ab<strong>bajo la responsabilidad del presidente del Gobierno<\/strong>\u00ab, deber\u00edan convocar elecciones porque, seg\u00fan Bendodo, \u00ab<strong>es la hora de devolver la voz a los espa\u00f1oles<\/strong>\u00ab.<\/p>\n<p><strong>Juanfran P\u00e9rez Llorca <\/strong>fue investido este jueves como el <strong>nuevo presidente de la Generalitat Valenciana<\/strong> gracias al apoyo de Vox. Bendodo ha considerado que es un buen candidato para asumir el puesto tras \u00ab<strong>la situaci\u00f3n complicada<\/strong>\u00bb que ha atravesado su partido en Valencia estos \u00faltimos meses y que ya \u00abse ha resuelto\u00bb. Por eso, ha apuntado que \u00ab<strong>lo va a hacer bien, y todo lo dem\u00e1s lo dilucidar\u00e1n los juzgados<\/strong>\u00ab. Aunque, si hay algo que ha destacado el vicesecretario del PP, es que, en lo que respecta a su relaci\u00f3n con Vox, establecer\u00e1n \u00ab<strong>l\u00edneas rojas<\/strong>\u00ab.<\/p>\n","protected":false},"excerpt":{"rendered":"El Tribunal Supremo opt\u00f3 este jueves por el env\u00edo provisional y sin fianza del exministro socialista Jos\u00e9 Luis&hellip;\n","protected":false},"author":2,"featured_media":260080,"comment_status":"","ping_status":"","sticky":false,"template":"","format":"standard","meta":{"footnotes":""},"categories":[8],"tags":[65039,17,18,25,24,13,14,11,33005,19,20,9,10,15,16,133,1448,1986,1987,65040,23,12,21,22],"class_list":{"0":"post-260079","1":"post","2":"type-post","3":"status-publish","4":"format-standard","5":"has-post-thumbnail","7":"category-espana","8":"tag-bendodo-pp","9":"tag-breaking-news","10":"tag-breakingnews","11":"tag-es","12":"tag-espana","13":"tag-featured-news","14":"tag-featurednews","15":"tag-headlines","16":"tag-las-mananas-de-rne","17":"tag-latest-news","18":"tag-latestnews","19":"tag-news","20":"tag-noticias","21":"tag-noticias-destacadas","22":"tag-noticiasdestacadas","23":"tag-online","24":"tag-radio","25":"tag-rne","26":"tag-rtve-play","27":"tag-sobre-koldo-y-abalos-sanchez-debe-reaccionar-con-responsabilidad","28":"tag-spain","29":"tag-titulares","30":"tag-ultimas-noticias","31":"tag-ultimasnoticias"},"share_on_mastodon":{"url":"https:\/\/pubeurope.com\/@es\/115626706522413282","error":""},"_links":{"self":[{"href":"https:\/\/www.europesays.com\/es\/wp-json\/wp\/v2\/posts\/260079","targetHints":{"allow":["GET"]}}],"collection":[{"href":"https:\/\/www.europesays.com\/es\/wp-json\/wp\/v2\/posts"}],"about":[{"href":"https:\/\/www.europesays.com\/es\/wp-json\/wp\/v2\/types\/post"}],"author":[{"embeddable":true,"href":"https:\/\/www.europesays.com\/es\/wp-json\/wp\/v2\/users\/2"}],"replies":[{"embeddable":true,"href":"https:\/\/www.europesays.com\/es\/wp-json\/wp\/v2\/comments?post=260079"}],"version-history":[{"count":0,"href":"https:\/\/www.europesays.com\/es\/wp-json\/wp\/v2\/posts\/260079\/revisions"}],"wp:featuredmedia":[{"embeddable":true,"href":"https:\/\/www.europesays.com\/es\/wp-json\/wp\/v2\/media\/260080"}],"wp:attachment":[{"href":"https:\/\/www.europesays.com\/es\/wp-json\/wp\/v2\/media?parent=260079"}],"wp:term":[{"taxonomy":"category","embeddable":true,"href":"https:\/\/www.europesays.com\/es\/wp-json\/wp\/v2\/categories?post=260079"},{"taxonomy":"post_tag","embeddable":true,"href":"https:\/\/www.europesays.com\/es\/wp-json\/wp\/v2\/tags?post=260079"}],"curies":[{"name":"wp","href":"https:\/\/api.w.org\/{rel}","templated":true}]}}