{"id":260083,"date":"2025-11-28T09:57:12","date_gmt":"2025-11-28T09:57:12","guid":{"rendered":"https:\/\/www.europesays.com\/es\/260083\/"},"modified":"2025-11-28T09:57:12","modified_gmt":"2025-11-28T09:57:12","slug":"el-mercado-de-zumarraga-se-utiliza-como-velodromo","status":"publish","type":"post","link":"https:\/\/www.europesays.com\/es\/260083\/","title":{"rendered":"El mercado de Zumarraga se utiliza como vel\u00f3dromo"},"content":{"rendered":"<p>                            <img loading=\"lazy\" decoding=\"async\" src=\"https:\/\/www.europesays.com\/es\/wp-content\/uploads\/2025\/11\/d1c4977e-4b09-4852-be54-047457370270_16-9-aspect-ratio_default_0.jpg\" alt=\"Los chavales de la escuela de ciclismo de la sociedad deportiva Goierri, entrenando en el mercado de Zumarraga.\" width=\"880\" height=\"495\" title=\"Los chavales de la escuela de ciclismo de la sociedad deportiva Goierri, entrenando en el mercado de Zumarraga.\" style=\"height:auto;\"\/><\/p>\n<p class=\"article-photo__footer\">\n        Los chavales de la escuela de ciclismo de la sociedad deportiva Goierri, entrenando en el mercado de Zumarraga.<br \/>\n                    Asier Zaldua\n            <\/p>\n<p class=\"article-body__text article-body__text--entry article-body__text-middle\">\n        El final del oto\u00f1o y el invierno no son una buena \u00e9poca para los ciclistas. El fr\u00edo y la lluvia hacen que salir a la carretera sea muy desapacible e incluso m\u00e1s peligroso de lo habitual. Adem\u00e1s, anochece muy pronto. Pero a grandes males, grandes remedios. Los de Donostia y alrededores pueden echar mano del vel\u00f3dromo de Anoeta&#8230; y los de Urola Garaia del mercado de <a href=\"https:\/\/www-pro.noticiasdegipuzkoa.eus\/urola-garaia\/zumarraga\/\" title=\"Zumarraga\" rel=\"nofollow noopener\" target=\"_blank\" class=\"link copy\">Zumarraga<\/a>. Los chavales de la escuela de ciclismo de la sociedad deportiva Goierri entrenan en el mercado los d\u00edas de mal tiempo, aprovechando que es un lugar totalmente cerrado, seco, bien iluminado y con unos postes en medio que marcan el circuito. No se puede coger mucha velocidad, pero <strong>es ideal para hacer ejercicios que ayudan a desarrollar el equilibrio y la habilidad sobre la bicicleta<\/strong>.<\/p>\n","protected":false},"excerpt":{"rendered":"Los chavales de la escuela de ciclismo de la sociedad deportiva Goierri, entrenando en el mercado de Zumarraga.&hellip;\n","protected":false},"author":2,"featured_media":260084,"comment_status":"","ping_status":"","sticky":false,"template":"","format":"standard","meta":{"footnotes":""},"categories":[273],"tags":[313,312,168,25,24,1239,23,167,34234,39427,4705],"class_list":{"0":"post-260083","1":"post","2":"type-post","3":"status-publish","4":"format-standard","5":"has-post-thumbnail","7":"category-ciclismo","8":"tag-ciclismo","9":"tag-cycling","10":"tag-deportes","11":"tag-es","12":"tag-espana","13":"tag-mercado","14":"tag-spain","15":"tag-sports","16":"tag-utiliza","17":"tag-velodromo","18":"tag-zumarraga"},"share_on_mastodon":{"url":"https:\/\/pubeurope.com\/@es\/115626734431795084","error":""},"_links":{"self":[{"href":"https:\/\/www.europesays.com\/es\/wp-json\/wp\/v2\/posts\/260083","targetHints":{"allow":["GET"]}}],"collection":[{"href":"https:\/\/www.europesays.com\/es\/wp-json\/wp\/v2\/posts"}],"about":[{"href":"https:\/\/www.europesays.com\/es\/wp-json\/wp\/v2\/types\/post"}],"author":[{"embeddable":true,"href":"https:\/\/www.europesays.com\/es\/wp-json\/wp\/v2\/users\/2"}],"replies":[{"embeddable":true,"href":"https:\/\/www.europesays.com\/es\/wp-json\/wp\/v2\/comments?post=260083"}],"version-history":[{"count":0,"href":"https:\/\/www.europesays.com\/es\/wp-json\/wp\/v2\/posts\/260083\/revisions"}],"wp:featuredmedia":[{"embeddable":true,"href":"https:\/\/www.europesays.com\/es\/wp-json\/wp\/v2\/media\/260084"}],"wp:attachment":[{"href":"https:\/\/www.europesays.com\/es\/wp-json\/wp\/v2\/media?parent=260083"}],"wp:term":[{"taxonomy":"category","embeddable":true,"href":"https:\/\/www.europesays.com\/es\/wp-json\/wp\/v2\/categories?post=260083"},{"taxonomy":"post_tag","embeddable":true,"href":"https:\/\/www.europesays.com\/es\/wp-json\/wp\/v2\/tags?post=260083"}],"curies":[{"name":"wp","href":"https:\/\/api.w.org\/{rel}","templated":true}]}}