{"id":260085,"date":"2025-11-28T09:59:15","date_gmt":"2025-11-28T09:59:15","guid":{"rendered":"https:\/\/www.europesays.com\/es\/260085\/"},"modified":"2025-11-28T09:59:15","modified_gmt":"2025-11-28T09:59:15","slug":"ya-no-quedan-patriotas-en-el-baskonia","status":"publish","type":"post","link":"https:\/\/www.europesays.com\/es\/260085\/","title":{"rendered":"Ya no quedan patriotas en el Baskonia"},"content":{"rendered":"<p>La ilusi\u00f3n fue ef\u00edmera. Dur\u00f3 alrededor de 24 minutos, que fue el tiempo en el que el <a href=\"https:\/\/www.elcorreo.com\/baskonia\/\" title=\"www.elcorreo.com\" data-voc-vtm-id=\"in-text-traffic\" data-mrf-link=\"www.elcorreo.com\" rel=\"nofollow noopener\" target=\"_blank\">Baskonia<\/a> se sinti\u00f3 con opciones de ganar  &#8230; en Kaunas. Tras la canasta de Tadas <a href=\"https:\/\/www.elcorreo.com\/baskonia\/elocuente-vacio-rendimiento-sedekerskis-baskonia-20251125224831-nt.html\" title=\"www.elcorreo.com\" data-voc-vtm-id=\"in-text-traffic\" data-mrf-link=\"www.elcorreo.com\" rel=\"nofollow noopener\" target=\"_blank\">Sedekerskis<\/a> que coloc\u00f3 el 40-49, <a href=\"https:\/\/www.elcorreo.com\/baskonia\/zalgiris-baskonia-euroliga-jornada-13-20251125115426-nt.html\" title=\"www.elcorreo.com\" data-voc-vtm-id=\"in-text-traffic\" data-mrf-link=\"www.elcorreo.com\" rel=\"nofollow noopener\" target=\"_blank\">el Zalgiris activ\u00f3 la caldera de una de las canchas con mayor temperatura de Europa<\/a>. Qued\u00f3 sepultado el anhelo azulgrana de romper de una vez por todas el maleficio que le lleva a no ganar un solo partido a domicilio en la Euroliga desde el 17 de diciembre del pasado a\u00f1o. Fue ante el Maccabi en el exilio de Belgrado. Un 85-95 resuelto en ese ambiente desangelado de partido disputado a cancha cerrada, sin el ardor de una afici\u00f3n local que ponga los decibelios. Desde entonces, son ya quince enfrentamientos perdidos lejos del Buesa en la m\u00e1xima competici\u00f3n continental. Un per\u00edodo de abstinencia demasiado largo.<\/p>\n<p>NEWSLETTER<\/p>\n<p class=\"v-p\">\n&#8216;El sexto hombre&#8217; es una newsletter de EL CORREO exclusiva para sus suscriptores que cada semana hace un repaso a la actualidad del Baskonia. Si quieres comenzar a recibirla en tu correo electr\u00f3nico<br \/>\n<a href=\"https:\/\/areapersonal.elcorreo.com\/suscripcion\/informacion#vca=suscribete&amp;vso=elcorreo&amp;vmc=on&amp;vli=link_noticia\" title=\"areapersonal.elcorreo.com\" rel=\"nofollow noopener\" target=\"_blank\">suscr\u00edbete aqu\u00ed<\/a>\n<\/p>\n<p class=\"v-p\">En la presente campa\u00f1a, la derrota en casa del Asvel dej\u00f3 un poso de oportunidad perdida, al igual que la sufrida ante el Maccabi hace dos semanas. En el resto de encuentros frente al Par\u00eds Basketball, Estrella Roja, Hapoel Tel Aviv y Zalgiris la inferioridad azulgrana ha sido manifiesta. Quedan algunos retazos de brillo y un pu\u00f1ado de cuartos de buen baloncesto por parte de los vitorianos, pero no una estampa completa y reconocible de visitante capaz. Faltan esa dureza extra y cierta capacidad para madurar partidos que permitan protagonizar una salida triunfal de cancha ajena en la Euroliga.<\/p>\n<p class=\"v-p\">Esa nula cosecha a domicilio sit\u00faa al equipo de Galbiati <a href=\"https:\/\/www.elcorreo.com\/deportes\/baloncesto\/euroliga\/clasificacion-resultados-sd.html\" title=\"www.elcorreo.com\" data-voc-vtm-id=\"in-text-traffic\" data-mrf-link=\"www.elcorreo.com\" rel=\"nofollow noopener\" target=\"_blank\">lejos del pelot\u00f3n de destacados de la Euroliga<\/a>. Quiz\u00e1s sea la posici\u00f3n que le corresponde por potencial y disponibilidad econ\u00f3mica, aunque no perdamos la esperanza de que, m\u00e1s pronto que tarde, ese esp\u00edritu rebelde que suele ir pegado al car\u00e1cter Baskonia se traduzca en alguna conquista europea lejos del hogar. La campa\u00f1a estival de captaci\u00f3n de abonados azulgrana versaba sobre la necesidad de creer, m\u00e1s all\u00e1 de argumentos racionales o sesudos an\u00e1lisis baloncest\u00edsticos. En ello seguimos, aunque algunos ya con ganas de sustentar su fe en una doctrina m\u00e1s firme.<\/p>\n<p><img decoding=\"async\" loading=\"lazy\" src=\"https:\/\/www.europesays.com\/es\/wp-content\/uploads\/2025\/11\/BASKONIA - ZALGIRIS-1-ku6G-U240376833185zK-650x455@El Correo.jpg\" class=\"v-a-img\" width=\"650\" height=\"455\" alt=\"\" data-voc-vtm-id=\"in-text-traffic\"\/><\/p>\n<p><img loading=\"lazy\" decoding=\"async\" src=\"https:\/\/www.europesays.com\/es\/wp-content\/uploads\/2025\/11\/BASKONIA - ZALGIRIS-1-ku6G-U240376833185tu-1920x1344@El Correo.jpg\" class=\"v-mdl__img-z\" width=\"1920\" height=\"1344\" alt=\"\"\/><\/p>\n<p class=\"v-p\">Ahora, llega el par\u00f3n competitivo para que las selecciones nacionales luchen en esa suerte de mascarada que son las &#8216;ventanas FIBA&#8217;, en las que casi nunca van los mejores y que, desde la perspectiva azulgrana, sol\u00edan tener el aliciente de contemplar el debut de alg\u00fan jugador con un combinado nacional distante de su lugar de nacimiento. La pasada temporada por estas fechas, se contaban las horas para que llegara el par\u00f3n y que Kamar Baldwin debutara con Georgia y adquiriera la licencia comunitaria.<\/p>\n<p class=\"v-p\">Este a\u00f1o ni eso. La plantilla azulgrana cuenta con cuatro &#8216;extranjeros&#8217; en n\u00f3mina: Markus Howard, Trent Forrest, Markquis Nowell y Kobi Simmons, pero en esta ocasi\u00f3n no habr\u00e1 conversiones de ciudadanos estadounidenses en mercenarios de un poder extranjero. Entre este cuarteto, puede que Forrest tuviera m\u00e1s oportunidades de atraer la atenci\u00f3n de alguna selecci\u00f3n con la que debutar y pasar a ser comunitario, pero aquella lesi\u00f3n que sufri\u00f3 en Par\u00eds a primeros de octubre fue inoportuna hasta con vistas a un posible debut en las ventanas FIBA.<\/p>\n<p class=\"v-p\">Ning\u00fan baskonista estrenar\u00e1 nueva nacionalidad durante esta semana de men\u00fas tan dispares como un Ruanda-Guinea, Polonia-Austria, Jap\u00f3n-China Taipei o un Chile-Brasil, cuatro partidazos correspondientes a los diferentes torneos clasificatorios para la Copa del Mundo de 2027. A la Espa\u00f1a de Chus Mateo, sin representantes de los equipos de Euroliga, le toca en suerte medirse a Dinamarca y Georgia. En este \u00faltimo equipo compite Tornike Shengelia, dispuesto a saltarse el descanso tras el partido de Euroliga en la cancha del Asvel para viajar de inmediato a Tiblisi y medirse a Ucrania como capit\u00e1n del combinado de la antigua rep\u00fablica sovi\u00e9tica. Un guerrero leal a su tierra. Al menos durante esta &#8216;ventana&#8217;, no habr\u00e1 patriotas en el Baskonia.<\/p>\n","protected":false},"excerpt":{"rendered":"La ilusi\u00f3n fue ef\u00edmera. Dur\u00f3 alrededor de 24 minutos, que fue el tiempo en el que el Baskonia&hellip;\n","protected":false},"author":2,"featured_media":260086,"comment_status":"","ping_status":"","sticky":false,"template":"","format":"standard","meta":{"footnotes":""},"categories":[269],"tags":[299,298,4714,168,25,24,65041,12287,23,167],"class_list":{"0":"post-260085","1":"post","2":"type-post","3":"status-publish","4":"format-standard","5":"has-post-thumbnail","7":"category-baloncesto","8":"tag-baloncesto","9":"tag-basketball","10":"tag-baskonia","11":"tag-deportes","12":"tag-es","13":"tag-espana","14":"tag-patriotas","15":"tag-quedan","16":"tag-spain","17":"tag-sports"},"share_on_mastodon":{"url":"https:\/\/pubeurope.com\/@es\/115626742387275127","error":""},"_links":{"self":[{"href":"https:\/\/www.europesays.com\/es\/wp-json\/wp\/v2\/posts\/260085","targetHints":{"allow":["GET"]}}],"collection":[{"href":"https:\/\/www.europesays.com\/es\/wp-json\/wp\/v2\/posts"}],"about":[{"href":"https:\/\/www.europesays.com\/es\/wp-json\/wp\/v2\/types\/post"}],"author":[{"embeddable":true,"href":"https:\/\/www.europesays.com\/es\/wp-json\/wp\/v2\/users\/2"}],"replies":[{"embeddable":true,"href":"https:\/\/www.europesays.com\/es\/wp-json\/wp\/v2\/comments?post=260085"}],"version-history":[{"count":0,"href":"https:\/\/www.europesays.com\/es\/wp-json\/wp\/v2\/posts\/260085\/revisions"}],"wp:featuredmedia":[{"embeddable":true,"href":"https:\/\/www.europesays.com\/es\/wp-json\/wp\/v2\/media\/260086"}],"wp:attachment":[{"href":"https:\/\/www.europesays.com\/es\/wp-json\/wp\/v2\/media?parent=260085"}],"wp:term":[{"taxonomy":"category","embeddable":true,"href":"https:\/\/www.europesays.com\/es\/wp-json\/wp\/v2\/categories?post=260085"},{"taxonomy":"post_tag","embeddable":true,"href":"https:\/\/www.europesays.com\/es\/wp-json\/wp\/v2\/tags?post=260085"}],"curies":[{"name":"wp","href":"https:\/\/api.w.org\/{rel}","templated":true}]}}